{"id":89423,"date":"2020-06-18T16:45:13","date_gmt":"2020-06-18T20:45:13","guid":{"rendered":"https:\/\/linitiative.ca\/International\/nouvelle-marche-du-m5-au-mali\/"},"modified":"2020-06-18T16:45:13","modified_gmt":"2020-06-18T20:45:13","slug":"nouvelle-marche-du-m5-au-mali","status":"publish","type":"post","link":"https:\/\/linitiative.ca\/International\/nouvelle-marche-du-m5-au-mali\/","title":{"rendered":"NOUVELLE MARCHE DU M5 AU MALI"},"content":{"rendered":"<div class=\"stream-item stream-item-above-post-content\">\n<p><noscript><\/p>\n<p><a href=\"\/\/www3.smartadserver.com\/ac?jump=1&amp;nwid=2136&amp;siteid=240610&amp;pgname=rg&amp;fmtid=49046&amp;visit=m&amp;tmstp=[timestamp]&amp;out=nonrich\" target=\"_blank\" rel=\"noopener noreferrer\"><img decoding=\"async\" src=\"http:\/\/www3.smartadserver.com\/ac?out=nonrich&amp;nwid=2136&amp;siteid=240610&amp;pgname=rg&amp;fmtid=49046&amp;visit=m&amp;tmstp=[timestamp]\" border=\"0\" alt=\"\"\/><\/a><\/p>\n<p><\/noscript><\/div>\n<p class=\"c3\"><em>Ce matin, la rue reprend du service \u00e0 Bamako, au Mali, suite \u00e0 un nouvel appel \u00e0 manifester des leaders du Mouvement du 5 Juin-Rassemblement des forces patriotiques. L\u2019iman Mahmoud Dicko et ses compagnons maintiennent donc leurs portes ferm\u00e9es et ce en d\u00e9pit de l\u2019offre de dialogue du pr\u00e9sident Ibrahim Boubacar Keita (IBK) et de toutes les initiatives de m\u00e9diation entreprises de l\u2019int\u00e9rieur comme de l\u2019ext\u00e9rieur du pays. En face, le pouvoir a, malgr\u00e9 tout, \u00e9vit\u00e9 le pi\u00e8ge de l\u2019escalade en autorisant la marche.<\/em> <em>Cette nouvelle journ\u00e9e de manifestation constitue donc un important test pour les deux camps rivaux. Pour l\u2019iman Dicko, ce sera un test de mobilisation qui lui permettra de s\u2019assurer encore de ses soutiens, apr\u00e8s la proposition, par le chef de l\u2019Etat, de former un gouvernement d\u2019union nationale, qui fait saliver certaines formations politiques de son mouvement, et les mesures sociales en faveur du monde enseignant et du personnel soignant. Pour IBK qui va suivre la manifestation de tr\u00e8s pr\u00e8s, ce sera l\u2019occasion de mesurer les effets de ses annonces sur la rue, pour d\u00e9cider de la conduite \u00e0 tenir. En cas de forte mobilisation, il saura qu\u2019il devra faire plus en termes de mesures \u00e0 prendre pour desserrer l\u2019\u00e9tau autour de lui. Dans le cas contraire, il pourra compter sur l\u2019effritement de la base sociale du mouvement pour gagner les manifestants \u00e0 l\u2019usure.\u00a0<\/em> <em>En attendant donc de voir si les Maliens r\u00e9pondront \u00e0 l\u2019appel de la rue, l\u2019on peut se poser des questions sur les motivations r\u00e9elles de l\u2019iman Mahmoud Dicko qui, jusque-l\u00e0, refuse de saisir la main tendue du pr\u00e9sident de la R\u00e9publique. Bien malin qui saurait lire dans les pens\u00e9es de l\u2019homme. Mais son radicalisme apporte de l\u2019eau au moulin de ses d\u00e9tracteurs qui pensent qu\u2019il pr\u00e9pare le lit de l\u2019instabilit\u00e9 institutionnelle favorable aux mouvements djihadistes.<\/em><\/p>\n<p class=\"c3\"><strong><em>C\u2019est quand le mur de la coh\u00e9sion sociale pr\u00e9sente des l\u00e9zardes que vip\u00e8res et autres cancrelats peuvent y trouver refuge<\/em><\/strong><\/p>\n<p class=\"c3\"><em>D\u2019aucuns n\u2019h\u00e9sitent m\u00eame pas \u00e0 franchir le Rubicon en l\u2019accusant d\u2019\u00eatre de m\u00e8che avec tous ces groupes arm\u00e9s qui refusent la forme r\u00e9publicaine de l\u2019Etat et r\u00eavent de faire du Mali, un califat au Sahel. En tout cas, son attitude, pour le moins que l\u2019on puisse dire, peut para\u00eetre curieuse pour un homme de Dieu qui refuse de faire la paix avec un adversaire qui lui tend la main. Mais tout cela n\u2019est peut-\u00eatre que proc\u00e8s d\u2019intention. Peut-\u00eatre Mahmoud Dicko maintient-il le cap pour arracher du pouvoir plus de concessions parce que, jusque-l\u00e0, les mesures annonc\u00e9es par IBK restent encore largement en de\u00e7\u00e0 des attentes. On le sait, en effet, aucune proposition concr\u00e8te n\u2019est faite pour r\u00e9soudre les probl\u00e8mes de gouvernance que d\u00e9nonce la rue, en l\u2019occurrence la corruption end\u00e9mique, les d\u00e9tournements de deniers publics et l\u2019insuffisance de r\u00e9sultats sur le front de la lutte contre l\u2019ins\u00e9curit\u00e9. Mais quelles que soient les motivations de l\u2019homme de Dieu, il doit faire attention \u00e0 ne pas trop tirer sur la corde au risque de la casser. Il doit, en effet, prendre conscience des risques qu\u2019il court et fait courir au Mali tout entier.<\/em> <em>En effet, Mahmoud Dicko doit savoir compter avec le fait que l\u2019on ne peut maintenir ind\u00e9finiment debout la rue et qu\u2019il s\u2019expose \u00e0 la revanche du pouvoir si le mouvement venait \u00e0 s\u2019essouffler. Par ailleurs, il oublie que les manifestations qu\u2019il organise, peuvent \u00eatre infiltr\u00e9es et donner lieu \u00e0 des sc\u00e8nes de violences dont l\u2019opinion ne manquera pas de lui faire porter la responsabilit\u00e9. De fa\u00e7on plus g\u00e9n\u00e9rale, ces manifestations d\u00e9t\u00e9riorent le tissu social du Mali et comme on le sait, c\u2019est quand le mur de la coh\u00e9sion sociale pr\u00e9sente des l\u00e9zardes que vip\u00e8res et autres cancrelats peuvent y trouver refuge. Et cela est particuli\u00e8rement vrai pour le Mali qui a mal \u00e0 son unit\u00e9 nationale depuis la r\u00e9bellion touar\u00e8gue, l\u2019av\u00e8nement des groupes djihadistes et l\u2019explosion des violences intercommunautaires.<\/em> <em>Cela dit, cette nouvelle manif continue de mettre la pression sur IBK qui doit comprendre qu\u2019il n\u2019en fait pas suffisamment, m\u00eame si l\u2019on comprend qu\u2019il n\u2019est pas aid\u00e9 par l\u2019avalanche des \u00e9v\u00e8nements qui lui tombent sur la t\u00eate comme des tuiles : attaque de Bouka Wer\u00e9, enl\u00e8vements de sous-pr\u00e9fets, etc. Il doit prendre le courage, m\u00eame \u00e0 son corps d\u00e9fendant, de donner le coup de pied tant attendu dans la fourmili\u00e8re. Non seulement il \u00f4terait ainsi un argument de plus \u00e0 ses adversaires, mais cela lui permettrait aussi de mettre \u00e0 nu les vell\u00e9it\u00e9s putschistes de ceux qui font de sa d\u00e9mission, un pr\u00e9alable \u00e0 tout dialogue.<\/em><\/p>\n<p class=\"c3\"><strong><em>SAHO<\/em><\/strong><\/p>\n<p>Auteur: Le Pays<br \/>\n<a href=\"http:\/\/lepays.bf\/nouvelle-marche-du-m5-au-mali\/\">Cliquez ici pour lire l&rsquo;article depuis sa source.<\/a><\/p>\n","protected":false},"excerpt":{"rendered":"<p>Ce matin, la rue reprend du service \u00e0 Bamako, au Mali, suite \u00e0 un nouvel appel \u00e0 manifester des leaders du Mouvement du 5 Juin-Rassemblement des forces patriotiques. L\u2019iman Mahmoud Dicko et ses compagnons maintiennent donc leurs portes ferm\u00e9es et ce en d\u00e9pit de l\u2019offre de dialogue du pr\u00e9sident Ibrahim Boubacar Keita (IBK) et de [&hellip;]<\/p>\n","protected":false},"author":1813,"featured_media":0,"comment_status":"closed","ping_status":"closed","sticky":false,"template":"","format":"standard","meta":{"fifu_image_url":"","fifu_image_alt":"","footnotes":""},"categories":[73,81],"tags":[],"class_list":["post-89423","post","type-post","status-publish","format-standard","hentry","category-actualite","category-burkina-faso"],"_links":{"self":[{"href":"https:\/\/linitiative.ca\/International\/wp-json\/wp\/v2\/posts\/89423","targetHints":{"allow":["GET"]}}],"collection":[{"href":"https:\/\/linitiative.ca\/International\/wp-json\/wp\/v2\/posts"}],"about":[{"href":"https:\/\/linitiative.ca\/International\/wp-json\/wp\/v2\/types\/post"}],"author":[{"embeddable":true,"href":"https:\/\/linitiative.ca\/International\/wp-json\/wp\/v2\/users\/1813"}],"replies":[{"embeddable":true,"href":"https:\/\/linitiative.ca\/International\/wp-json\/wp\/v2\/comments?post=89423"}],"version-history":[{"count":0,"href":"https:\/\/linitiative.ca\/International\/wp-json\/wp\/v2\/posts\/89423\/revisions"}],"wp:attachment":[{"href":"https:\/\/linitiative.ca\/International\/wp-json\/wp\/v2\/media?parent=89423"}],"wp:term":[{"taxonomy":"category","embeddable":true,"href":"https:\/\/linitiative.ca\/International\/wp-json\/wp\/v2\/categories?post=89423"},{"taxonomy":"post_tag","embeddable":true,"href":"https:\/\/linitiative.ca\/International\/wp-json\/wp\/v2\/tags?post=89423"}],"curies":[{"name":"wp","href":"https:\/\/api.w.org\/{rel}","templated":true}]}}