{"id":89424,"date":"2020-06-18T10:48:13","date_gmt":"2020-06-18T14:48:13","guid":{"rendered":"https:\/\/linitiative.ca\/International\/covid-19-au-burkina-01-cas-importe-00-guerison-00-deces-a-la-date-du-16-juin-2020\/"},"modified":"2020-06-18T10:48:13","modified_gmt":"2020-06-18T14:48:13","slug":"covid-19-au-burkina-01-cas-importe-00-guerison-00-deces-a-la-date-du-16-juin-2020","status":"publish","type":"post","link":"https:\/\/linitiative.ca\/International\/covid-19-au-burkina-01-cas-importe-00-guerison-00-deces-a-la-date-du-16-juin-2020\/","title":{"rendered":"Covid-19 au Burkina: 01 cas import\u00e9;  00 gu\u00e9rison; 00 d\u00e9c\u00e8s \u00e0 la date du 16 juin 2020"},"content":{"rendered":"<p>Coronavirus (COVID-19) au Burkina FasoA la date du 16 juin 2020, la situation de la maladie \u00e0 Coronavirus au Burkina Faso se pr\u00e9sente comme suit :<\/p>\n<p>84 \u00e9chantillons analys\u00e9s, r\u00e9partis en :<\/p>\n<p>\u2013 10 tests d\u2019agents de sant\u00e9 ;<\/p>\n<p>\u2013 11tests de d\u00e9pistage volontaire ;<\/p>\n<div class=\"td-a-rec td-a-rec-id-content_inline tdi_30_30e td_block_template_1\"><img loading=\"lazy\" decoding=\"async\" class=\"aligncenter size-full wp-image-21314\" src=\"https:\/\/www.sidwaya.info\/wp-content\/uploads\/2020\/04\/Bandeau-Covid-19-Sidwaya-1.jpg\" alt=\"\" width=\"790\" height=\"98\"\/><\/div>\n<p>\u2013 09tests de groupes vuln\u00e9rables ;<\/p>\n<p>\u2013 34 tests de voyageurs ;<\/p>\n<p>\u2013 18 tests de cas suspects ;<\/p>\n<p>\u2013 02 tests de contr\u00f4les ;<\/p>\n<p>Nombre de nouveaux cas confirm\u00e9s : 01 cas import\u00e9 ;<\/p>\n<p>Nombre de gu\u00e9risons : 00, portant \u00e0 810, le total des gu\u00e9risons ;<\/p>\n<p>Nombre de d\u00e9c\u00e8s : 00, total des d\u00e9c\u00e8s 53 ;<\/p>\n<p>Nombre de cas actifs : 37 ;<\/p>\n<p>Nombre de cas confirm\u00e9s depuis le 09 mars 2020 : 900 dont 327 femmes et 573 hommes.<\/p>\n<p>Le gouvernement remercie tous les acteurs pour leur engagement et leur d\u00e9termination dans la lutte contre la COVID-19.<\/p>\n<p>Le gouvernement rappelle que le respect des mesures barri\u00e8res est essentiel pour \u00e9viter la propagation de la maladie \u00e0 Coronavirus.<\/p>\n<p>Auteur: Wamini SIDWAYA<br \/>\n<a href=\"https:\/\/www.sidwaya.info\/blog\/2020\/06\/18\/covid-19-au-burkina-01-cas-importe-00-guerisons-00-deces-a-la-date-du-16-juin-2020\/\">Cliquez ici pour lire l&rsquo;article depuis sa source.<\/a><\/p>\n","protected":false},"excerpt":{"rendered":"<p>Coronavirus (COVID-19) au Burkina FasoA la date du 16 juin 2020, la situation de la maladie \u00e0 Coronavirus au Burkina Faso se pr\u00e9sente comme suit : 84 \u00e9chantillons analys\u00e9s, r\u00e9partis en : \u2013 10 tests d\u2019agents de sant\u00e9 ; \u2013 11tests de d\u00e9pistage volontaire ; \u2013 09tests de groupes vuln\u00e9rables ; \u2013 34 tests de [&hellip;]<\/p>\n","protected":false},"author":1816,"featured_media":89425,"comment_status":"closed","ping_status":"closed","sticky":false,"template":"","format":"standard","meta":{"fifu_image_url":"","fifu_image_alt":"","footnotes":""},"categories":[73,81],"tags":[],"class_list":["post-89424","post","type-post","status-publish","format-standard","has-post-thumbnail","hentry","category-actualite","category-burkina-faso"],"_links":{"self":[{"href":"https:\/\/linitiative.ca\/International\/wp-json\/wp\/v2\/posts\/89424","targetHints":{"allow":["GET"]}}],"collection":[{"href":"https:\/\/linitiative.ca\/International\/wp-json\/wp\/v2\/posts"}],"about":[{"href":"https:\/\/linitiative.ca\/International\/wp-json\/wp\/v2\/types\/post"}],"author":[{"embeddable":true,"href":"https:\/\/linitiative.ca\/International\/wp-json\/wp\/v2\/users\/1816"}],"replies":[{"embeddable":true,"href":"https:\/\/linitiative.ca\/International\/wp-json\/wp\/v2\/comments?post=89424"}],"version-history":[{"count":0,"href":"https:\/\/linitiative.ca\/International\/wp-json\/wp\/v2\/posts\/89424\/revisions"}],"wp:featuredmedia":[{"embeddable":true,"href":"https:\/\/linitiative.ca\/International\/wp-json\/"}],"wp:attachment":[{"href":"https:\/\/linitiative.ca\/International\/wp-json\/wp\/v2\/media?parent=89424"}],"wp:term":[{"taxonomy":"category","embeddable":true,"href":"https:\/\/linitiative.ca\/International\/wp-json\/wp\/v2\/categories?post=89424"},{"taxonomy":"post_tag","embeddable":true,"href":"https:\/\/linitiative.ca\/International\/wp-json\/wp\/v2\/tags?post=89424"}],"curies":[{"name":"wp","href":"https:\/\/api.w.org\/{rel}","templated":true}]}}