{"id":89426,"date":"2020-06-18T14:18:06","date_gmt":"2020-06-18T18:18:06","guid":{"rendered":"https:\/\/linitiative.ca\/International\/covid-19-la-banque-mondiale-debloque-un-pret-de-48-millions-de-dollars-en-faveur-du-maroc\/"},"modified":"2020-06-18T14:18:06","modified_gmt":"2020-06-18T18:18:06","slug":"covid-19-la-banque-mondiale-debloque-un-pret-de-48-millions-de-dollars-en-faveur-du-maroc","status":"publish","type":"post","link":"https:\/\/linitiative.ca\/International\/covid-19-la-banque-mondiale-debloque-un-pret-de-48-millions-de-dollars-en-faveur-du-maroc\/","title":{"rendered":"Covid-19 : La Banque Mondiale d\u00e9bloque un pr\u00eat de 48 millions de dollars en faveur du Maroc  \u00a0"},"content":{"rendered":"<div readability=\"32\">\n<p>Publi\u00e9 le 18.06.2020 \u00e0 19h18 par APA News<\/p>\n<\/div>\n<div readability=\"84\">\n<p>La Banque Mondiale vient d\u2019approuver un pr\u00eat de 48 millions de dollars qui aidera le Maroc \u00e0 g\u00e9rer les effets de la pand\u00e9mie de Covid-19, au sortir des mesures strictes de confinement, indique un communiqu\u00e9 de l\u2019institution de Bretton Woods.<\/p>\n<p>\u00a0Ce pr\u00eat s\u2019inscrit dans le cadre d\u2019un financement approuv\u00e9 en 2015 sous la forme d\u2019un programme ax\u00e9 sur les r\u00e9sultats (PforR) et destin\u00e9 \u00e0 appuyer les services de sant\u00e9 primaire. A travers un exercice de restructuration de projet, une enveloppe de 13,01 millions de dollars de financements non encore d\u00e9caiss\u00e9s au titre de ce programme sera compl\u00e9t\u00e9e de 35 millions de dollars suppl\u00e9mentaires allou\u00e9s par le m\u00e9canisme d\u2019aide acc\u00e9l\u00e9r\u00e9e mis en place par la Banque Mondiale face \u00e0 la pand\u00e9mie de Covid-19 (FTCF).<\/p>\n<p>Ces fonds viendront soutenir la r\u00e9ponse sanitaire des pouvoirs publics en renfor\u00e7ant la pr\u00e9vention, la d\u00e9tection, la surveillance et la gestion des cas.<\/p>\n<p>\u00abLe gouvernement a d\u00e9j\u00e0 pris des mesures significatives pour contrer l\u2019\u00e9pid\u00e9mie et att\u00e9nuer son impact sur les secteurs et les m\u00e9nages vuln\u00e9rables\u00bb, souligne Jesko Hentschel, directeur des op\u00e9rations de la Banque Mondiale pour le Maghreb, cit\u00e9 par le communiqu\u00e9.<\/p>\n<p>\u00ab Le pays entre \u00e0 pr\u00e9sent dans une phase d\u00e9licate qui exigera la poursuite d\u2019efforts importants en vue de contenir l\u2019\u00e9pid\u00e9mie et de mobiliser des ressources pour financer la r\u00e9ponse sanitaire. Ce financement est destin\u00e9 \u00e0 apporter des ressources suppl\u00e9mentaires qui permettront au Maroc d\u2019am\u00e9liorer ses capacit\u00e9s de test et de mettre en place des solutions de pr\u00e9vention contre la propagation du virus\u00bb, a-t-il ajout\u00e9.<\/p>\n<p>Le pr\u00eat permettra d\u2019amplifier les efforts de priorisation budg\u00e9taire du minist\u00e8re de la sant\u00e9 pendant cette crise et de renforcer la pr\u00e9paration des h\u00f4pitaux \u00e0 l\u2019urgence sanitaire et soutiendra l\u2019achat de m\u00e9dicaments, d\u2019\u00e9quipements et de produits m\u00e9dicaux.<\/p>\n<p>Elle financera \u00e9galement l\u2019acquisition d\u2019\u00e9quipements techniques et m\u00e9dicaux destin\u00e9s aux laboratoires et aux h\u00f4pitaux accr\u00e9dit\u00e9s pour la prise en charge des cas de Covid-19, tout en d\u00e9veloppant les capacit\u00e9s de test et la gestion des cas.<\/p>\n<p>Dans cette phase critique, le pays devra assurer un d\u00e9pistage massif afin d\u2019aplanir rapidement la courbe de l\u2019\u00e9pid\u00e9mie et de permettre ainsi la r\u00e9ouverture de l\u2019\u00e9conomie, est-il pr\u00e9cis\u00e9.<\/p>\n<p>En outre, le pr\u00eat de la banque mondiale apportera des ressources suppl\u00e9mentaires en faveur de l\u2019\u00e9quipement et de la formation des agents de sant\u00e9. \u00ab Les personnels de sant\u00e9 ont \u00e9t\u00e9 en premi\u00e8re ligne de la lutte contre la crise du coronavirus. Il est capital de limiter au maximum les risques auxquels ils sont expos\u00e9s et de les \u00e9quiper pour cela en mat\u00e9riel d\u2019hygi\u00e8ne et de protection; l\u2019appui de la Banque Mondiale y contribuera \u00bb, ajoute Aissatou Diack, sp\u00e9cialiste senior de la sant\u00e9 et co-responsable du projet.<\/p>\n<\/div>\n<p>Auteur: APA News<br \/>\n<a href=\"https:\/\/www.journalducameroun.com\/covid-19-la-banque-mondiale-debloque-un-pret-de-48-millions-de-dollars-en-faveur-du-maroc\/\">Cliquez ici pour lire l&rsquo;article depuis sa source.<\/a><\/p>\n","protected":false},"excerpt":{"rendered":"<p>Publi\u00e9 le 18.06.2020 \u00e0 19h18 par APA News La Banque Mondiale vient d\u2019approuver un pr\u00eat de 48 millions de dollars qui aidera le Maroc \u00e0 g\u00e9rer les effets de la pand\u00e9mie de Covid-19, au sortir des mesures strictes de confinement, indique un communiqu\u00e9 de l\u2019institution de Bretton Woods. \u00a0Ce pr\u00eat s\u2019inscrit dans le cadre d\u2019un [&hellip;]<\/p>\n","protected":false},"author":1965,"featured_media":0,"comment_status":"closed","ping_status":"closed","sticky":false,"template":"","format":"standard","meta":{"fifu_image_url":"","fifu_image_alt":"","footnotes":""},"categories":[73,82],"tags":[],"class_list":["post-89426","post","type-post","status-publish","format-standard","hentry","category-actualite","category-cameroun"],"_links":{"self":[{"href":"https:\/\/linitiative.ca\/International\/wp-json\/wp\/v2\/posts\/89426","targetHints":{"allow":["GET"]}}],"collection":[{"href":"https:\/\/linitiative.ca\/International\/wp-json\/wp\/v2\/posts"}],"about":[{"href":"https:\/\/linitiative.ca\/International\/wp-json\/wp\/v2\/types\/post"}],"author":[{"embeddable":true,"href":"https:\/\/linitiative.ca\/International\/wp-json\/wp\/v2\/users\/1965"}],"replies":[{"embeddable":true,"href":"https:\/\/linitiative.ca\/International\/wp-json\/wp\/v2\/comments?post=89426"}],"version-history":[{"count":0,"href":"https:\/\/linitiative.ca\/International\/wp-json\/wp\/v2\/posts\/89426\/revisions"}],"wp:attachment":[{"href":"https:\/\/linitiative.ca\/International\/wp-json\/wp\/v2\/media?parent=89426"}],"wp:term":[{"taxonomy":"category","embeddable":true,"href":"https:\/\/linitiative.ca\/International\/wp-json\/wp\/v2\/categories?post=89426"},{"taxonomy":"post_tag","embeddable":true,"href":"https:\/\/linitiative.ca\/International\/wp-json\/wp\/v2\/tags?post=89426"}],"curies":[{"name":"wp","href":"https:\/\/api.w.org\/{rel}","templated":true}]}}