{"id":89428,"date":"2020-06-18T16:03:12","date_gmt":"2020-06-18T20:03:12","guid":{"rendered":"https:\/\/linitiative.ca\/International\/cameroun-vision-4-donne-sa-version-sur-linterpellation-dernest-obama\/"},"modified":"2020-06-18T16:03:12","modified_gmt":"2020-06-18T20:03:12","slug":"cameroun-vision-4-donne-sa-version-sur-linterpellation-dernest-obama","status":"publish","type":"post","link":"https:\/\/linitiative.ca\/International\/cameroun-vision-4-donne-sa-version-sur-linterpellation-dernest-obama\/","title":{"rendered":"Cameroun: Vision 4 donne sa version sur l\u2019interpellation d\u2019Ernest Obama"},"content":{"rendered":"<div readability=\"32\">\n<p>Publi\u00e9 le 18.06.2020 \u00e0 21h03 par JournalduCameroun.com<\/p>\n<\/div>\n<div readability=\"65\">\n<h2>L\u2019ex-directeur de la t\u00e9l\u00e9vision priv\u00e9e lanc\u00e9e par Amougou Belinga a \u00e9t\u00e9 effectivement arr\u00eat\u00e9 par la gendarmerie jeudi matin et mis en \u201cexploitation\u201d au SED. \u201cAbus de confiance\u201d, \u201cd\u00e9tournement de fonds\u201d, initiateur de \u201ccoups bas\u201d contre son patron\u2026 et d\u2019autres griefs pr\u00e9sent\u00e9s par la cha\u00eene<\/h2>\n<p><span class=\"c6\">Comme c\u2019est devenu de coutume pour les employ\u00e9s de<\/span> <strong>Vision 4<\/strong> <span class=\"c6\">qui tombent en disgr\u00e2ce aupr\u00e8s du promoteur,<\/span> <strong>Ernest Obama<\/strong> <span class=\"c6\">n\u2019a pas manqu\u00e9 lui aussi, ce 18 juin, de passer \u00e0 la trappe au rituel du 20h, qui permet \u00e0 la cha\u00eene de t\u00e9l\u00e9vision priv\u00e9e d\u2019humilier publiquement ses ex-patrons ou collaborateurs au cours du journal de la soir\u00e9e.<\/span><\/p>\n<p><span class=\"c6\">Dans un compte rendu donn\u00e9 par la r\u00e9dactrice en chef adjointe de Vision 4,<\/span> <strong>Salamatou Badiang<\/strong><span class=\"c6\">, au cours du journal pr\u00e9sent\u00e9 par<\/span> <strong>Jean Jacques Ze<\/strong> <span class=\"c6\">ce jeudi, l\u2019on apprend que<\/span> <strong>Dieudonn\u00e9 Ernest Obama Nana<\/strong> <span class=\"c6\">a \u00e9t\u00e9 effectivement interpell\u00e9 ce jour en matin\u00e9e \u00e0 son lieu de service \u2013 dans le reportage on le voit monter dans un pick-up sans ses chaussures \u2013 par la<\/span> <strong>Brigade d\u2019Efoulan<\/strong>;<span class=\"c6\">avant d\u2019\u00eatre conduit au Secr\u00e9tariat d\u2019Etat \u00e0 la d\u00e9fense (<\/span><strong>SED<\/strong><span class=\"c6\">) en charge de la gendarmerie pour<\/span> <em><span class=\"c6\">\u201cexploitation\u201d.<\/span><\/em><\/p>\n<p><span class=\"c6\">Celui que la cha\u00eene de t\u00e9l\u00e9vision pr\u00e9sente d\u00e9sormais comme ayant fait parti de ses effectifs au pass\u00e9 (ex-directeur g\u00e9n\u00e9ral de la TV, ex-directeur des r\u00e9dactions du groupe l\u2019Anecdote, ex-journaliste, etc.) est poursuivi pour plusieurs motifs, entre autres: l\u2019<\/span><em><span class=\"c6\">\u201cabus de confiance\u201d<\/span><\/em><span class=\"c6\">; des soup\u00e7ons de<\/span> <em><span class=\"c6\">\u201cfomenter des coups bas\u201d<\/span><\/em> <span class=\"c6\">avec certaines personnalit\u00e9s de la R\u00e9publique pour<\/span> <em><span class=\"c6\">\u201cnuire\u201d<\/span><\/em> <span class=\"c6\">\u00e0 son employeur; la divulgation d\u2019<\/span><em><span class=\"c6\">\u201cinfos strat\u00e9giques\u201d<\/span><\/em> <span class=\"c6\">du Groupe \u00e0 des activistes pour relais dans les r\u00e9seaux sociaux; de nombreuses<\/span> <em><span class=\"c6\">\u201cfrasques\u201d<\/span><\/em> <span class=\"c6\">dont le<\/span> <em><span class=\"c6\">\u201cd\u00e9tournement\u201d<\/span><\/em> <span class=\"c6\">d\u2019argent destin\u00e9 \u00e0 l\u2019achat de mat\u00e9riel pour la cha\u00eene de t\u00e9l\u00e9vision.<\/span><\/p>\n<p><span class=\"c6\">Ernest Obama, qui a toujours d\u00e9fendu mordicus le chef de l\u2019Etat Paul Biya, est m\u00eame soup\u00e7onn\u00e9 \u2013 selon l\u2019\u00e9l\u00e9ment diffus\u00e9 au journal de Vision 4 \u2013 de vouloir torpiller l\u2019action de certains membres du gouvernement et du pr\u00e9sident de la R\u00e9publique.<\/span><\/p>\n<p><span class=\"c6\">Pour le moment, la version du concern\u00e9 ou de ses avocats n\u2019a pas encore \u00e9t\u00e9 rendue publique.<\/span><\/p>\n<\/div>\n<p>Auteur: Eug\u00e8ne SHEMA<br \/>\n<a href=\"https:\/\/www.journalducameroun.com\/vision-4-donne-version-interp-ernest-obama\/\">Cliquez ici pour lire l&rsquo;article depuis sa source.<\/a><\/p>\n","protected":false},"excerpt":{"rendered":"<p>Publi\u00e9 le 18.06.2020 \u00e0 21h03 par JournalduCameroun.com L\u2019ex-directeur de la t\u00e9l\u00e9vision priv\u00e9e lanc\u00e9e par Amougou Belinga a \u00e9t\u00e9 effectivement arr\u00eat\u00e9 par la gendarmerie jeudi matin et mis en \u201cexploitation\u201d au SED. \u201cAbus de confiance\u201d, \u201cd\u00e9tournement de fonds\u201d, initiateur de \u201ccoups bas\u201d contre son patron\u2026 et d\u2019autres griefs pr\u00e9sent\u00e9s par la cha\u00eene Comme c\u2019est devenu de [&hellip;]<\/p>\n","protected":false},"author":1965,"featured_media":0,"comment_status":"closed","ping_status":"closed","sticky":false,"template":"","format":"standard","meta":{"fifu_image_url":"","fifu_image_alt":"","footnotes":""},"categories":[73,82],"tags":[],"class_list":["post-89428","post","type-post","status-publish","format-standard","hentry","category-actualite","category-cameroun"],"_links":{"self":[{"href":"https:\/\/linitiative.ca\/International\/wp-json\/wp\/v2\/posts\/89428","targetHints":{"allow":["GET"]}}],"collection":[{"href":"https:\/\/linitiative.ca\/International\/wp-json\/wp\/v2\/posts"}],"about":[{"href":"https:\/\/linitiative.ca\/International\/wp-json\/wp\/v2\/types\/post"}],"author":[{"embeddable":true,"href":"https:\/\/linitiative.ca\/International\/wp-json\/wp\/v2\/users\/1965"}],"replies":[{"embeddable":true,"href":"https:\/\/linitiative.ca\/International\/wp-json\/wp\/v2\/comments?post=89428"}],"version-history":[{"count":0,"href":"https:\/\/linitiative.ca\/International\/wp-json\/wp\/v2\/posts\/89428\/revisions"}],"wp:attachment":[{"href":"https:\/\/linitiative.ca\/International\/wp-json\/wp\/v2\/media?parent=89428"}],"wp:term":[{"taxonomy":"category","embeddable":true,"href":"https:\/\/linitiative.ca\/International\/wp-json\/wp\/v2\/categories?post=89428"},{"taxonomy":"post_tag","embeddable":true,"href":"https:\/\/linitiative.ca\/International\/wp-json\/wp\/v2\/tags?post=89428"}],"curies":[{"name":"wp","href":"https:\/\/api.w.org\/{rel}","templated":true}]}}