{"id":89434,"date":"2020-06-18T18:18:04","date_gmt":"2020-06-18T22:18:04","guid":{"rendered":"https:\/\/linitiative.ca\/International\/prix-macky-sall-le-cames-prime-un-projet-federateur-sur-le-coronavirus\/"},"modified":"2020-06-18T18:18:04","modified_gmt":"2020-06-18T22:18:04","slug":"prix-macky-sall-le-cames-prime-un-projet-federateur-sur-le-coronavirus","status":"publish","type":"post","link":"https:\/\/linitiative.ca\/International\/prix-macky-sall-le-cames-prime-un-projet-federateur-sur-le-coronavirus\/","title":{"rendered":"Prix Macky Sall: le Cames prime un projet \u00ab f\u00e9d\u00e9rateur \u00bb sur le coronavirus"},"content":{"rendered":"<div readability=\"32\">\n<p>Publi\u00e9 le 18.06.2020 \u00e0 23h18 par APA News<\/p>\n<\/div>\n<div readability=\"138\">\n<p>Le Conseil Africain et Malgache pour l\u2019Enseignement Sup\u00e9rieur (Cames) a d\u00e9cern\u00e9 le premier Prix Macky SALL pour la Recherche au \u00ab\u2009Programme Th\u00e9matique de Recherche \u2014 Sant\u00e9\u2009\u00bb (PTR-Sant\u00e9) pour son \u00e9tude sur la pand\u00e9mie de Covid-19.Le Cames explique, dans un communiqu\u00e9 re\u00e7u jeudi \u00e0 APA, avoir prim\u00e9 ce projet de recherche intitul\u00e9 \u00ab\u2009African Life Story Of COVID-19 (ALSO-COVID 19)\u2009\u00bb pour son caract\u00e8re \u00ab pluridisciplinaire et f\u00e9d\u00e9rateur \u00bb.<\/p>\n<p>Le PTR-Sant\u00e9 est coordonn\u00e9 par Fatou Bintou Sarr, professeure titulaire \u00e0 l\u2019Universit\u00e9 de Thi\u00e8s du S\u00e9n\u00e9gal.<\/p>\n<p>Au total sept dossiers de candidatures ont \u00e9t\u00e9 re\u00e7us dans les champs th\u00e9matiques suivants : Changements climatiques (CC), \u00c9nergie (E), Gouvernance et D\u00e9veloppement (GD), Langues, Soci\u00e9t\u00e9, Culture et Civilisations (LSCC), Pharmacop\u00e9e et M\u00e9decine, Traditionnelles Africaines (PMTA), Sant\u00e9 (S)\u2009et S\u00e9curit\u00e9 alimentaire et Nutrition (SAN).<\/p>\n<p>Le Prix Macky SALL pour la Recherche, attribu\u00e9 pour la premi\u00e8re fois, est dot\u00e9 cette ann\u00e9e d\u2019un montant total de 60 millions de francs CFA. Il a \u00e9t\u00e9 con\u00e7u comme un fonds d\u2019amorce, pour f\u00e9d\u00e9rer les projets des Programmes th\u00e9matiques de recherche du Cames (PTRC) li\u00e9s \u00e0 la pand\u00e9mie du Covid-19 et amener les enseignants-chercheurs et chercheurs de l\u2019Espace CAMES, \u00e0 travailler en r\u00e9seaux multipays et \u00e0 s\u2019appr\u00eater \u00e0 r\u00e9pondre aux appels \u00e0 projets compl\u00e9tifs \u00e0 l\u2019international, selon le communiqu\u00e9.<\/p>\n<p>Par ailleurs, le PTR-Sant\u00e9 vise \u00e0 \u00ab\u2009mieux comprendre la dynamique de la Covid-19, dans les pays de l\u2019espace Cames et en tirer des le\u00e7ons pour accro\u00eetre leur r\u00e9silience face aux maladies \u00e9mergentes\u2009\u00bb.<\/p>\n<p>Ainsi, son projet ALSO-COVID 19 devra permettre d\u2019acqu\u00e9rir une meilleure compr\u00e9hension du profil \u00e9pid\u00e9miologique, physiopathologique, clinique, socioculturel et \u00e9conomique de cette pand\u00e9mie dans notre espace, pour une riposte adapt\u00e9e et efficace, explique le Conseil.<\/p>\n<p>Il ajoute que les r\u00e9sultats attendus de ce projet conduiront \u00e0 la mise en place d\u2019une surveillance syst\u00e9matique, des diagnostics justes et des strat\u00e9gies d\u2019intervention clairement d\u00e9finies et pourront aussi contribuer \u00e0 b\u00e2tir un meilleur syst\u00e8me de pr\u00e9vention et de gestion efficace des pathog\u00e8nes \u00e9mergents en Afrique.<\/p>\n<p>Sur le continent, la pand\u00e9mie de coronavirus a fait plus de 260.000 victimes dont quelque 7200 morts sur un bilan mondial de 8,4 millions de cas et plus de 450.000 d\u00e9c\u00e8s.<\/p>\n<p>La remise publique du Prix Macky SALL pour la Recherche aura lieu par visioconf\u00e9rence, le 26 juin 2020, \u00e0 14 heures et en pr\u00e9sentiel \u00e0 une date ult\u00e9rieure, dans un cadre solennel, souligne le Cames.<\/p>\n<p>Cr\u00e9\u00e9 en 1968, cette institution r\u00e9gionale et intergouvernementale de coordination et d\u2019harmonisation des politiques d\u2019enseignement sup\u00e9rieur et de recherche regroupe 19 \u00c9tats membres que sont : B\u00e9nin, Burkina Faso, Burundi, Cameroun, Centrafrique, Congo, C\u00f4te d\u2019Ivoire, Gabon, Guin\u00e9e, Guin\u00e9e-Bissau, Guin\u00e9e \u00c9quatoriale, Madagascar, Mali, Niger, R\u00e9publique D\u00e9mocratique du Congo, Rwanda, Tchad, S\u00e9n\u00e9gal et Togo.<\/p>\n<p>Le Cames est \u00e9galement un vaste r\u00e9seau de plus d\u2019une centaine d\u2019universit\u00e9s et centres de recherche publics et priv\u00e9s, r\u00e9partis entre l\u2019Afrique Centrale, l\u2019Afrique de l\u2019Ouest, la r\u00e9gion des Grands Lacs et de l\u2019oc\u00e9an Indien.<\/p>\n<p>Il \u0153uvre pour la reconnaissance et l\u2019\u00e9quivalence des dipl\u00f4mes dans les \u00c9tats partis et au-del\u00e0, pour la promotion et la qualification des enseignants-chercheurs et chercheurs sur la base d\u2019un m\u00eame r\u00e9f\u00e9rentiel d\u2019\u00e9valuation, faisant de lui \u00e0 cet \u00e9gard un mod\u00e8le unique au monde, ainsi que pour la mobilit\u00e9 et l\u2019employabilit\u00e9 des enseignants-chercheurs et des \u00e9tudiants, rappelle le document.<\/p>\n<\/div>\n<p>Auteur: APA News<br \/>\n<a href=\"https:\/\/www.journalducameroun.com\/prix-macky-sall-le-cames-prime-un-projet-federateur-sur-le-coronavirus\/\">Cliquez ici pour lire l&rsquo;article depuis sa source.<\/a><\/p>\n","protected":false},"excerpt":{"rendered":"<p>Publi\u00e9 le 18.06.2020 \u00e0 23h18 par APA News Le Conseil Africain et Malgache pour l\u2019Enseignement Sup\u00e9rieur (Cames) a d\u00e9cern\u00e9 le premier Prix Macky SALL pour la Recherche au \u00ab\u2009Programme Th\u00e9matique de Recherche \u2014 Sant\u00e9\u2009\u00bb (PTR-Sant\u00e9) pour son \u00e9tude sur la pand\u00e9mie de Covid-19.Le Cames explique, dans un communiqu\u00e9 re\u00e7u jeudi \u00e0 APA, avoir prim\u00e9 ce [&hellip;]<\/p>\n","protected":false},"author":1965,"featured_media":0,"comment_status":"closed","ping_status":"closed","sticky":false,"template":"","format":"standard","meta":{"fifu_image_url":"","fifu_image_alt":"","footnotes":""},"categories":[73,82],"tags":[],"class_list":["post-89434","post","type-post","status-publish","format-standard","hentry","category-actualite","category-cameroun"],"_links":{"self":[{"href":"https:\/\/linitiative.ca\/International\/wp-json\/wp\/v2\/posts\/89434","targetHints":{"allow":["GET"]}}],"collection":[{"href":"https:\/\/linitiative.ca\/International\/wp-json\/wp\/v2\/posts"}],"about":[{"href":"https:\/\/linitiative.ca\/International\/wp-json\/wp\/v2\/types\/post"}],"author":[{"embeddable":true,"href":"https:\/\/linitiative.ca\/International\/wp-json\/wp\/v2\/users\/1965"}],"replies":[{"embeddable":true,"href":"https:\/\/linitiative.ca\/International\/wp-json\/wp\/v2\/comments?post=89434"}],"version-history":[{"count":0,"href":"https:\/\/linitiative.ca\/International\/wp-json\/wp\/v2\/posts\/89434\/revisions"}],"wp:attachment":[{"href":"https:\/\/linitiative.ca\/International\/wp-json\/wp\/v2\/media?parent=89434"}],"wp:term":[{"taxonomy":"category","embeddable":true,"href":"https:\/\/linitiative.ca\/International\/wp-json\/wp\/v2\/categories?post=89434"},{"taxonomy":"post_tag","embeddable":true,"href":"https:\/\/linitiative.ca\/International\/wp-json\/wp\/v2\/tags?post=89434"}],"curies":[{"name":"wp","href":"https:\/\/api.w.org\/{rel}","templated":true}]}}