{"id":89442,"date":"2020-06-18T19:11:49","date_gmt":"2020-06-18T23:11:49","guid":{"rendered":"https:\/\/linitiative.ca\/International\/adama-drame-artiste-musicien-le-colonel-mamadou-djerma-est-reste-attache-a-sa-culture\/"},"modified":"2020-06-18T19:11:49","modified_gmt":"2020-06-18T23:11:49","slug":"adama-drame-artiste-musicien-le-colonel-mamadou-djerma-est-reste-attache-a-sa-culture","status":"publish","type":"post","link":"https:\/\/linitiative.ca\/International\/adama-drame-artiste-musicien-le-colonel-mamadou-djerma-est-reste-attache-a-sa-culture\/","title":{"rendered":"Adama Dram\u00e9, artiste-musicien : \u00ab\u00a0 Le colonel Mamadou Djerma  est rest\u00e9 attach\u00e9 \u00e0 sa culture\u00a0\u00bb"},"content":{"rendered":"<div class=\"td-post-featured-image\" readability=\"34\"><a href=\"https:\/\/www.sidwaya.info\/wp-content\/uploads\/2020\/06\/djerma.jpg\" data-caption=\"Adama Dram&#xE9;, fondateur du studio Salifou14, inaugur&#xE9; en 2003.\"><img loading=\"lazy\" decoding=\"async\" width=\"696\" height=\"518\" class=\"entry-thumb td-modal-image\" src=\"https:\/\/www.sidwaya.info\/wp-content\/uploads\/2020\/06\/djerma-696x518.jpg\" srcset=\"https:\/\/www.sidwaya.info\/wp-content\/uploads\/2020\/06\/djerma-696x518.jpg 696w, https:\/\/www.sidwaya.info\/wp-content\/uploads\/2020\/06\/djerma-300x223.jpg 300w, https:\/\/www.sidwaya.info\/wp-content\/uploads\/2020\/06\/djerma-485x360.jpg 485w, https:\/\/www.sidwaya.info\/wp-content\/uploads\/2020\/06\/djerma-564x420.jpg 564w, https:\/\/www.sidwaya.info\/wp-content\/uploads\/2020\/06\/djerma-80x60.jpg 80w, https:\/\/www.sidwaya.info\/wp-content\/uploads\/2020\/06\/djerma-265x198.jpg 265w, https:\/\/www.sidwaya.info\/wp-content\/uploads\/2020\/06\/djerma.jpg 700w\" sizes=\"auto, (max-width: 696px) 100vw, 696px\" alt=\"\" title=\"djerma\"\/><\/a>Adama Dram\u00e9, fondateur du studio Salifou14, inaugur\u00e9 en 2003.<\/div>\n<p><strong>Adama Dram\u00e9, un percussionniste de renom qui ne se pr\u00e9sente plus au Faso et fondateur du studio d\u2019enregistrement \u00ab\u00a0Salifou 14\u00a0\u00bb est le seul artiste ayant d\u00e9di\u00e9 un titre et baptis\u00e9 un album au colonel Mamadou Djerma d\u00e9c\u00e9d\u00e9 dans la nuit du 11 au 12 juin 2020 \u00e0 Bobo-Dioulasso. Dans l\u2019interview qu\u2019il nous a accord\u00e9e, Adama Dram\u00e9 parle de ses liens avec feu le Colonel Mamadou Djerma et des actions qu\u2019il a pos\u00e9es.<\/strong><\/p>\n<p><strong>Sidwaya(S)\u00a0: Comment avez-vous appris le d\u00e9c\u00e8s du colonel Mamadou Djerma\u00a0?<\/strong><br \/><strong>Adama Dram\u00e9 (A.D.)\u00a0:<\/strong> Je l\u2019ai appris comme tous les Burkinab\u00e8. Lorsqu\u2019une personne de la famille perd la vie, c\u2019est toujours une grande peine pour ses fr\u00e8res, ses s\u0153urs, ses amis et ses proches. Le d\u00e9c\u00e8s du colonel Mamadou Djerma a pris une autre dimension. L\u2019\u00e9motion est tellement grande dans le pays et m\u00eame hors du pays. On ne peut pas appr\u00e9cier tout ce qu\u2019il a fait \u00e0 sa juste valeur. Il est vrai que je ne peux pas trop parler parce qu\u2019il a jou\u00e9 un r\u00f4le tr\u00e8s important dans ma vie.<\/p>\n<p><strong>S\u00a0: C\u2019est pourquoi vous l\u2019avez choisi pour parrainer l\u2019inauguration de votre studio d\u2019enregistrement\u00a0en 2003?<\/strong><\/p>\n<div class=\"td-a-rec td-a-rec-id-content_inline tdi_30_448 td_block_template_1\"><img loading=\"lazy\" decoding=\"async\" class=\"aligncenter size-full wp-image-21314\" src=\"https:\/\/www.sidwaya.info\/wp-content\/uploads\/2020\/04\/Bandeau-Covid-19-Sidwaya-1.jpg\" alt=\"\" width=\"790\" height=\"98\"\/><\/div>\n<p><strong>A.D.\u00a0:<\/strong> Je l\u2019ai choisi tout simplement parce que c\u2019\u00e9tait un homme disponible. Souvent, on peut appeler un ministre de la Culture mais ce n\u2019est pas \u00e9vident qu\u2019il soit disponible. D\u00e8s que je lui ai fait la proposition de parrainer l\u2019inauguration de mon studio, il n\u2019a pas h\u00e9sit\u00e9 \u00e0 me dire oui. Je savais qu\u2019il \u00e9tait bien occup\u00e9 mais il n\u2019a pas refus\u00e9 de parrainer l\u2019inauguration de mon studio. C\u2019\u00e9tait cette disponibilit\u00e9 qui r\u00e9sidait en lui. En d\u00e9pit, des hautes fonctions qu\u2019il occupait dans ce pays, il \u00e9tait attach\u00e9 \u00e0 ses racines, \u00e0 sa culture. Artistiquement, il \u00e9tait incomparable.<\/p>\n<p><strong>S\u00a0: Donc c\u2019est pour cela que vous lui avez d\u00e9di\u00e9 un titre\u00a0?<\/strong><\/p>\n<p><strong>A.D.\u00a0:<\/strong> \u00c9videmment que oui, je me dis que c\u2019est aussi mon r\u00f4le en tant que griot, ma m\u00e8re, elle aussi, \u00e9tait sa griotte et c\u2019est comme cela la famille. J\u2019ai nomm\u00e9 le titre de l\u2019album \u00ab\u00a0Colonel Mamadou Djerma\u00a0\u00bb. C\u2019est une fa\u00e7on de le remercier au vu de tout ce qu\u2019il a fait pour moi. Comme on le dit, les grands hommes ne meurent jamais. Mais pour nous, je veux dire que dans la province de la Kossi, nous sommes inconsolables.<\/p>\n<p><strong>S\u00a0: Quel souvenir gardez-vous du colonel Mamadou Djerma\u00a0?<\/strong><\/p>\n<p><strong>A.D\u00a0:<\/strong> Le jour de l\u2019inauguration du studio est le jour qui m\u2019a le plus marqu\u00e9, bien \u00e9videmment qu\u2019il y a plein d\u2019autres jours mais celui de l\u2019inauguration reste inoubliable. A chaque fois que j\u2019avais des difficult\u00e9s, que ce soit sur le plan juridique, le plan social, j\u2019allais le voir et tous les conseils qu\u2019il me donnait, m\u2019aidaient \u00e0 r\u00e9soudre mes difficult\u00e9s. Il est vrai que la majorit\u00e9 des Burkinab\u00e8 le connaissaient comme celui qui donne les m\u00e9dailles de d\u00e9coration mais pour moi, il \u00e9tait plus que cela.<\/p>\n<p class=\"c1\"><strong>Propos recueillis par Emmanuel BATIONO<\/strong><\/p>\n<div class=\"td-a-rec td-a-rec-id-content_bottom tdi_31_105 td_block_template_1\"><img loading=\"lazy\" decoding=\"async\" class=\"aligncenter size-full wp-image-22415\" src=\"https:\/\/www.sidwaya.info\/wp-content\/uploads\/2020\/05\/Bandeau-paiement-mobile-site.png\" alt=\"\" width=\"728\" height=\"90\"\/><\/div>\n<p>Auteur: JK. Sidwaya<br \/>\n<a href=\"https:\/\/www.sidwaya.info\/blog\/2020\/06\/18\/adama-drame-artiste-musicien-le-colonel-mamadou-djerma-est-reste-attache-a-sa-culture\/\">Cliquez ici pour lire l&rsquo;article depuis sa source.<\/a><\/p>\n","protected":false},"excerpt":{"rendered":"<p>Adama Dram\u00e9, fondateur du studio Salifou14, inaugur\u00e9 en 2003. Adama Dram\u00e9, un percussionniste de renom qui ne se pr\u00e9sente plus au Faso et fondateur du studio d\u2019enregistrement \u00ab\u00a0Salifou 14\u00a0\u00bb est le seul artiste ayant d\u00e9di\u00e9 un titre et baptis\u00e9 un album au colonel Mamadou Djerma d\u00e9c\u00e9d\u00e9 dans la nuit du 11 au 12 juin 2020 [&hellip;]<\/p>\n","protected":false},"author":1816,"featured_media":89443,"comment_status":"closed","ping_status":"closed","sticky":false,"template":"","format":"standard","meta":{"fifu_image_url":"","fifu_image_alt":"","footnotes":""},"categories":[73,81],"tags":[],"class_list":["post-89442","post","type-post","status-publish","format-standard","has-post-thumbnail","hentry","category-actualite","category-burkina-faso"],"_links":{"self":[{"href":"https:\/\/linitiative.ca\/International\/wp-json\/wp\/v2\/posts\/89442","targetHints":{"allow":["GET"]}}],"collection":[{"href":"https:\/\/linitiative.ca\/International\/wp-json\/wp\/v2\/posts"}],"about":[{"href":"https:\/\/linitiative.ca\/International\/wp-json\/wp\/v2\/types\/post"}],"author":[{"embeddable":true,"href":"https:\/\/linitiative.ca\/International\/wp-json\/wp\/v2\/users\/1816"}],"replies":[{"embeddable":true,"href":"https:\/\/linitiative.ca\/International\/wp-json\/wp\/v2\/comments?post=89442"}],"version-history":[{"count":0,"href":"https:\/\/linitiative.ca\/International\/wp-json\/wp\/v2\/posts\/89442\/revisions"}],"wp:featuredmedia":[{"embeddable":true,"href":"https:\/\/linitiative.ca\/International\/wp-json\/"}],"wp:attachment":[{"href":"https:\/\/linitiative.ca\/International\/wp-json\/wp\/v2\/media?parent=89442"}],"wp:term":[{"taxonomy":"category","embeddable":true,"href":"https:\/\/linitiative.ca\/International\/wp-json\/wp\/v2\/categories?post=89442"},{"taxonomy":"post_tag","embeddable":true,"href":"https:\/\/linitiative.ca\/International\/wp-json\/wp\/v2\/tags?post=89442"}],"curies":[{"name":"wp","href":"https:\/\/api.w.org\/{rel}","templated":true}]}}