{"id":89446,"date":"2020-06-18T14:43:23","date_gmt":"2020-06-18T18:43:23","guid":{"rendered":"https:\/\/linitiative.ca\/International\/une-mobilisation-aupres-des-agriculteurs-de-la-region-fes-meknes\/"},"modified":"2020-06-18T14:43:23","modified_gmt":"2020-06-18T18:43:23","slug":"une-mobilisation-aupres-des-agriculteurs-de-la-region-fes-meknes","status":"publish","type":"post","link":"https:\/\/linitiative.ca\/International\/une-mobilisation-aupres-des-agriculteurs-de-la-region-fes-meknes\/","title":{"rendered":"Une mobilisation aupr\u00e8s des agriculteurs de la r\u00e9gion F\u00e8s-Mekn\u00e8s"},"content":{"rendered":"<p class=\"has-text-color has-vivid-cyan-blue-color\"><strong>Le Cr\u00e9dit Agricole du Maroc (CAM) s\u2019est mobilis\u00e9 pour accompagner les mesures pr\u00e9conis\u00e9es par le minist\u00e8re de l\u2019Agriculture, de la p\u00eache maritime, du d\u00e9veloppement rural et des eaux et for\u00eats, afin de faire face aux d\u00e9g\u00e2ts caus\u00e9s par la temp\u00eate de gr\u00eale au niveau de la r\u00e9gion de F\u00e8s-Mekn\u00e8s.<\/strong><\/p>\n<p>\u00abFid\u00e8le \u00e0 son r\u00f4le d\u2019outil de l\u2019\u00c9tat pour l\u2019accompagnement de l\u2019agriculture et du monde rural et en parfaite coh\u00e9rence avec sa mission de service public, le CAM se mobilise pour accompagner les mesures pr\u00e9conis\u00e9es par le minist\u00e8re afin de faire face aux d\u00e9g\u00e2ts caus\u00e9s par la temp\u00eate de gr\u00eale au niveau de la r\u00e9gion de F\u00e8s-Mekn\u00e8s\u00bb, indique la banque dans un communiqu\u00e9.<\/p>\n<p>A cet effet, le CAM a mis en place un dispositif sp\u00e9cifique pour apporter l\u2019appui n\u00e9cessaire \u00e0 l\u2019ensemble des agriculteurs sinistr\u00e9s, clients et non-clients, et permettre ainsi aux op\u00e9rateurs de d\u00e9passer cette conjoncture difficile en les accompagnants pour la continuit\u00e9 et le d\u00e9veloppement de leur activit\u00e9, rel\u00e8ve la m\u00eame source. Et de poursuivre que ce dispositif s\u2019appuie sur deux volets essentiels, \u00e0 savoir le traitement de l\u2019endettement et l\u2019acc\u00e8s au financement, et prend en compte les sp\u00e9cificit\u00e9s de chaque cat\u00e9gorie d\u2019agriculteurs.<\/p>\n<p>Ainsi, pour les producteurs clients de la Banque, le CAM pr\u00e9voit, selon les cas, soit un report des \u00e9ch\u00e9ances des cr\u00e9dits de campagne, soit un report avec d\u00e9calage des \u00e9ch\u00e9ances des cr\u00e9dits MLT, soit une consolidation de l\u2019encours, un financement des nouveaux investissements et du besoin en fonds de roulement ou le financement de la prochaine campagne.<\/p>\n<p>Ces mesures pourraient \u00eatre cumul\u00e9es en fonction du degr\u00e9 de sinistralit\u00e9 constat\u00e9, pr\u00e9cise le Groupe. Pour les agriculteurs sinistr\u00e9s qui ne sont pas clients de la Banque, le CAM \u00e9tudiera la possibilit\u00e9 de les accompagner pour le renouvellement de leurs investissements avec financement du besoin en fonds de roulement ainsi que le financement de leur prochaine campagne.<\/p>\n<p>Par ce dispositif, le Groupe CAM, banque citoyenne et responsable, r\u00e9it\u00e8re, encore une fois, son engagement ind\u00e9fectible \u00e0 accompagner les agriculteurs et le monde rural en toutes circonstances, conclut le communiqu\u00e9.<\/p>\n<p>Auteur: M&rsquo;hammed rahal<br \/>\n<a href=\"http:\/\/albayane.press.ma\/une-mobilisation-aupres-des-agriculteurs-de-la-region-fes-meknes.html\">Cliquez ici pour lire l&rsquo;article depuis sa source.<\/a><\/p>\n","protected":false},"excerpt":{"rendered":"<p>Le Cr\u00e9dit Agricole du Maroc (CAM) s\u2019est mobilis\u00e9 pour accompagner les mesures pr\u00e9conis\u00e9es par le minist\u00e8re de l\u2019Agriculture, de la p\u00eache maritime, du d\u00e9veloppement rural et des eaux et for\u00eats, afin de faire face aux d\u00e9g\u00e2ts caus\u00e9s par la temp\u00eate de gr\u00eale au niveau de la r\u00e9gion de F\u00e8s-Mekn\u00e8s. \u00abFid\u00e8le \u00e0 son r\u00f4le d\u2019outil de [&hellip;]<\/p>\n","protected":false},"author":1760,"featured_media":0,"comment_status":"closed","ping_status":"closed","sticky":false,"template":"","format":"standard","meta":{"fifu_image_url":"","fifu_image_alt":"","footnotes":""},"categories":[73,54],"tags":[],"class_list":["post-89446","post","type-post","status-publish","format-standard","hentry","category-actualite","category-maroc"],"_links":{"self":[{"href":"https:\/\/linitiative.ca\/International\/wp-json\/wp\/v2\/posts\/89446","targetHints":{"allow":["GET"]}}],"collection":[{"href":"https:\/\/linitiative.ca\/International\/wp-json\/wp\/v2\/posts"}],"about":[{"href":"https:\/\/linitiative.ca\/International\/wp-json\/wp\/v2\/types\/post"}],"author":[{"embeddable":true,"href":"https:\/\/linitiative.ca\/International\/wp-json\/wp\/v2\/users\/1760"}],"replies":[{"embeddable":true,"href":"https:\/\/linitiative.ca\/International\/wp-json\/wp\/v2\/comments?post=89446"}],"version-history":[{"count":0,"href":"https:\/\/linitiative.ca\/International\/wp-json\/wp\/v2\/posts\/89446\/revisions"}],"wp:attachment":[{"href":"https:\/\/linitiative.ca\/International\/wp-json\/wp\/v2\/media?parent=89446"}],"wp:term":[{"taxonomy":"category","embeddable":true,"href":"https:\/\/linitiative.ca\/International\/wp-json\/wp\/v2\/categories?post=89446"},{"taxonomy":"post_tag","embeddable":true,"href":"https:\/\/linitiative.ca\/International\/wp-json\/wp\/v2\/tags?post=89446"}],"curies":[{"name":"wp","href":"https:\/\/api.w.org\/{rel}","templated":true}]}}