{"id":89451,"date":"2020-06-18T11:50:20","date_gmt":"2020-06-18T15:50:20","guid":{"rendered":"https:\/\/linitiative.ca\/International\/bac-boom-des-filieres-internationales\/"},"modified":"2020-06-18T11:50:20","modified_gmt":"2020-06-18T15:50:20","slug":"bac-boom-des-filieres-internationales","status":"publish","type":"post","link":"https:\/\/linitiative.ca\/International\/bac-boom-des-filieres-internationales\/","title":{"rendered":"Bac : Boom des fili\u00e8res internationales"},"content":{"rendered":"<p><img decoding=\"async\" class=\"post_layout_5_img\" src=\"http:\/\/aujourdhui.ma\/wp-content\/uploads\/2020\/06\/Salle-sportive-examen-du-Bac.jpg\" alt=\"Bac : Boom des fili&#xE8;res internationales\"\/><\/p>\n<p><span class=\"c6\"><strong><span class=\"c5\">Le nombre des candidats cette ann\u00e9e bondit de plus de 75%<\/span><\/strong><\/span><span id=\"more-348016\"\/><\/p>\n<p><span class=\"c7\">Pas moins de 441.238 candidats passeront l\u2019examen du baccalaur\u00e9at, dont 318.917 scolaris\u00e9s alors que les candidats libres seront au nombre de 122.321.<\/span><\/p>\n<p>Le gouvernement d\u00e9voile un peu plus de d\u00e9tails concernant l\u2019examen du Bac cette ann\u00e9e. Un examen qui se d\u00e9roule dans des circonstances exceptionnelles cette ann\u00e9e en raison de la pand\u00e9mie du coronavirus. Le ministre de l\u2019\u00e9ducation nationale, de la formation professionnelle, de l\u2019enseignement sup\u00e9rieur et de la recherche scientifique, porte-parole du gouvernement, Saaid Amzazi, a effectu\u00e9 un expos\u00e9 devant le Conseil de gouvernement. Dans le d\u00e9tail, pas moins de 441.238 candidats passeront l\u2019examen du baccalaur\u00e9at, dont 318.917 scolaris\u00e9s alors que les candidats libres seront au nombre de 122.321. L\u2019ann\u00e9e en cours sera exceptionnelle \u00e0 tous les niveaux, notamment les fili\u00e8res. Dans ce sens, les statistiques de la tutelle montrent un boom des fili\u00e8res internationales qui ont bondi en comparaison avec l\u2019ann\u00e9e derni\u00e8re de plus de 75%. Les \u00e9l\u00e8ves marocains commencent \u00e0 avoir de plus en plus de l\u2019app\u00e9tit pour ces circuits acad\u00e9miques cr\u00e9\u00e9s au cours des derni\u00e8res ann\u00e9es.<\/p>\n<p>Dans le p\u00f4le des fili\u00e8res scientifiques et techniques, le nombre des candidats atteint selon les chiffres pr\u00e9sent\u00e9s par le d\u00e9partement de tutelle les 249.338 \u00e9l\u00e8ves alors que les fili\u00e8res litt\u00e9raires enregistrent cette ann\u00e9e 181.234 candidats. Enfin, pas moins de 10.666 candidats ont choisi les circuits professionnels. S\u2019agissant des candidats \u00e0 besoins sp\u00e9cifiques, leur nombre atteint 539 dans 11 fili\u00e8res diff\u00e9rentes. Les \u00e9tablissements p\u00e9nitentiaires seront \u00e9galement repr\u00e9sent\u00e9s dans les examens cette ann\u00e9e avec 856 candidats. Il faut pr\u00e9ciser que le d\u00e9roulement de l\u2019examen national sera diff\u00e9rent cette ann\u00e9e, Covid-19 oblige. Concr\u00e8tement, l\u2019examen sera organis\u00e9 en deux grandes \u00e9tapes pour \u00e9viter la forte affluence des candidats et respecter les conditions de distanciation sociale. La premi\u00e8re \u00e9tape est r\u00e9serv\u00e9e aux \u00e9l\u00e8ves des fili\u00e8res litt\u00e9raires, des sciences humaines et de l\u2019enseignement traditionnel, les 3 et 4 juillet prochain. Les circuits sections scientifiques et techniques ainsi que les fili\u00e8res professionnelles passeront les \u00e9preuves durant la deuxi\u00e8me \u00e9tape pr\u00e9vue du 6 au 8 juillet.<\/p>\n<p>A noter que les r\u00e9sultats de la session ordinaire seront d\u00e9voil\u00e9s le 15 juillet tandis que la session de rattrapage est programm\u00e9e du 22 au 24 juillet, toutes branches confondues, avec la publication des r\u00e9sultats d\u00e9finitifs le 29 juillet prochain. Par ailleurs, les \u00e9preuves auront lieu pour une partie des candidats hors des \u00e9coles. En effet, les responsables ont mobilis\u00e9 des installations sportives en am\u00e9nageant des salles couvertes et des amphith\u00e9\u00e2tres dans l\u2019optique de respecter la distanciation sociale.<\/p>\n<p>Concr\u00e8tement, le minist\u00e8re annonce la mobilisation \u00e0 travers le territoire national de pas moins de 2.155 structures r\u00e9parties entre 1.910 \u00e9tablissements scolaires, 145 amphith\u00e9\u00e2tres et 100 salles couvertes. Le minist\u00e8re assure que toutes les pr\u00e9cautions ont \u00e9t\u00e9 prises pour un d\u00e9roulement normal de la session ordinaire avec le respect de toutes les mesures de pr\u00e9vention contre la Covid-19.<\/p>\n<p><span class=\"c8\"><strong>Plateforme<\/strong><\/span><\/p>\n<p><a href=\"https:http:\/\/aujourdhui.ma\/wp-content\/uploads\/2020\/06\/TelmidTICE.jpg\"><img loading=\"lazy\" decoding=\"async\" class=\"wp-image-348021 alignleft\" src=\"http:\/\/aujourdhui.ma\/wp-content\/uploads\/2020\/06\/TelmidTICE.jpg\" alt=\"\" width=\"161\" height=\"285\" srcset=\"http:\/\/aujourdhui.ma\/wp-content\/uploads\/2020\/06\/TelmidTICE.jpg 300w, \/\/aujourdhui.ma\/wp-content\/uploads\/2020\/06\/TelmidTICE-169x300.jpg 169w\" sizes=\"auto, (max-width: 161px) 100vw, 161px\"\/><\/a>L\u2019acc\u00e8s \u00e0 la plateforme d\u2019enseignement \u00e0 distance \u00abTelmidTICE\u00bb est accessible gratuitement aux \u00e9l\u00e8ves sans obligation de solde internet pour t\u00e9l\u00e9charger les ressources num\u00e9riques, a annonc\u00e9 le minist\u00e8re de l\u2019\u00e9ducation nationale, de la formation professionnelle, de l\u2019enseignement sup\u00e9rieur et de la recherche scientifique.<\/p>\n<p>Cette mesure intervient dans le cadre de la promotion de l\u2019\u00e9galit\u00e9 des chances entre les \u00e9l\u00e8ves pour leur permettre d\u2019acc\u00e9der \u00e0 tous les cours via la plateforme, particuli\u00e8rement les s\u00e9ances de soutien et de pr\u00e9paration pour les examens du baccalaur\u00e9at lanc\u00e9es r\u00e9cemment, indique vendredi un communiqu\u00e9 du minist\u00e8re.<\/p>\n<p>Il a soulign\u00e9 que la mise en place de ce service est le fruit d\u2019une action commune entre les cadres du minist\u00e8re et la soci\u00e9t\u00e9 Maroc Telecom et sa filiale Casanet. Dans ce sens, le minist\u00e8re exprime ses remerciements \u00e0 Maroc Telecom, au minist\u00e8re de l\u2019industrie, du commerce, de l\u2019\u00e9conomie verte et num\u00e9rique, \u00e0 l\u2019Agence nationale de r\u00e9glementation des t\u00e9l\u00e9communications, ainsi qu\u2019aux soci\u00e9t\u00e9s des t\u00e9l\u00e9communications Orange et inwi.<\/p>\n<div class=\"base-box mom_box_sc_custom mom_box_sc clear c11\" readability=\"18.230910763569\">\n<p><span class=\"c7\"><strong><span class=\"c9\">Bourse<\/span><\/strong><\/span><\/p>\n<p><a href=\"https:http:\/\/aujourdhui.ma\/wp-content\/uploads\/2020\/06\/Bourse-etude.jpg\"><img loading=\"lazy\" decoding=\"async\" class=\"wp-image-348019 alignleft\" src=\"http:\/\/aujourdhui.ma\/wp-content\/uploads\/2020\/06\/Bourse-etude.jpg\" alt=\"\" width=\"283\" height=\"144\" srcset=\"http:\/\/aujourdhui.ma\/wp-content\/uploads\/2020\/06\/Bourse-etude.jpg 746w, \/\/aujourdhui.ma\/wp-content\/uploads\/2020\/06\/Bourse-etude-300x153.jpg 300w, \/\/aujourdhui.ma\/wp-content\/uploads\/2020\/06\/Bourse-etude-274x140.jpg 274w, \/\/aujourdhui.ma\/wp-content\/uploads\/2020\/06\/Bourse-etude-165x84.jpg 165w, \/\/aujourdhui.ma\/wp-content\/uploads\/2020\/06\/Bourse-etude-702x358.jpg 702w\" sizes=\"auto, (max-width: 283px) 100vw, 283px\"\/><\/a>Le d\u00e9p\u00f4t des demandes de bourse d\u2019\u00e9tudes de l\u2019enseignement sup\u00e9rieur et de la formation professionnelle pour l\u2019ann\u00e9e 2020-2021 destin\u00e9es aux candidats titulaires d\u2019un baccalaur\u00e9at national ou \u00e9tranger, a d\u00e9but\u00e9 le 15 juin et se poursuit jusqu\u2019au 31 juillet \u00e0 22h00 et ce, exclusivement en ligne sur le portail \u00e9lectronique \u00ab<strong><span class=\"c7\"><a class=\"c10\" href=\"https:\/\/www.minhaty.ma\">https:\/\/www.minhaty.ma<\/a><\/span><\/strong>\u00bb, a annonc\u00e9 le minist\u00e8re de l\u2019\u00e9ducation nationale, de la formation professionnelle, de l\u2019enseignement sup\u00e9rieur et de la recherche scientifique. Le minist\u00e8re informe tous les candidats marocains titulaires d\u2019un dipl\u00f4me de baccalaur\u00e9at national ou \u00e9tranger, scolaris\u00e9s ou libres (session ordinaire ou de rattrapage) au titre de l\u2019ann\u00e9e 2019-2020, souhaitant b\u00e9n\u00e9ficier d\u2019une bourse d\u2019enseignement sup\u00e9rieur et de formation professionnelle pour l\u2019ann\u00e9e 2020-2021, que \u00abl\u2019op\u00e9ration de d\u00e9p\u00f4t des candidatures pour l\u2019obtention de la bourse d\u2019\u00e9tudes a d\u00e9marr\u00e9 le 15 juin et se poursuivra jusqu\u2019au 31 juillet \u00e0 22h00, exclusivement via le portail <strong><span class=\"c7\"><a class=\"c10\" href=\"https:\/\/www.minhaty.ma\">https:\/\/www.minhaty.ma<\/a><\/span><\/strong>\u00bb.<\/p>\n<\/div>\n<p>Auteur: Mohamed Badrane<br \/>\n<a href=\"https:\/\/aujourdhui.ma\/societe\/bac-boom-des-filieres-internationales\">Cliquez ici pour lire l&rsquo;article depuis sa source.<\/a><\/p>\n","protected":false},"excerpt":{"rendered":"<p>Le nombre des candidats cette ann\u00e9e bondit de plus de 75% Pas moins de 441.238 candidats passeront l\u2019examen du baccalaur\u00e9at, dont 318.917 scolaris\u00e9s alors que les candidats libres seront au nombre de 122.321. Le gouvernement d\u00e9voile un peu plus de d\u00e9tails concernant l\u2019examen du Bac cette ann\u00e9e. Un examen qui se d\u00e9roule dans des circonstances [&hellip;]<\/p>\n","protected":false},"author":1759,"featured_media":89452,"comment_status":"closed","ping_status":"closed","sticky":false,"template":"","format":"standard","meta":{"fifu_image_url":"","fifu_image_alt":"","footnotes":""},"categories":[73,54],"tags":[],"class_list":["post-89451","post","type-post","status-publish","format-standard","has-post-thumbnail","hentry","category-actualite","category-maroc"],"_links":{"self":[{"href":"https:\/\/linitiative.ca\/International\/wp-json\/wp\/v2\/posts\/89451","targetHints":{"allow":["GET"]}}],"collection":[{"href":"https:\/\/linitiative.ca\/International\/wp-json\/wp\/v2\/posts"}],"about":[{"href":"https:\/\/linitiative.ca\/International\/wp-json\/wp\/v2\/types\/post"}],"author":[{"embeddable":true,"href":"https:\/\/linitiative.ca\/International\/wp-json\/wp\/v2\/users\/1759"}],"replies":[{"embeddable":true,"href":"https:\/\/linitiative.ca\/International\/wp-json\/wp\/v2\/comments?post=89451"}],"version-history":[{"count":0,"href":"https:\/\/linitiative.ca\/International\/wp-json\/wp\/v2\/posts\/89451\/revisions"}],"wp:featuredmedia":[{"embeddable":true,"href":"https:\/\/linitiative.ca\/International\/wp-json\/"}],"wp:attachment":[{"href":"https:\/\/linitiative.ca\/International\/wp-json\/wp\/v2\/media?parent=89451"}],"wp:term":[{"taxonomy":"category","embeddable":true,"href":"https:\/\/linitiative.ca\/International\/wp-json\/wp\/v2\/categories?post=89451"},{"taxonomy":"post_tag","embeddable":true,"href":"https:\/\/linitiative.ca\/International\/wp-json\/wp\/v2\/tags?post=89451"}],"curies":[{"name":"wp","href":"https:\/\/api.w.org\/{rel}","templated":true}]}}