{"id":89453,"date":"2020-06-18T13:32:55","date_gmt":"2020-06-18T17:32:55","guid":{"rendered":"https:\/\/linitiative.ca\/International\/covid-19-maroc-77-nouveaux-cas-confirmes-48-guerisons-en-24h\/"},"modified":"2020-06-18T13:32:55","modified_gmt":"2020-06-18T17:32:55","slug":"covid-19-maroc-77-nouveaux-cas-confirmes-48-guerisons-en-24h","status":"publish","type":"post","link":"https:\/\/linitiative.ca\/International\/covid-19-maroc-77-nouveaux-cas-confirmes-48-guerisons-en-24h\/","title":{"rendered":"Covid-19 \/ Maroc: 77 nouveaux cas confirm\u00e9s, 48 gu\u00e9risons en 24h"},"content":{"rendered":"<header>\n<\/header>\n<div class=\"entry-content clearfix\" readability=\"56\"><img decoding=\"async\" class=\"post_layout_5_img\" src=\"http:\/\/aujourdhui.ma\/wp-content\/uploads\/2020\/03\/Coronavirus-Ambulance-Maroc.jpg\" alt=\"Covid-19 \/ Maroc: 77 nouveaux cas confirm&#xE9;s, 48 gu&#xE9;risons en 24h\"\/><\/p>\n<p><span class=\"c5\"><strong>Soixante-dix-sept\u00a0 nouveaux cas d\u2019infection au coronavirus (Covid-19) et quarante-huit gu\u00e9risons ont \u00e9t\u00e9 enregistr\u00e9s au Maroc au cours des derni\u00e8res 24 heures, a annonc\u00e9 jeudi le minist\u00e8re de la Sant\u00e9.<\/strong><\/span><span id=\"more-348023\"\/><\/p>\n<p>Ce nouveau bilan porte \u00e0 9.074 le nombre de contaminations dans le Royaume depuis la d\u00e9claration du premier cas le 2 mars dernier, et \u00e0 8.041 le nombre des personnes totalement r\u00e9tablies, soit un taux de gu\u00e9rison avoisinant 88.6%, a pr\u00e9cis\u00e9 la cheffe du service des maladies \u00e9pid\u00e9miques \u00e0 la Direction de l\u2019\u00e9pid\u00e9miologie relevant du minist\u00e8re de la Sant\u00e9, Mme Hind Ezzine, dans une d\u00e9claration retransmise par la MAP.<\/p>\n<p>Le nombre des morts s\u2019est stabilis\u00e9 \u00e0 213, soit un taux de l\u00e9talit\u00e9 ramen\u00e9 \u00e0 2,3%, a-t-elle ajout\u00e9.<\/p>\n<p>Le minist\u00e8re invite les citoyens \u00e0 respecter les r\u00e8gles d\u2019hygi\u00e8ne et de s\u00e9curit\u00e9 sanitaire ainsi que les mesures pr\u00e9ventives prises par les autorit\u00e9s, en faisant preuve de responsabilit\u00e9 et de patriotisme.<\/p>\n<p><a href=\"https:http:\/\/aujourdhui.ma\/wp-content\/uploads\/2020\/06\/bilan-coronavirus-Maroc-18062020-18h00.jpg\"><img loading=\"lazy\" decoding=\"async\" class=\"alignnone size-full wp-image-348025\" src=\"http:\/\/aujourdhui.ma\/wp-content\/uploads\/2020\/06\/bilan-coronavirus-Maroc-18062020-18h00.jpg\" alt=\"\" width=\"801\" height=\"782\" srcset=\"http:\/\/aujourdhui.ma\/wp-content\/uploads\/2020\/06\/bilan-coronavirus-Maroc-18062020-18h00.jpg 801w, \/\/aujourdhui.ma\/wp-content\/uploads\/2020\/06\/bilan-coronavirus-Maroc-18062020-18h00-300x293.jpg 300w, \/\/aujourdhui.ma\/wp-content\/uploads\/2020\/06\/bilan-coronavirus-Maroc-18062020-18h00-768x750.jpg 768w, \/\/aujourdhui.ma\/wp-content\/uploads\/2020\/06\/bilan-coronavirus-Maroc-18062020-18h00-36x36.jpg 36w\" sizes=\"auto, (max-width: 801px) 100vw, 801px\"\/><\/a> <a href=\"https:http:\/\/aujourdhui.ma\/wp-content\/uploads\/2020\/06\/bilan-coronavirus-Maroc-18062020-18h00-regions.jpg\"><img loading=\"lazy\" decoding=\"async\" class=\"alignnone size-full wp-image-348024\" src=\"http:\/\/aujourdhui.ma\/wp-content\/uploads\/2020\/06\/bilan-coronavirus-Maroc-18062020-18h00-regions.jpg\" alt=\"\" width=\"1057\" height=\"749\" srcset=\"http:\/\/aujourdhui.ma\/wp-content\/uploads\/2020\/06\/bilan-coronavirus-Maroc-18062020-18h00-regions.jpg 1057w, \/\/aujourdhui.ma\/wp-content\/uploads\/2020\/06\/bilan-coronavirus-Maroc-18062020-18h00-regions-300x213.jpg 300w, \/\/aujourdhui.ma\/wp-content\/uploads\/2020\/06\/bilan-coronavirus-Maroc-18062020-18h00-regions-1024x726.jpg 1024w, \/\/aujourdhui.ma\/wp-content\/uploads\/2020\/06\/bilan-coronavirus-Maroc-18062020-18h00-regions-768x544.jpg 768w\" sizes=\"auto, (max-width: 1057px) 100vw, 1057px\"\/><\/a><\/p>\n<\/div>\n<p>Auteur: ALM<br \/>\n<a href=\"https:\/\/aujourdhui.ma\/societe\/covid-19-maroc-77-nouveaux-cas-confirmes-48-guerisons-en-24h\">Cliquez ici pour lire l&rsquo;article depuis sa source.<\/a><\/p>\n","protected":false},"excerpt":{"rendered":"<p>Soixante-dix-sept\u00a0 nouveaux cas d\u2019infection au coronavirus (Covid-19) et quarante-huit gu\u00e9risons ont \u00e9t\u00e9 enregistr\u00e9s au Maroc au cours des derni\u00e8res 24 heures, a annonc\u00e9 jeudi le minist\u00e8re de la Sant\u00e9. Ce nouveau bilan porte \u00e0 9.074 le nombre de contaminations dans le Royaume depuis la d\u00e9claration du premier cas le 2 mars dernier, et \u00e0 8.041 [&hellip;]<\/p>\n","protected":false},"author":1759,"featured_media":89454,"comment_status":"closed","ping_status":"closed","sticky":false,"template":"","format":"standard","meta":{"fifu_image_url":"","fifu_image_alt":"","footnotes":""},"categories":[73,54],"tags":[],"class_list":["post-89453","post","type-post","status-publish","format-standard","has-post-thumbnail","hentry","category-actualite","category-maroc"],"_links":{"self":[{"href":"https:\/\/linitiative.ca\/International\/wp-json\/wp\/v2\/posts\/89453","targetHints":{"allow":["GET"]}}],"collection":[{"href":"https:\/\/linitiative.ca\/International\/wp-json\/wp\/v2\/posts"}],"about":[{"href":"https:\/\/linitiative.ca\/International\/wp-json\/wp\/v2\/types\/post"}],"author":[{"embeddable":true,"href":"https:\/\/linitiative.ca\/International\/wp-json\/wp\/v2\/users\/1759"}],"replies":[{"embeddable":true,"href":"https:\/\/linitiative.ca\/International\/wp-json\/wp\/v2\/comments?post=89453"}],"version-history":[{"count":0,"href":"https:\/\/linitiative.ca\/International\/wp-json\/wp\/v2\/posts\/89453\/revisions"}],"wp:featuredmedia":[{"embeddable":true,"href":"https:\/\/linitiative.ca\/International\/wp-json\/"}],"wp:attachment":[{"href":"https:\/\/linitiative.ca\/International\/wp-json\/wp\/v2\/media?parent=89453"}],"wp:term":[{"taxonomy":"category","embeddable":true,"href":"https:\/\/linitiative.ca\/International\/wp-json\/wp\/v2\/categories?post=89453"},{"taxonomy":"post_tag","embeddable":true,"href":"https:\/\/linitiative.ca\/International\/wp-json\/wp\/v2\/tags?post=89453"}],"curies":[{"name":"wp","href":"https:\/\/api.w.org\/{rel}","templated":true}]}}