{"id":89455,"date":"2020-06-18T22:31:12","date_gmt":"2020-06-19T02:31:12","guid":{"rendered":"https:\/\/linitiative.ca\/International\/ligue-1-2-les-clubs-de-louest-sopposent-a-une-eventuelle-reprise-de-la-competition\/"},"modified":"2020-06-18T22:31:12","modified_gmt":"2020-06-19T02:31:12","slug":"ligue-1-2-les-clubs-de-louest-sopposent-a-une-eventuelle-reprise-de-la-competition","status":"publish","type":"post","link":"https:\/\/linitiative.ca\/International\/ligue-1-2-les-clubs-de-louest-sopposent-a-une-eventuelle-reprise-de-la-competition\/","title":{"rendered":"Ligue 1 &#038; 2 : Les clubs de l\u2019Ouest s\u2019opposent \u00e0 une \u00e9ventuelle reprise de la comp\u00e9tition"},"content":{"rendered":"<div readability=\"32\">\n<p>Auteur : <span>APS<\/span> <span class=\"time\">jeudi 18 juin 2020 20:27<\/span><\/p>\n<\/div>\n<div id=\"post_core\" readability=\"58\">\n<p>Les clubs de Ligues 1 et 2 de l\u2019Ouest du pays, r\u00e9unis avec les responsables de la Ligue de football professionnel (LFP), jeudi \u00e0 Oran, ont \u00e9t\u00e9 unanimes \u00e0 appeler \u00e0 mettre un terme pr\u00e9matur\u00e9 \u00e0 l\u2019actuel exercice, a indiqu\u00e9 \u00e0 l\u2019APS le pr\u00e9sident du WA Tlemcen, Nacereddine Souleymane. Les difficult\u00e9s financi\u00e8res rencontr\u00e9es par les formations des deux paliers ne permettent pas de r\u00e9pondre favorablement aux consignes dict\u00e9es par tout protocole sanitaire propos\u00e9 par la F\u00e9d\u00e9ration alg\u00e9rienne de football (FAF) pour aller au terme des comp\u00e9titions, \u00e0 l\u2019arr\u00eat depuis la mi-mars dernier \u00e0 cause de la propagation du coronavirus (Covid-19), a estim\u00e9 le patron du club des \u00ab\u00a0Zianides\u00a0\u00bb, troisi\u00e8me au classement de la Ligue 2. L\u2019autre proposition \u00e9mise pour la circonstance, est la revue \u00e0 la hausse des clubs de la Ligue 1 la saison prochaine pour que ce palier soit compos\u00e9 de 20 formations, tout en annulant la rel\u00e9gation et en permettant l\u2019accession des actuels quatre premiers de la Ligue 2, selon le m\u00eame interlocuteur. Affirmant que ces suggestions des clubs de l\u2019Ouest du pays seront transmises par la LFP aux responsables de la FAF, le pr\u00e9sident du WAT a estim\u00e9 qu\u2019au cas o\u00f9 la comp\u00e9tition venait \u00e0 reprendre, \u00ab\u00a0il appartiendrait aux pouvoirs publics d\u2019accompagner les clubs pour l\u2019application stricte du protocole sanitaire, car la situation financi\u00e8re de ces derniers ne leur permet pas d\u2019assumer sans failles une telle responsabilit\u00e9\u00a0\u00bb. Evoquant toujours le volet financier, Souleymane a \u00e9galement fait savoir que les clubs de l\u2019Ouest \u00e9voluant en Ligues 1 et 2, au nombre de 7, et auxquels se sont joints les repr\u00e9sentants de l\u2019ASO Chlef et de la JS Saoura, se sont \u00e9galement entendus pour qu\u2019il y ait un accord avec leurs joueurs portant sur la r\u00e9duction, entre 25 et 50%, des salaires pendant toute la p\u00e9riode d\u2019interruption du championnat. Concernant les clubs appel\u00e9s \u00e0 repr\u00e9senter l\u2019Alg\u00e9rie la saison prochaine dans les comp\u00e9titions internationales si le championnat ne reprendra pas, les pr\u00e9sents \u00e0 cette r\u00e9union ont pr\u00e9conis\u00e9 l\u2019organisation d\u2019un mini-tournoi regroupant les quatre premiers pour d\u00e9signer le champion, a encore fait savoir le premier responsable du WAT, d\u00e9clarant que \u00ab\u00a0la balle est d\u00e9sormais dans le camp de la FAF et des pouvoirs publics\u00a0\u00bb.<\/p>\n<p><strong>Publi\u00e9 dans :<\/strong> <span>ligue 1<\/span><\/p>\n<\/div>\n<p>Auteur:<br \/>\n<a href=\"http:\/\/www.lebuteur.com\/article\/detail?titre=les-clubs-de-louest-sopposent-a-une-eventuelle-reprise-de-la-competition&#038;id=96299&#038;utm_source=feedburner&#038;utm_medium=feed&#038;utm_campaign=Feed%3A+GalerieFArtciles+%28Les+derniers+articles++-+lebuteur.com%29\">Cliquez ici pour lire l&rsquo;article depuis sa source.<\/a><\/p>\n","protected":false},"excerpt":{"rendered":"<p>Auteur : APS jeudi 18 juin 2020 20:27 Les clubs de Ligues 1 et 2 de l\u2019Ouest du pays, r\u00e9unis avec les responsables de la Ligue de football professionnel (LFP), jeudi \u00e0 Oran, ont \u00e9t\u00e9 unanimes \u00e0 appeler \u00e0 mettre un terme pr\u00e9matur\u00e9 \u00e0 l\u2019actuel exercice, a indiqu\u00e9 \u00e0 l\u2019APS le pr\u00e9sident du WA Tlemcen, [&hellip;]<\/p>\n","protected":false},"author":1738,"featured_media":89456,"comment_status":"closed","ping_status":"closed","sticky":false,"template":"","format":"standard","meta":{"fifu_image_url":"","fifu_image_alt":"","footnotes":""},"categories":[53,75],"tags":[],"class_list":["post-89455","post","type-post","status-publish","format-standard","has-post-thumbnail","hentry","category-algerie","category-sport"],"_links":{"self":[{"href":"https:\/\/linitiative.ca\/International\/wp-json\/wp\/v2\/posts\/89455","targetHints":{"allow":["GET"]}}],"collection":[{"href":"https:\/\/linitiative.ca\/International\/wp-json\/wp\/v2\/posts"}],"about":[{"href":"https:\/\/linitiative.ca\/International\/wp-json\/wp\/v2\/types\/post"}],"author":[{"embeddable":true,"href":"https:\/\/linitiative.ca\/International\/wp-json\/wp\/v2\/users\/1738"}],"replies":[{"embeddable":true,"href":"https:\/\/linitiative.ca\/International\/wp-json\/wp\/v2\/comments?post=89455"}],"version-history":[{"count":0,"href":"https:\/\/linitiative.ca\/International\/wp-json\/wp\/v2\/posts\/89455\/revisions"}],"wp:featuredmedia":[{"embeddable":true,"href":"https:\/\/linitiative.ca\/International\/wp-json\/"}],"wp:attachment":[{"href":"https:\/\/linitiative.ca\/International\/wp-json\/wp\/v2\/media?parent=89455"}],"wp:term":[{"taxonomy":"category","embeddable":true,"href":"https:\/\/linitiative.ca\/International\/wp-json\/wp\/v2\/categories?post=89455"},{"taxonomy":"post_tag","embeddable":true,"href":"https:\/\/linitiative.ca\/International\/wp-json\/wp\/v2\/tags?post=89455"}],"curies":[{"name":"wp","href":"https:\/\/api.w.org\/{rel}","templated":true}]}}