{"id":89464,"date":"2020-06-18T16:29:00","date_gmt":"2020-06-18T20:29:00","guid":{"rendered":"https:\/\/linitiative.ca\/International\/tourisme-quel-dispositif-pour-reussir-la-reprise\/"},"modified":"2020-06-18T16:29:00","modified_gmt":"2020-06-18T20:29:00","slug":"tourisme-quel-dispositif-pour-reussir-la-reprise","status":"publish","type":"post","link":"https:\/\/linitiative.ca\/International\/tourisme-quel-dispositif-pour-reussir-la-reprise\/","title":{"rendered":"Tourisme : Quel dispositif pour r\u00e9ussir la reprise"},"content":{"rendered":"<header>\n<\/header>\n<div class=\"entry-content clearfix\" readability=\"35\"><img decoding=\"async\" class=\"post_layout_5_img\" src=\"http:\/\/aujourdhui.ma\/wp-content\/uploads\/2019\/10\/Tourisme-Marrakech.jpg\" alt=\"Tourisme : Quel dispositif pour r&#xE9;ussir la reprise\"\/><\/p>\n<p>Les professionnels du secteur touristique, repr\u00e9sent\u00e9s par la Conf\u00e9d\u00e9ration nationale de tourisme (CNT) rencontrent demain matin le chef du gouvernement et les \u00e9quipes du minist\u00e8re du tourisme pour parler du dispositif d\u2019accompagnement du secteur pour la reprise.<\/p>\n<\/div>\n<p>Auteur: ALM<br \/>\n<a href=\"https:\/\/aujourdhui.ma\/economie\/tourisme-quel-dispositif-pour-reussir-la-reprise\">Cliquez ici pour lire l&rsquo;article depuis sa source.<\/a><\/p>\n","protected":false},"excerpt":{"rendered":"<p>Les professionnels du secteur touristique, repr\u00e9sent\u00e9s par la Conf\u00e9d\u00e9ration nationale de tourisme (CNT) rencontrent demain matin le chef du gouvernement et les \u00e9quipes du minist\u00e8re du tourisme pour parler du dispositif d\u2019accompagnement du secteur pour la reprise. Auteur: ALM Cliquez ici pour lire l&rsquo;article depuis sa source.<\/p>\n","protected":false},"author":1759,"featured_media":89465,"comment_status":"closed","ping_status":"closed","sticky":false,"template":"","format":"standard","meta":{"fifu_image_url":"","fifu_image_alt":"","footnotes":""},"categories":[73,54],"tags":[],"class_list":["post-89464","post","type-post","status-publish","format-standard","has-post-thumbnail","hentry","category-actualite","category-maroc"],"_links":{"self":[{"href":"https:\/\/linitiative.ca\/International\/wp-json\/wp\/v2\/posts\/89464","targetHints":{"allow":["GET"]}}],"collection":[{"href":"https:\/\/linitiative.ca\/International\/wp-json\/wp\/v2\/posts"}],"about":[{"href":"https:\/\/linitiative.ca\/International\/wp-json\/wp\/v2\/types\/post"}],"author":[{"embeddable":true,"href":"https:\/\/linitiative.ca\/International\/wp-json\/wp\/v2\/users\/1759"}],"replies":[{"embeddable":true,"href":"https:\/\/linitiative.ca\/International\/wp-json\/wp\/v2\/comments?post=89464"}],"version-history":[{"count":0,"href":"https:\/\/linitiative.ca\/International\/wp-json\/wp\/v2\/posts\/89464\/revisions"}],"wp:featuredmedia":[{"embeddable":true,"href":"https:\/\/linitiative.ca\/International\/wp-json\/"}],"wp:attachment":[{"href":"https:\/\/linitiative.ca\/International\/wp-json\/wp\/v2\/media?parent=89464"}],"wp:term":[{"taxonomy":"category","embeddable":true,"href":"https:\/\/linitiative.ca\/International\/wp-json\/wp\/v2\/categories?post=89464"},{"taxonomy":"post_tag","embeddable":true,"href":"https:\/\/linitiative.ca\/International\/wp-json\/wp\/v2\/tags?post=89464"}],"curies":[{"name":"wp","href":"https:\/\/api.w.org\/{rel}","templated":true}]}}