{"id":89467,"date":"2020-06-19T09:19:14","date_gmt":"2020-06-19T13:19:14","guid":{"rendered":"https:\/\/linitiative.ca\/International\/masen-fer-de-lance-de-la-politique-energetique\/"},"modified":"2020-06-19T09:19:14","modified_gmt":"2020-06-19T13:19:14","slug":"masen-fer-de-lance-de-la-politique-energetique","status":"publish","type":"post","link":"https:\/\/linitiative.ca\/International\/masen-fer-de-lance-de-la-politique-energetique\/","title":{"rendered":"Masen : fer de lance de la politique \u00e9nerg\u00e9tique"},"content":{"rendered":"<header>\n<div class=\"entry-post-meta\">\n<p>Date\u00a0:<time content=\"2020-06-19T14:19:14+01:00\" class=\"entry-date updated\" datetime=\"2020-06-19T14:19:14+01:00\">juin 19, 2020<\/time><\/p>\n<p>4Vues<\/p>\n<\/div>\n<\/header>\n<div class=\"entry-content clearfix\" readability=\"65\"><img decoding=\"async\" class=\"post_layout_5_img\" src=\"http:\/\/aujourdhui.ma\/wp-content\/uploads\/2020\/06\/Masen.jpg\" alt=\"Masen : fer de lance de la politique &#xE9;nerg&#xE9;tique\"\/><\/p>\n<p><span class=\"c5\"><strong>Derri\u00e8re la strat\u00e9gie nationale des \u00e9nergies renouvelables, il y a un principal acteur : Masen. Le groupe est charg\u00e9 de piloter les \u00e9nergies renouvelables au Maroc.<\/strong><\/span><span id=\"more-348082\"\/><\/p>\n<p><a href=\"https:\/\/aujourdhui.ma\/wp-content\/uploads\/2020\/06\/Sans-titre-1-4.jpg\"><img loading=\"lazy\" decoding=\"async\" class=\" wp-image-348086 alignleft\" src=\"http:\/\/aujourdhui.ma\/wp-content\/uploads\/2020\/06\/Sans-titre-1-4-300x153.jpg\" alt=\"\" width=\"147\" height=\"75\" srcset=\"http:\/\/aujourdhui.ma\/wp-content\/uploads\/2020\/06\/Sans-titre-1-4-300x153.jpg 300w, \/\/aujourdhui.ma\/wp-content\/uploads\/2020\/06\/Sans-titre-1-4-274x140.jpg 274w, \/\/aujourdhui.ma\/wp-content\/uploads\/2020\/06\/Sans-titre-1-4.jpg 746w, \/\/aujourdhui.ma\/wp-content\/uploads\/2020\/06\/Sans-titre-1-4-165x84.jpg 165w, \/\/aujourdhui.ma\/wp-content\/uploads\/2020\/06\/Sans-titre-1-4-702x358.jpg 702w\" sizes=\"auto, (max-width: 147px) 100vw, 147px\"\/><\/a>Les programmes de d\u00e9veloppement de projets int\u00e9gr\u00e9s port\u00e9s par Masen visent notamment \u00e0 d\u00e9velopper une puissance de production \u00e9lectrique propre additionnelle de 3.000 MW d\u00e8s cette ann\u00e9e 2020 et de doubler cette capacit\u00e9 pour atteindre 6.000 MW dans une dizaine d\u2019ann\u00e9es. Le but est de contribuer \u00e0 l\u2019objectif national, \u00e0 l\u2019horizon 2030, d\u2019un mix \u00e9nerg\u00e9tique dont au moins 52% est d\u2019origine renouvelable.<\/p>\n<p>La mission confi\u00e9e \u00e0 Masen est tout simplement de transformer l\u2019\u00e9nergie naturelle en \u00e9nergie de d\u00e9veloppement. Le mod\u00e8le int\u00e9gr\u00e9 cr\u00e9\u00e9 \u00e0 cet effet vise \u00e0 instituer des \u00e9cosyst\u00e8mes viables et rentables.<\/p>\n<p>En plus de la production d\u2019\u00e9lectricit\u00e9 \u00e0 travers des projets d\u2019envergure et la mobilisation des financements n\u00e9cessaires, Masen cherche \u00e0 catalyser le d\u00e9veloppement d\u2019un tissu \u00e9conomique comp\u00e9titif qui mobilise de mani\u00e8re efficiente les comp\u00e9tences existantes et contribue \u00e0 en cr\u00e9er de nouvelles. Plus loin encore, les missions de Masen ont vocation \u00e0 \u00eatre port\u00e9es \u00e0 l\u2019\u00e9chelle continentale et internationale.<\/p>\n<p>Concr\u00e8tement, Masen ambitionne de partager toute l\u2019exp\u00e9rience acquise depuis sa cr\u00e9ation au service du d\u00e9veloppement int\u00e9gr\u00e9 des \u00e9nergies renouvelables avec les pays disposant de ces ressources et ne les valorisant pas encore ou insuffisamment. Sur le plan de sa gouvernance, Masen est organis\u00e9 autour d\u2019une direction g\u00e9n\u00e9rale qui d\u00e9ploie et coordonne les actions de Masen et d\u2019un conseil d\u2019administration, o\u00f9 sont repr\u00e9sent\u00e9s les principaux minist\u00e8res et acteurs cl\u00e9s du secteur. Il faut pr\u00e9ciser par ailleurs que Masen a proc\u00e9d\u00e9 \u00e0 des filialisations et a amorc\u00e9 un processus de prise de participation.<\/p>\n<p>Le groupe a \u00e9galement impuls\u00e9 la cr\u00e9ation d\u2019un cluster, d\u2019abord solaire, pour l\u2019\u00e9largir \u00e0 toutes les \u00e9nergies renouvelables.<\/p>\n<\/div>\n<p>Auteur: Mohamed Badrane<br \/>\n<a href=\"https:\/\/aujourdhui.ma\/economie\/masen-fer-de-lance-de-la-politique-energetique\">Cliquez ici pour lire l&rsquo;article depuis sa source.<\/a><\/p>\n","protected":false},"excerpt":{"rendered":"<p>Date\u00a0:juin 19, 2020 4Vues Derri\u00e8re la strat\u00e9gie nationale des \u00e9nergies renouvelables, il y a un principal acteur : Masen. Le groupe est charg\u00e9 de piloter les \u00e9nergies renouvelables au Maroc. Les programmes de d\u00e9veloppement de projets int\u00e9gr\u00e9s port\u00e9s par Masen visent notamment \u00e0 d\u00e9velopper une puissance de production \u00e9lectrique propre additionnelle de 3.000 MW d\u00e8s [&hellip;]<\/p>\n","protected":false},"author":1759,"featured_media":89468,"comment_status":"closed","ping_status":"closed","sticky":false,"template":"","format":"standard","meta":{"fifu_image_url":"","fifu_image_alt":"","footnotes":""},"categories":[73,54],"tags":[],"class_list":["post-89467","post","type-post","status-publish","format-standard","has-post-thumbnail","hentry","category-actualite","category-maroc"],"_links":{"self":[{"href":"https:\/\/linitiative.ca\/International\/wp-json\/wp\/v2\/posts\/89467","targetHints":{"allow":["GET"]}}],"collection":[{"href":"https:\/\/linitiative.ca\/International\/wp-json\/wp\/v2\/posts"}],"about":[{"href":"https:\/\/linitiative.ca\/International\/wp-json\/wp\/v2\/types\/post"}],"author":[{"embeddable":true,"href":"https:\/\/linitiative.ca\/International\/wp-json\/wp\/v2\/users\/1759"}],"replies":[{"embeddable":true,"href":"https:\/\/linitiative.ca\/International\/wp-json\/wp\/v2\/comments?post=89467"}],"version-history":[{"count":0,"href":"https:\/\/linitiative.ca\/International\/wp-json\/wp\/v2\/posts\/89467\/revisions"}],"wp:featuredmedia":[{"embeddable":true,"href":"https:\/\/linitiative.ca\/International\/wp-json\/"}],"wp:attachment":[{"href":"https:\/\/linitiative.ca\/International\/wp-json\/wp\/v2\/media?parent=89467"}],"wp:term":[{"taxonomy":"category","embeddable":true,"href":"https:\/\/linitiative.ca\/International\/wp-json\/wp\/v2\/categories?post=89467"},{"taxonomy":"post_tag","embeddable":true,"href":"https:\/\/linitiative.ca\/International\/wp-json\/wp\/v2\/tags?post=89467"}],"curies":[{"name":"wp","href":"https:\/\/api.w.org\/{rel}","templated":true}]}}