{"id":89480,"date":"2020-06-19T11:39:38","date_gmt":"2020-06-19T15:39:38","guid":{"rendered":"https:\/\/linitiative.ca\/International\/covid-19-60-des-employeurs-sont-impactes-par-la-crise-entre-mars-et-mai\/"},"modified":"2020-06-19T11:39:38","modified_gmt":"2020-06-19T15:39:38","slug":"covid-19-60-des-employeurs-sont-impactes-par-la-crise-entre-mars-et-mai","status":"publish","type":"post","link":"https:\/\/linitiative.ca\/International\/covid-19-60-des-employeurs-sont-impactes-par-la-crise-entre-mars-et-mai\/","title":{"rendered":"Covid-19: 60% des employeurs sont impact\u00e9s par la crise entre mars et mai"},"content":{"rendered":"<p class=\"has-text-color c2\"><strong>Une majorit\u00e9 de 60% des employeurs qui ont d\u00e9clar\u00e9 leurs salari\u00e9s au titre du mois de f\u00e9vrier dernier ont \u00e9t\u00e9 impact\u00e9s par la crise sanitaire li\u00e9e \u00e0 la Covid-19 entre les mois de mars et mai, a indiqu\u00e9 la Caisse nationale de s\u00e9curit\u00e9 sociale (CNSS).<\/strong><\/p>\n<p>D\u2019apr\u00e8s des donn\u00e9es de la CNSS relatives aux mesures de lutte contre les r\u00e9percussions de la pand\u00e9mie, pr\u00e9sent\u00e9es devant la Commission de l\u2019enseignement et des affaires sociales \u00e0 la Chambre des conseillers, 36% des employ\u00e9s d\u00e9clar\u00e9s au titre de f\u00e9vrier ont cess\u00e9 de travailler pendant les mois d\u2019avril et de mai, soit un total de pr\u00e8s de 900.000 salari\u00e9s.<\/p>\n<p>En outre, 61% des salari\u00e9s en arr\u00eat de travail en avril per\u00e7oivent moins de 3.000 DH par mois, tandis que seulement 5% touchent plus de 6.000 DH.<\/p>\n<p>Concernant les activit\u00e9s les plus affect\u00e9es par la pand\u00e9mie, le secteur de la restauration vient en t\u00eate (87%), suivi du secteur de l\u2019habillement (88%), du textile (81%), des agences de voyage (80%) et l\u2019h\u00e9bergement, dont 65% des employ\u00e9s ont arr\u00eat\u00e9 temporairement de travailler.<\/p>\n<p>La commission parlementaire a \u00e9galement abord\u00e9 les mesures mises en place par la CNSS afin de faire respecter l\u2019\u00e9tat d\u2019urgence sanitaire, que ce soit au profit des assur\u00e9s ou des entreprises, mettant l\u2019accent sur la contribution apport\u00e9e au Fonds sp\u00e9cial pour la gestion de la lutte contre la pand\u00e9mie qui s\u2019\u00e9l\u00e8ve \u00e0 500 MDH, sans oublier ses contributions dans le domaine de la sant\u00e9, en mettant les unit\u00e9s m\u00e9dicales multidisciplinaires qui d\u00e9pendent de la Caisse \u00e0 la disposition des autorit\u00e9s sanitaires, en coordination avec les pouvoirs publics, dans les villes de Casablanca (2), Marrakech, Tanger, Mohammedia, Settat et El Jadida.<\/p>\n<p>Concernant les chiffres de l\u2019exercice 2019, 252.084 entreprises et 3,54 millions de salari\u00e9s \u00e9taient d\u00e9clar\u00e9s. De plus, la Caisse fait \u00e9tat de 600.318 titulaires de pensions (11,7 MMDH), 24,5 MMDH d\u2019indemnit\u00e9s vers\u00e9es et 61,7 MMDH de r\u00e9serves disponibles aupr\u00e8s de la CDG.<\/p>\n<p>D\u2019autre part, une augmentation du nombre des personnes d\u00e9clar\u00e9es a \u00e9t\u00e9 observ\u00e9e entre 2005 et 2019, passant de 1,58 million \u00e0 3,54 millions, rel\u00e8ve la m\u00eame source, mettant en exergue l\u2019extension de la s\u00e9curit\u00e9 sociale aux travailleurs domestiques, sachant que la d\u00e9claration de cette cat\u00e9gorie est d\u00e9sormais obligatoire.<\/p>\n<p>Au sujet de la r\u00e9forme du syst\u00e8me des retraites, l\u2019\u00e9tude r\u00e9alis\u00e9e en 2018 pour l\u2019\u00e9valuation du syst\u00e8me actuel a d\u00e9bouch\u00e9 sur l\u2019\u00e9laboration de sc\u00e9narios actuellement en cours d\u2019examen au sein du conseil d\u2019administration de la CNSS, y compris une r\u00e9forme syst\u00e9mique visant \u00e0 reconsid\u00e9rer le syst\u00e8me de retraites de la Caisse dans son int\u00e9gralit\u00e9, dans une logique de compl\u00e9mentarit\u00e9 avec la vision globale de r\u00e9forme de ce syst\u00e8me.<\/p>\n<p>Auteur: M&rsquo;hammed rahal<br \/>\n<a href=\"http:\/\/albayane.press.ma\/covid-19-60-des-employeurs-sont-impactes-par-la-crise-entre-mars-et-mai.html\">Cliquez ici pour lire l&rsquo;article depuis sa source.<\/a><\/p>\n","protected":false},"excerpt":{"rendered":"<p>Une majorit\u00e9 de 60% des employeurs qui ont d\u00e9clar\u00e9 leurs salari\u00e9s au titre du mois de f\u00e9vrier dernier ont \u00e9t\u00e9 impact\u00e9s par la crise sanitaire li\u00e9e \u00e0 la Covid-19 entre les mois de mars et mai, a indiqu\u00e9 la Caisse nationale de s\u00e9curit\u00e9 sociale (CNSS). D\u2019apr\u00e8s des donn\u00e9es de la CNSS relatives aux mesures de [&hellip;]<\/p>\n","protected":false},"author":1760,"featured_media":0,"comment_status":"closed","ping_status":"closed","sticky":false,"template":"","format":"standard","meta":{"fifu_image_url":"","fifu_image_alt":"","footnotes":""},"categories":[73,54],"tags":[],"class_list":["post-89480","post","type-post","status-publish","format-standard","hentry","category-actualite","category-maroc"],"_links":{"self":[{"href":"https:\/\/linitiative.ca\/International\/wp-json\/wp\/v2\/posts\/89480","targetHints":{"allow":["GET"]}}],"collection":[{"href":"https:\/\/linitiative.ca\/International\/wp-json\/wp\/v2\/posts"}],"about":[{"href":"https:\/\/linitiative.ca\/International\/wp-json\/wp\/v2\/types\/post"}],"author":[{"embeddable":true,"href":"https:\/\/linitiative.ca\/International\/wp-json\/wp\/v2\/users\/1760"}],"replies":[{"embeddable":true,"href":"https:\/\/linitiative.ca\/International\/wp-json\/wp\/v2\/comments?post=89480"}],"version-history":[{"count":0,"href":"https:\/\/linitiative.ca\/International\/wp-json\/wp\/v2\/posts\/89480\/revisions"}],"wp:attachment":[{"href":"https:\/\/linitiative.ca\/International\/wp-json\/wp\/v2\/media?parent=89480"}],"wp:term":[{"taxonomy":"category","embeddable":true,"href":"https:\/\/linitiative.ca\/International\/wp-json\/wp\/v2\/categories?post=89480"},{"taxonomy":"post_tag","embeddable":true,"href":"https:\/\/linitiative.ca\/International\/wp-json\/wp\/v2\/tags?post=89480"}],"curies":[{"name":"wp","href":"https:\/\/api.w.org\/{rel}","templated":true}]}}