{"id":89481,"date":"2020-06-19T09:03:04","date_gmt":"2020-06-19T13:03:04","guid":{"rendered":"https:\/\/linitiative.ca\/International\/initiative-de-la-bibliotheque-nationale-hommage-posthume-a-albert-memmi\/"},"modified":"2020-06-19T09:03:04","modified_gmt":"2020-06-19T13:03:04","slug":"initiative-de-la-bibliotheque-nationale-hommage-posthume-a-albert-memmi","status":"publish","type":"post","link":"https:\/\/linitiative.ca\/International\/initiative-de-la-bibliotheque-nationale-hommage-posthume-a-albert-memmi\/","title":{"rendered":"Initiative de la Biblioth\u00e8que nationale : Hommage-posthume \u00e0 Albert Memmi"},"content":{"rendered":"<p>La Biblioth\u00e8que nationale de Tunisie (BNT) organisera, le vendredi 26 juin prochain (16h), une rencontre en hommage posthume \u00e0 l\u2019\u00e9crivain franco-tunisien Albert Memmi (1920-2020).<\/p>\n<p>Ce rendez-vous s\u2019inscrit dans le cadre des rencontres organis\u00e9es par la BNT \u00e0 la m\u00e9moire des grandes figures de la litt\u00e9rature et la sc\u00e8ne culturelle tunisienne en g\u00e9n\u00e9ral.<\/p>\n<p>Albert Memmi est un natif du 15 d\u00e9cembre 1920 dans le quartier juif El Hara \u00e0 Tunis. Il est d\u00e9c\u00e9d\u00e9 le 22 mai dernier \u00e0 Paris, \u00e0 l\u2019\u00e2ge de 99 ans.<\/p>\n<p>Memmi est un romancier, essayiste et penseur qui a fait ses \u00e9tudes entre Tunis, Alger et Paris, ville o\u00f9 il avait r\u00e9sid\u00e9 depuis l\u2019aube de l\u2019ind\u00e9pendance jusqu\u2019\u00e0 sa mort.<\/p>\n<p>Il a d\u00e9but\u00e9 sa carri\u00e8re \u00e0 Tunis en tant qu\u2019enseignant de philosophie et responsable des pages culturelles \u00e0 l\u2019hebdomadaire \u00ab L\u2019Action \u00bb (l\u2019actuel Jeune Afrique).<\/p>\n<p>Parmi ses \u0153uvres, \u00ab La Statue de sel \u00bb (1953) et \u00ab Agar \u00bb (1955), \u00ab Portrait du colonis\u00e9 \u00bb et \u00ab Portrait du colonisateur (1957), \u00ab Anthologie des \u00e9crivains maghr\u00e9bins d\u2019expression fran\u00e7aise \u00bb (1964), \u00ab Juifs et arabes \u00bb (1974) un essai qui avait suscit\u00e9 beaucoup de critiques.<\/p>\n<p>Cet \u00e9crivain dont l\u2019\u0153uvre traduit la pluralit\u00e9 identitaire et litt\u00e9raire de son auteur, est laur\u00e9at du Grand prix de la francophonie pour l\u2019ensemble de son \u0153uvre \u00e9crite en fran\u00e7ais en 2004.<\/p>\n<div class=\"wp-post-author-wrap wp-post-author-shortcode left\">\n<h3 class=\"awpa-title\"\/>\n<div class=\"wp-post-author\">\n<div class=\"awpa-img awpa-author-block square\"><a href=\"http:\/\/lexpertjournal.net\/fr\/?author=5\"><img loading=\"lazy\" decoding=\"async\" alt=\"\" src=\"http:\/\/0.gravatar.com\/avatar\/97f8e10a1c1125ba104a76514ee07b16?s=150&amp;d=mm&amp;r=g\" srcset=\"http:\/\/0.gravatar.com\/avatar\/97f8e10a1c1125ba104a76514ee07b16?s=300&amp;d=mm&amp;r=g 2x\" class=\"avatar avatar-150 photo\" height=\"150\" width=\"150\"\/><\/a><\/div>\n<\/div>\n<\/div>\n<aside class=\"mashsb-container mashsb-main mashsb-stretched\">\n<\/aside>\n<p>Auteur: L&rsquo;expert<br \/>\n<a href=\"http:\/\/lexpertjournal.net\/fr\/?p=15327\">Cliquez ici pour lire l&rsquo;article depuis sa source.<\/a><\/p>\n","protected":false},"excerpt":{"rendered":"<p>La Biblioth\u00e8que nationale de Tunisie (BNT) organisera, le vendredi 26 juin prochain (16h), une rencontre en hommage posthume \u00e0 l\u2019\u00e9crivain franco-tunisien Albert Memmi (1920-2020). Ce rendez-vous s\u2019inscrit dans le cadre des rencontres organis\u00e9es par la BNT \u00e0 la m\u00e9moire des grandes figures de la litt\u00e9rature et la sc\u00e8ne culturelle tunisienne en g\u00e9n\u00e9ral. Albert Memmi est [&hellip;]<\/p>\n","protected":false},"author":1775,"featured_media":0,"comment_status":"closed","ping_status":"closed","sticky":false,"template":"","format":"standard","meta":{"fifu_image_url":"","fifu_image_alt":"","footnotes":""},"categories":[78,55],"tags":[],"class_list":["post-89481","post","type-post","status-publish","format-standard","hentry","category-economie","category-tunisie"],"_links":{"self":[{"href":"https:\/\/linitiative.ca\/International\/wp-json\/wp\/v2\/posts\/89481","targetHints":{"allow":["GET"]}}],"collection":[{"href":"https:\/\/linitiative.ca\/International\/wp-json\/wp\/v2\/posts"}],"about":[{"href":"https:\/\/linitiative.ca\/International\/wp-json\/wp\/v2\/types\/post"}],"author":[{"embeddable":true,"href":"https:\/\/linitiative.ca\/International\/wp-json\/wp\/v2\/users\/1775"}],"replies":[{"embeddable":true,"href":"https:\/\/linitiative.ca\/International\/wp-json\/wp\/v2\/comments?post=89481"}],"version-history":[{"count":0,"href":"https:\/\/linitiative.ca\/International\/wp-json\/wp\/v2\/posts\/89481\/revisions"}],"wp:attachment":[{"href":"https:\/\/linitiative.ca\/International\/wp-json\/wp\/v2\/media?parent=89481"}],"wp:term":[{"taxonomy":"category","embeddable":true,"href":"https:\/\/linitiative.ca\/International\/wp-json\/wp\/v2\/categories?post=89481"},{"taxonomy":"post_tag","embeddable":true,"href":"https:\/\/linitiative.ca\/International\/wp-json\/wp\/v2\/tags?post=89481"}],"curies":[{"name":"wp","href":"https:\/\/api.w.org\/{rel}","templated":true}]}}