{"id":89482,"date":"2020-06-19T09:07:06","date_gmt":"2020-06-19T13:07:06","guid":{"rendered":"https:\/\/linitiative.ca\/International\/hydrocarbures-une-production-de-12-530-tep-en-dessous-des-previsions-annuelles\/"},"modified":"2020-06-19T09:07:06","modified_gmt":"2020-06-19T13:07:06","slug":"hydrocarbures-une-production-de-12-530-tep-en-dessous-des-previsions-annuelles","status":"publish","type":"post","link":"https:\/\/linitiative.ca\/International\/hydrocarbures-une-production-de-12-530-tep-en-dessous-des-previsions-annuelles\/","title":{"rendered":"Hydrocarbures : Une production de 12 530 Tep, en dessous des pr\u00e9visions annuelles"},"content":{"rendered":"<p>La production journali\u00e8re d\u2019hydrocarbures s\u2019est \u00e9lev\u00e9e \u00e0 12530 tonnes \u00e9quivalent p\u00e9trole (Tep), le 17 juin courant, selon les indicateurs publi\u00e9s par la Direction G\u00e9n\u00e9rale des hydrocarbures, publi\u00e9s vendredi, sur la page du minist\u00e8re de l\u2019Energie, des mines et de transition \u00e9nerg\u00e9tique.<\/p>\n<p>Ces indicateurs font ressortir une production du gaz commercial \u00e0 hauteur de 6871 Tep, de p\u00e9trole de l\u2019ordre de 5269 Tep, et du GPL de 389 Tep.<\/p>\n<p>Selon la Direction des hydrocarbures, la production est \u00ab en dessous des pr\u00e9visions annuelles \u00bb, \u00e0 cause du retard enregistr\u00e9 pour le d\u00e9marrage des travaux de d\u00e9veloppement des trois puits situ\u00e9s sur la concession \u00ab Halk El Menzel \u00bb, la suspension des op\u00e9rations de forage \u00e0 cause de la pand\u00e9mie du coronavirus, et le report des programmes de travaux de forage\u2026 sur les concessions Ashtart, Maamoura, Baguel, Ghrib et Gremda.<\/p>\n<p>Pour rappel, l\u2019Observatoire National de l\u2019Energie et des Mine a annonc\u00e9, r\u00e9cemment, que le d\u00e9ficit mensuel de la balance commerciale \u00e9nerg\u00e9tique s\u2019est r\u00e9duit de 8%, \u00e0 fin avril 2020, pour s\u2019\u00e9tablir \u00e0 1923 millions de dinars (MD), et ce, en tenant compte de la redevance du gaz alg\u00e9rien export\u00e9.<\/p>\n<div class=\"wp-post-author-wrap wp-post-author-shortcode left\">\n<h3 class=\"awpa-title\"\/>\n<div class=\"wp-post-author\">\n<div class=\"awpa-img awpa-author-block square\"><a href=\"http:\/\/lexpertjournal.net\/fr\/?author=5\"><img loading=\"lazy\" decoding=\"async\" alt=\"\" src=\"http:\/\/0.gravatar.com\/avatar\/97f8e10a1c1125ba104a76514ee07b16?s=150&amp;d=mm&amp;r=g\" srcset=\"http:\/\/0.gravatar.com\/avatar\/97f8e10a1c1125ba104a76514ee07b16?s=300&amp;d=mm&amp;r=g 2x\" class=\"avatar avatar-150 photo\" height=\"150\" width=\"150\"\/><\/a><\/div>\n<\/div>\n<\/div>\n<aside class=\"mashsb-container mashsb-main mashsb-stretched\">\n<\/aside>\n<p>Auteur: L&rsquo;expert<br \/>\n<a href=\"http:\/\/lexpertjournal.net\/fr\/?p=15330\">Cliquez ici pour lire l&rsquo;article depuis sa source.<\/a><\/p>\n","protected":false},"excerpt":{"rendered":"<p>La production journali\u00e8re d\u2019hydrocarbures s\u2019est \u00e9lev\u00e9e \u00e0 12530 tonnes \u00e9quivalent p\u00e9trole (Tep), le 17 juin courant, selon les indicateurs publi\u00e9s par la Direction G\u00e9n\u00e9rale des hydrocarbures, publi\u00e9s vendredi, sur la page du minist\u00e8re de l\u2019Energie, des mines et de transition \u00e9nerg\u00e9tique. Ces indicateurs font ressortir une production du gaz commercial \u00e0 hauteur de 6871 Tep, [&hellip;]<\/p>\n","protected":false},"author":1775,"featured_media":0,"comment_status":"closed","ping_status":"closed","sticky":false,"template":"","format":"standard","meta":{"fifu_image_url":"","fifu_image_alt":"","footnotes":""},"categories":[78,55],"tags":[],"class_list":["post-89482","post","type-post","status-publish","format-standard","hentry","category-economie","category-tunisie"],"_links":{"self":[{"href":"https:\/\/linitiative.ca\/International\/wp-json\/wp\/v2\/posts\/89482","targetHints":{"allow":["GET"]}}],"collection":[{"href":"https:\/\/linitiative.ca\/International\/wp-json\/wp\/v2\/posts"}],"about":[{"href":"https:\/\/linitiative.ca\/International\/wp-json\/wp\/v2\/types\/post"}],"author":[{"embeddable":true,"href":"https:\/\/linitiative.ca\/International\/wp-json\/wp\/v2\/users\/1775"}],"replies":[{"embeddable":true,"href":"https:\/\/linitiative.ca\/International\/wp-json\/wp\/v2\/comments?post=89482"}],"version-history":[{"count":0,"href":"https:\/\/linitiative.ca\/International\/wp-json\/wp\/v2\/posts\/89482\/revisions"}],"wp:attachment":[{"href":"https:\/\/linitiative.ca\/International\/wp-json\/wp\/v2\/media?parent=89482"}],"wp:term":[{"taxonomy":"category","embeddable":true,"href":"https:\/\/linitiative.ca\/International\/wp-json\/wp\/v2\/categories?post=89482"},{"taxonomy":"post_tag","embeddable":true,"href":"https:\/\/linitiative.ca\/International\/wp-json\/wp\/v2\/tags?post=89482"}],"curies":[{"name":"wp","href":"https:\/\/api.w.org\/{rel}","templated":true}]}}