{"id":89483,"date":"2020-06-19T09:10:08","date_gmt":"2020-06-19T13:10:08","guid":{"rendered":"https:\/\/linitiative.ca\/International\/nominations-au-ministere-de-lagriculture\/"},"modified":"2020-06-19T09:10:08","modified_gmt":"2020-06-19T13:10:08","slug":"nominations-au-ministere-de-lagriculture","status":"publish","type":"post","link":"https:\/\/linitiative.ca\/International\/nominations-au-ministere-de-lagriculture\/","title":{"rendered":"Nominations au minist\u00e8re de l\u2019Agriculture"},"content":{"rendered":"<p>Le minist\u00e8re de l\u2019Agriculture, de la p\u00eache et des ressources hydrauliques a annonc\u00e9, vendredi, la nomination d\u2019Abdelfattah Sa\u00efd, directeur g\u00e9n\u00e9ral de la production agricole, et Ezzedine Chalghaf, directeur g\u00e9n\u00e9ral de l\u2019Office de l\u2019\u00e9levage et des p\u00e2turages.<\/p>\n<p>D\u2019autres nominations ont \u00e9t\u00e9 annonc\u00e9es, \u00e0 savoir celles de Khadija Belkhirat au poste de directrice g\u00e9n\u00e9rale de l\u2019Agence Fonci\u00e8re agricole et de Tarek Jarrahi au poste du directeur g\u00e9n\u00e9ral de l\u2019Institut national des grandes cultures.<\/p>\n<div class=\"wp-post-author-wrap wp-post-author-shortcode left\">\n<h3 class=\"awpa-title\"\/>\n<div class=\"wp-post-author\">\n<div class=\"awpa-img awpa-author-block square\"><a href=\"http:\/\/lexpertjournal.net\/fr\/?author=5\"><img loading=\"lazy\" decoding=\"async\" alt=\"\" src=\"http:\/\/0.gravatar.com\/avatar\/97f8e10a1c1125ba104a76514ee07b16?s=150&amp;d=mm&amp;r=g\" srcset=\"http:\/\/0.gravatar.com\/avatar\/97f8e10a1c1125ba104a76514ee07b16?s=300&amp;d=mm&amp;r=g 2x\" class=\"avatar avatar-150 photo\" height=\"150\" width=\"150\"\/><\/a><\/div>\n<\/div>\n<\/div>\n<aside class=\"mashsb-container mashsb-main mashsb-stretched\">\n<\/aside>\n<p>Auteur: L&rsquo;expert<br \/>\n<a href=\"http:\/\/lexpertjournal.net\/fr\/?p=15334\">Cliquez ici pour lire l&rsquo;article depuis sa source.<\/a><\/p>\n","protected":false},"excerpt":{"rendered":"<p>Le minist\u00e8re de l\u2019Agriculture, de la p\u00eache et des ressources hydrauliques a annonc\u00e9, vendredi, la nomination d\u2019Abdelfattah Sa\u00efd, directeur g\u00e9n\u00e9ral de la production agricole, et Ezzedine Chalghaf, directeur g\u00e9n\u00e9ral de l\u2019Office de l\u2019\u00e9levage et des p\u00e2turages. D\u2019autres nominations ont \u00e9t\u00e9 annonc\u00e9es, \u00e0 savoir celles de Khadija Belkhirat au poste de directrice g\u00e9n\u00e9rale de l\u2019Agence Fonci\u00e8re [&hellip;]<\/p>\n","protected":false},"author":1775,"featured_media":0,"comment_status":"closed","ping_status":"closed","sticky":false,"template":"","format":"standard","meta":{"fifu_image_url":"","fifu_image_alt":"","footnotes":""},"categories":[78,55],"tags":[],"class_list":["post-89483","post","type-post","status-publish","format-standard","hentry","category-economie","category-tunisie"],"_links":{"self":[{"href":"https:\/\/linitiative.ca\/International\/wp-json\/wp\/v2\/posts\/89483","targetHints":{"allow":["GET"]}}],"collection":[{"href":"https:\/\/linitiative.ca\/International\/wp-json\/wp\/v2\/posts"}],"about":[{"href":"https:\/\/linitiative.ca\/International\/wp-json\/wp\/v2\/types\/post"}],"author":[{"embeddable":true,"href":"https:\/\/linitiative.ca\/International\/wp-json\/wp\/v2\/users\/1775"}],"replies":[{"embeddable":true,"href":"https:\/\/linitiative.ca\/International\/wp-json\/wp\/v2\/comments?post=89483"}],"version-history":[{"count":0,"href":"https:\/\/linitiative.ca\/International\/wp-json\/wp\/v2\/posts\/89483\/revisions"}],"wp:attachment":[{"href":"https:\/\/linitiative.ca\/International\/wp-json\/wp\/v2\/media?parent=89483"}],"wp:term":[{"taxonomy":"category","embeddable":true,"href":"https:\/\/linitiative.ca\/International\/wp-json\/wp\/v2\/categories?post=89483"},{"taxonomy":"post_tag","embeddable":true,"href":"https:\/\/linitiative.ca\/International\/wp-json\/wp\/v2\/tags?post=89483"}],"curies":[{"name":"wp","href":"https:\/\/api.w.org\/{rel}","templated":true}]}}