{"id":89494,"date":"2020-06-19T07:29:39","date_gmt":"2020-06-19T11:29:39","guid":{"rendered":"https:\/\/linitiative.ca\/International\/reunion-sur-limpact-du-covid-19-sur-les-activites-touristiques\/"},"modified":"2020-06-19T07:29:39","modified_gmt":"2020-06-19T11:29:39","slug":"reunion-sur-limpact-du-covid-19-sur-les-activites-touristiques","status":"publish","type":"post","link":"https:\/\/linitiative.ca\/International\/reunion-sur-limpact-du-covid-19-sur-les-activites-touristiques\/","title":{"rendered":"R\u00e9union sur l\u2019impact du covid-19 sur les activit\u00e9s touristiques"},"content":{"rendered":"<div readability=\"38\">\n<p>Essaouira \u2013 Une r\u00e9union ax\u00e9e sur les r\u00e9percussions de la pand\u00e9mie du Covid-19 a \u00e9t\u00e9 tenue, r\u00e9cemment, \u00e0 Essaouira, entre des responsables du Conseil communal de la cit\u00e9 des Aliz\u00e9s et des repr\u00e9sentants de l\u2019Union des associations professionnelles actives dans le domaine touristique au niveau de la province.<\/p>\n<\/div>\n<div readability=\"93\">\n<p>Cette rencontre, \u00e0 laquelle ont pris part le pr\u00e9sident du Conseil communal, M. Hicham Jebbari, et le directeur des services \u00e0 la Commune, M. Khalid Laaouane, a \u00e9t\u00e9 consacr\u00e9e \u00e0 l\u2019examen de l\u2019impact de la pand\u00e9mie du nouveau coronavirus sur les activit\u00e9s et m\u00e9tiers li\u00e9s au secteur touristique, en particulier, et sur l\u2019\u00e9conomie locale et provinciale en g\u00e9n\u00e9ral, ainsi qu\u2019\u00e0 la discussion des solutions et des alternatives pos\u00e9es.<\/p>\n<p>Cette r\u00e9union a \u00e9t\u00e9 ainsi l\u2019occasion pour d\u00e9battre de l\u2019ampleur et de la nature des pertes engendr\u00e9es par la propagation de la pand\u00e9mie et leurs incidences sur les professionnels actifs dans les domaines intimement li\u00e9s au secteur, tels que le transport touristique, l\u2019artisanat, les bazars et les restaurants etc.<\/p>\n<p>Dans ce sens, les repr\u00e9sentants de l\u2019Union ont appel\u00e9 notamment \u00e0 des exon\u00e9rations fiscales, au renforcement de l\u2019animation culturelle et artistique pour faire conna\u00eetre davantage la cit\u00e9 des Aliz\u00e9s, une destination fortement attractive sur le plan touristique, et au d\u00e9veloppement du transport a\u00e9rien de et vers la ville d\u2019Essaouira.<\/p>\n<p>De son c\u00f4t\u00e9, M. Jebbari a tenu \u00e0 souligner, en r\u00e9ponse aux questionnements de ses interlocuteurs, la disposition du Conseil communal, conform\u00e9ment aux attributions et pr\u00e9rogatives conf\u00e9r\u00e9es par le l\u00e9gislateur, \u00e0 trouver des solutions aux probl\u00e8mes pos\u00e9s.<\/p>\n<p>Apr\u00e8s avoir rappel\u00e9 que le budget de la Commune d\u2019Essaouira a \u00e9t\u00e9 tr\u00e8s affect\u00e9, en termes de recettes, par les r\u00e9percussions de la propagation du Covid-19, le pr\u00e9sident du Conseil a r\u00e9affirm\u00e9 l\u2019engagement de cette instance \u00e9lue \u00e0 mettre en place, dans un avenir tr\u00e8s proche, des alternatives et des programmes en vue de favoriser une meilleure relance et un red\u00e9marrage optimal de la dynamique \u00e9conomique dans la ville.<\/p>\n<p>Et M. Jebbari de relever que cela aura in\u00e9luctablement une incidence tr\u00e8s positive sur les secteurs touristique et commercial au niveau de la province d\u2019Essaouira.<\/p>\n<p>Au terme de cette r\u00e9union, les deux parties ont convenu de la mise sur pied d\u2019un plan commun avec l\u2019implication des autres acteurs, tels que la Chambre de Commerce, d\u2019Industrie et de Services, en tant que partie concern\u00e9e, et le Conseil Provincial du Tourisme d\u2019Essaouira (CPTE), et de la programmation de mani\u00e8re r\u00e9guli\u00e8re d\u2019autres rencontres de communication.<\/p>\n<\/div>\n<p>Auteur: Meriem IGASS<br \/>\n<a href=\"http:\/\/www.mapmarrakech.ma\/fr\/reunion-sur-limpact-du-covid-19-sur-les-activites-touristiques\/\">Cliquez ici pour lire l&rsquo;article depuis sa source.<\/a><\/p>\n","protected":false},"excerpt":{"rendered":"<p>Essaouira \u2013 Une r\u00e9union ax\u00e9e sur les r\u00e9percussions de la pand\u00e9mie du Covid-19 a \u00e9t\u00e9 tenue, r\u00e9cemment, \u00e0 Essaouira, entre des responsables du Conseil communal de la cit\u00e9 des Aliz\u00e9s et des repr\u00e9sentants de l\u2019Union des associations professionnelles actives dans le domaine touristique au niveau de la province. Cette rencontre, \u00e0 laquelle ont pris part [&hellip;]<\/p>\n","protected":false},"author":1788,"featured_media":0,"comment_status":"closed","ping_status":"closed","sticky":false,"template":"","format":"standard","meta":{"fifu_image_url":"","fifu_image_alt":"","footnotes":""},"categories":[54,76],"tags":[],"class_list":["post-89494","post","type-post","status-publish","format-standard","hentry","category-maroc","category-regions"],"_links":{"self":[{"href":"https:\/\/linitiative.ca\/International\/wp-json\/wp\/v2\/posts\/89494","targetHints":{"allow":["GET"]}}],"collection":[{"href":"https:\/\/linitiative.ca\/International\/wp-json\/wp\/v2\/posts"}],"about":[{"href":"https:\/\/linitiative.ca\/International\/wp-json\/wp\/v2\/types\/post"}],"author":[{"embeddable":true,"href":"https:\/\/linitiative.ca\/International\/wp-json\/wp\/v2\/users\/1788"}],"replies":[{"embeddable":true,"href":"https:\/\/linitiative.ca\/International\/wp-json\/wp\/v2\/comments?post=89494"}],"version-history":[{"count":0,"href":"https:\/\/linitiative.ca\/International\/wp-json\/wp\/v2\/posts\/89494\/revisions"}],"wp:attachment":[{"href":"https:\/\/linitiative.ca\/International\/wp-json\/wp\/v2\/media?parent=89494"}],"wp:term":[{"taxonomy":"category","embeddable":true,"href":"https:\/\/linitiative.ca\/International\/wp-json\/wp\/v2\/categories?post=89494"},{"taxonomy":"post_tag","embeddable":true,"href":"https:\/\/linitiative.ca\/International\/wp-json\/wp\/v2\/tags?post=89494"}],"curies":[{"name":"wp","href":"https:\/\/api.w.org\/{rel}","templated":true}]}}