{"id":89495,"date":"2020-06-19T08:33:52","date_gmt":"2020-06-19T12:33:52","guid":{"rendered":"https:\/\/linitiative.ca\/International\/mobilisation-pour-la-protection-du-patrimoine-subaquatique\/"},"modified":"2020-06-19T08:33:52","modified_gmt":"2020-06-19T12:33:52","slug":"mobilisation-pour-la-protection-du-patrimoine-subaquatique","status":"publish","type":"post","link":"https:\/\/linitiative.ca\/International\/mobilisation-pour-la-protection-du-patrimoine-subaquatique\/","title":{"rendered":"Mobilisation pour la protection du patrimoine subaquatique"},"content":{"rendered":"<p>Ce patrimoine arch\u00e9ologique subaquatique si riche et si singulier a cette particularit\u00e9 de renseigner sur la place de choix qu\u2019occupait la ville de Safi en tant que plaque tournante incontournable par le pass\u00e9, du commerce notamment avec les pays europ\u00e9ens. Une place longtemps consolid\u00e9e par la position g\u00e9ographique qu\u2019occupait cette cit\u00e9 Atlantique.<\/p>\n<p>L\u2019int\u00e9r\u00eat longtemps accord\u00e9 \u00e0 ces multiples richesses arch\u00e9ologiques et subaquatiques dont regorge le littoral de la cit\u00e9 de l\u2019Oc\u00e9an a pouss\u00e9 une association locale rassemblant des plongeurs exp\u00e9riment\u00e9s et des enseignants de Biologie et de Droit maritime, \u00e0 f\u00e9d\u00e9rer leurs efforts pour mener collectivement \u00ab\u00a0le combat\u00a0\u00bb en faveur de la protection et la valorisation du patrimoine subaquatique de la r\u00e9gion.<\/p>\n<p>Baptis\u00e9e \u00ab\u00a0L\u2019Association Marocaine pour la Recherche et la Protection Arch\u00e9ologique sous-marine\u00a0\u00bb, cette association a vu le jour en 2013 par des Safiots passionn\u00e9s de la plonge sous-marine notamment ceux, qui vouent un amour sans limites pour leur ville et porte cette \u00ab\u00a0forte d\u00e9termination\u00a0\u00bb \u00e0 agir pour la protection de ses richesses arch\u00e9ologiques de son littoral.<\/p>\n<p>En application de sa feuille de route, cette association se fixe pour mission aussi de valoriser ce patrimoine par l\u2019exploration, la d\u00e9couverte mais \u00e9galement par son inventaire.<\/p>\n<p>Les actions et l\u2019engagement sans faille de cette association en faveur d\u2019un tourisme \u00e9cologique et responsable ont \u00e9t\u00e9 couronn\u00e9s en 2019 par l\u2019obtention de l\u2019un des prix d\u00e9cern\u00e9s lors de la 3\u00e8me \u00e9dition des \u00ab\u00a0Troph\u00e9es Lalla Hasnaa Littoral durable\u00a0\u00bb, qui r\u00e9compense les meilleures initiatives en faveur du littoral.<\/p>\n<p>Lors de ce concours ayant suscit\u00e9 un grand int\u00e9r\u00eat et un engouement fort remarquable comme en t\u00e9moigne le nombre\u00a0des projets d\u00e9pos\u00e9s, 130 au total, dont un tiers \u00e9manait des associations, cette association a eu le grand privil\u00e8ge d\u2019\u00eatre r\u00e9compens\u00e9e dans la Cat\u00e9gorie \u00ab\u00a0Protection et valorisation du Patrimoine naturel\u00a0\u00bb pour son projet baptis\u00e9 \u00ab\u00a0Circuit des tr\u00e9sors marins de l\u2019Atlantique\u00a0\u00bb.<\/p>\n<p>Ce projet porte sur la cr\u00e9ation d\u2019un circuit de randonn\u00e9es sous-marines, la formation des guides maritimes dans le domaine de l\u2019\u00e9cotourisme, outre la r\u00e9alisation d\u2019ateliers de sensibilisation et de vulgarisation dans le domaine de la protection du patrimoine maritime (arch\u00e9ologique et naturel).<\/p>\n<p>Dans une d\u00e9claration \u00e0 la MAP, le pr\u00e9sident de cette association, Said Ait Baaziz, a indiqu\u00e9 que le plan d\u2019action de l\u2019Association marocaine pour la recherche et la protection arch\u00e9ologique sous-marine \u00e0 Safi comporte plusieurs projets ambitieux, dont certains sont en cours de r\u00e9alisation.<\/p>\n<p>Il s\u2019agit tout d\u2019abord de cr\u00e9er un noyau de plongeurs-guides, qui expliqueront aux touristes les myst\u00e8res de l\u2019Atlantique au large de Safi mais aussi, de r\u00e9aliser des plong\u00e9es au profit de ceux qui veulent d\u00e9couvrir les vestiges des civilisations anciennes ayant exist\u00e9 \u00e0 Safi, a-t-il expliqu\u00e9.<\/p>\n<p>Toute l\u2019ambition de ladite association, a encha\u00een\u00e9\u00a0M. Ait Baaziz, est de parvenir \u00e0 l\u2019\u00e9laboration d\u2019un guide o\u00f9, toutes les coordonn\u00e9es et r\u00e9f\u00e9rences des \u00e9paves et autres vestiges du pass\u00e9 au large de Safi, seraient identifi\u00e9s et r\u00e9pertori\u00e9s de mani\u00e8re \u00e0 faciliter la t\u00e2che devant les touristes et les arch\u00e9ologues en leur permettant une meilleure organisation des randonn\u00e9es sous-marines.<\/p>\n<p>Grand admirateur et passionn\u00e9 de la plonge sous-marine, M. Ait Baaziz, n\u2019a pas manqu\u00e9 de souligner que la r\u00e9gion de Safi ambitionne d\u2019attirer davantage de plongeurs en provenance de diff\u00e9rents coins du monde entier, ceux avides et curieux de d\u00e9couvrir de nombreux tr\u00e9sors qui gisent sous la mer au large de Safi.<\/p>\n<p>Il a, dans ce sens, rappel\u00e9 que l\u2019association organise des stages\u00a0 de formation en plong\u00e9e sous-marine au profit des \u00e9tudiants d\u2019arch\u00e9ologie, d\u2019\u00e9cologie et de droit maritime.<\/p>\n<p>Dans le m\u00eame sillage, il a estim\u00e9 que les randonn\u00e9es sous-marines organis\u00e9es au profit des touristes, seront \u00e0 m\u00eame de stimuler l\u2019\u00e9conomie locale et de donner un coup d\u2019acc\u00e9l\u00e9rateur \u00e0 nombre de secteurs, tels que la restauration, le transport, la p\u00eache et l\u2019artisanat.<\/p>\n<p>M.Ait Baaziz a, par la m\u00eame occasion<strong>,\u00a0<\/strong>attir\u00e9 l\u2019attention sur l\u2019imp\u00e9ratif de sauver les tr\u00e9sors sous-marins, lesquels ne cessent de faire l\u2019objet de pillage, notant que la valorisation de ces richesses arch\u00e9ologiques et la promotion de leurs d\u00e9couvertes passent, indispensablement, par la conclusion de partenariats \u00e9difiants avec des associations nationales et internationales.<\/p>\n<p>Dans ce cadre, l\u2019association a sign\u00e9 une s\u00e9rie de conventions avec le minist\u00e8re de la culture,\u00a0l\u2019Institut National des Sciences de l\u2019Arch\u00e9ologie et du Patrimoine (INSAP) et la Facult\u00e9 polydisciplinaire de Safi, alors qu\u2019une convention de partenariat avec une Universit\u00e9 de Louisiane est en cours de n\u00e9gociation.<\/p>\n<p>Ladite Association compte \u00e0 son actif plusieurs d\u00e9couvertes si pr\u00e9cieuses et d\u2019une grande port\u00e9e scientifique qui seront inscrites en lettres d\u2019or dans le patrimoine arch\u00e9ologique sous-marin au Maroc.<\/p>\n<p>Il s\u2019agit de la d\u00e9couverte d\u2019une \u00e9pave d\u2019un navire militaire au large de Safi, celui du bateau \u00e0 vapeur anglais \u00ab\u00a0Baynyassa SS\u00a0\u00bb, qui aurait \u00e9chou\u00e9, en \u00e9t\u00e9 1918, au large de la plage de Sidi Toual (15 km au sud d\u2019Agadir), la d\u00e9couverte des canons de la Sekkala de Safi, la d\u00e9couverte du lieu o\u00f9, avait \u00e9chou\u00e9 le navire \u00ab\u00a0Nicolas Paquet\u00a0\u00bb au Cap Spartel au large de Tanger.<\/p>\n<p>L\u2019association a aussi d\u00e9couvert des grottes pr\u00e9historiques ainsi que des ossements humains fossilis\u00e9s de Ain El Moucha dans la zone de Cap Beddouza (30 km de Safi) et les vestiges d\u2019un navire de guerre vieux de plus de quatre si\u00e8cles.<\/p>\n<p>Actuellement, l\u2019association a entam\u00e9 les proc\u00e9dures l\u00e9gales pour effectuer des recherches arch\u00e9ologiques sur des vestiges remontant \u00e0 la p\u00e9riode ph\u00e9nicienne, romaine ou byzantine au nord de Safi entre Sidi Bouzid et Cap Beddouza.<\/p>\n<p>Cette association qui estime que le littoral de Safi est dot\u00e9 d\u2019un patrimoine arch\u00e9ologique riche en qu\u00eate de valorisation, aspire pouvoir un jour faire b\u00e9n\u00e9ficier toute la r\u00e9gion et les associations locales, des retomb\u00e9es \u00e9conomiques des visites touristiques et de la d\u00e9couverte \u00ab\u00a0magique\u00a0\u00bb d\u2019un \u00ab\u00a0tr\u00e9sor\u00a0\u00bb arch\u00e9ologique subaquatique qui fait la fiert\u00e9 de tout le Maroc.<\/p>\n<p>Auteur: Meriem IGASS<br \/>\n<a href=\"http:\/\/www.mapmarrakech.ma\/fr\/la-societe-civile-milite-pour-la-protection-du-patrimoine-subaquatique\/\">Cliquez ici pour lire l&rsquo;article depuis sa source.<\/a><\/p>\n","protected":false},"excerpt":{"rendered":"<p>Ce patrimoine arch\u00e9ologique subaquatique si riche et si singulier a cette particularit\u00e9 de renseigner sur la place de choix qu\u2019occupait la ville de Safi en tant que plaque tournante incontournable par le pass\u00e9, du commerce notamment avec les pays europ\u00e9ens. Une place longtemps consolid\u00e9e par la position g\u00e9ographique qu\u2019occupait cette cit\u00e9 Atlantique. L\u2019int\u00e9r\u00eat longtemps accord\u00e9 [&hellip;]<\/p>\n","protected":false},"author":1788,"featured_media":0,"comment_status":"closed","ping_status":"closed","sticky":false,"template":"","format":"standard","meta":{"fifu_image_url":"","fifu_image_alt":"","footnotes":""},"categories":[54,76],"tags":[],"class_list":["post-89495","post","type-post","status-publish","format-standard","hentry","category-maroc","category-regions"],"_links":{"self":[{"href":"https:\/\/linitiative.ca\/International\/wp-json\/wp\/v2\/posts\/89495","targetHints":{"allow":["GET"]}}],"collection":[{"href":"https:\/\/linitiative.ca\/International\/wp-json\/wp\/v2\/posts"}],"about":[{"href":"https:\/\/linitiative.ca\/International\/wp-json\/wp\/v2\/types\/post"}],"author":[{"embeddable":true,"href":"https:\/\/linitiative.ca\/International\/wp-json\/wp\/v2\/users\/1788"}],"replies":[{"embeddable":true,"href":"https:\/\/linitiative.ca\/International\/wp-json\/wp\/v2\/comments?post=89495"}],"version-history":[{"count":0,"href":"https:\/\/linitiative.ca\/International\/wp-json\/wp\/v2\/posts\/89495\/revisions"}],"wp:attachment":[{"href":"https:\/\/linitiative.ca\/International\/wp-json\/wp\/v2\/media?parent=89495"}],"wp:term":[{"taxonomy":"category","embeddable":true,"href":"https:\/\/linitiative.ca\/International\/wp-json\/wp\/v2\/categories?post=89495"},{"taxonomy":"post_tag","embeddable":true,"href":"https:\/\/linitiative.ca\/International\/wp-json\/wp\/v2\/tags?post=89495"}],"curies":[{"name":"wp","href":"https:\/\/api.w.org\/{rel}","templated":true}]}}