{"id":89496,"date":"2020-06-19T08:56:06","date_gmt":"2020-06-19T12:56:06","guid":{"rendered":"https:\/\/linitiative.ca\/International\/creation-dune-commission-de-veille-interne-a-la-commune\/"},"modified":"2020-06-19T08:56:06","modified_gmt":"2020-06-19T12:56:06","slug":"creation-dune-commission-de-veille-interne-a-la-commune","status":"publish","type":"post","link":"https:\/\/linitiative.ca\/International\/creation-dune-commission-de-veille-interne-a-la-commune\/","title":{"rendered":"Cr\u00e9ation d\u2019une Commission de veille interne \u00e0 la Commune"},"content":{"rendered":"<div readability=\"37\">\n<p>Essaouira \u2013 Une Commission interne de veille a \u00e9t\u00e9 mise en place, r\u00e9cemment, au niveau de l\u2019administration de la Commune d\u2019Essaouira, dans le cadre des actions men\u00e9es en vue de circonscrire la propagation de la pand\u00e9mie du nouveau coronavirus (Covid-19).<\/p>\n<\/div>\n<div readability=\"151\">\n<p>Cette Commission s\u2019assigne pour mission principale de veiller \u00e0 l\u2019ex\u00e9cution et au suivi des mesures et des dispositifs de pr\u00e9vention pour enrayer tout risque de propagation de la pand\u00e9mie au niveau de ladite Commune.<\/p>\n<p>Pr\u00e9sid\u00e9e par le Directeur des services \u00e0 la Commune, Khalid Laaouane, cette Commission interne de veille se compose aussi du chef du Service des affaires culturelles et sociales (vice-pr\u00e9sident), du Chef du Service de la police administrative (rapporteur), ainsi que du Chef du Service des ressources humaines, du Chef du Bureau d\u2019Hygi\u00e8ne, du Chef du Service de la logistique, du Chef du Service de la gestion d\u00e9l\u00e9gu\u00e9e, du Chef du Service de comptabilit\u00e9 et du Chef du parc communal, en tant que membres.<\/p>\n<p>Selon les dispositions de l\u2019arr\u00eat\u00e9 portant sa cr\u00e9ation, sign\u00e9 par le pr\u00e9sident du Conseil communal, Hicham Jebbari, cette Commission entamera la mise en \u0153uvre imm\u00e9diate de son plan d\u2019action, tout en la dotant de l\u2019ensemble des moyens et outils n\u00e9cessaires pour l\u2019ex\u00e9cution de ce plan.<\/p>\n<p>Par ailleurs, les membres de la Commission devront r\u00e9diger des rapports hebdomadaires sur l\u2019\u00e9tat d\u2019avancement de la r\u00e9alisation dudit plan d\u2019action, en vue de les soumettre ensuite au pr\u00e9sident du Conseil communal.<\/p>\n<p>Dans une d\u00e9claration \u00e0 la MAP \u00e0 cette occasion, M. Laaouane a indiqu\u00e9 que la mise en place de cette Commission interne de veille intervient dans le sillage de la circulaire n\u00b04\/2020 du ministre de l\u2019Economie, des Finances et de la R\u00e9forme de l\u2019Administration, relative aux proc\u00e9dures et aux mesures de reprise de travail dans les \u00e9tablissements publics.<\/p>\n<p>Elle s\u2019inscrit aussi dans le cadre de la mise en \u0153uvre des dispositifs du \u00ab\u00a0Guide pratique\u00a0\u00bb des mesures et proc\u00e9dures pr\u00e9ventives contre le nouveau coronavirus dans les administrations publiques, \u00e9labor\u00e9 par le D\u00e9partement de la R\u00e9forme de l\u2019Administration.<\/p>\n<p>Ce Guide, a-t-il expliqu\u00e9, fournit une batterie d\u2019orientations et de directives pour les administrations et \u00e9tablissements publics et les collectivit\u00e9s locales, ainsi que pour leurs fonctionnaires et employ\u00e9s afin de clarifier les t\u00e2ches et les activit\u00e9s qui peuvent \u00eatre reprises progressivement, tout en garantissant la s\u00e9curit\u00e9 et la sant\u00e9 des fonctionnaires et des usagers, et en assurant la continuit\u00e9 des services publics.<\/p>\n<p>Ce document, qui comprend un ensemble de proc\u00e9dures qui doivent \u00eatre suivies par les administrations et \u00e9tablissements publics ainsi que par les collectivit\u00e9s locales, pr\u00e9voit, entre autres, la cr\u00e9ation d\u2019une Commission interne pour veiller \u00e0 la mise en \u0153uvre des mesures de sant\u00e9 et de s\u00e9curit\u00e9 au travail, en mobilisant les ressources et moyens n\u00e9cessaires pour \u00e9viter toute contamination par le Covid-19.<\/p>\n<p>Et de rappeler que la cr\u00e9ation de cette Commission, qui constitue un \u00ab\u00a0v\u00e9ritable m\u00e9canisme interactif\u00a0\u00bb, fait suite aussi \u00e0 la circulaire n\u00b08\/2020 du Chef du gouvernement adress\u00e9e aux diff\u00e9rents d\u00e9partements minist\u00e9riels et relative \u00e0 la d\u00e9cision de reprise du travail dans plusieurs secteurs sans distinction entre les zones, dont les administrations, \u00e9tablissements et services publics, et collectivit\u00e9s territoriales, tout en respectant les r\u00e8gles d\u2019hygi\u00e8ne et les mesures barri\u00e8res pour circonscrire la propagation de la pand\u00e9mie.<\/p>\n<p>M. Laaouane a, dans ce sens, relev\u00e9 que la Commune d\u2019Essaouira a pris les devants en proc\u00e9dant \u00e0 la cr\u00e9ation et \u00e0 la d\u00e9signation des membres de cette Commission interne qui a d\u00e9j\u00e0 entam\u00e9 la mise en application d\u2019une panoplie de mesures pr\u00e9ventives au service des citoyens, des usagers et des fonctionnaires de la Commune.<\/p>\n<p>Ainsi, il a \u00e9t\u00e9 proc\u00e9d\u00e9 avant m\u00eame l\u2019entame effective de l\u2019action de ladite Commission \u00e0 l\u2019\u00e9tablissement d\u2019une liste pr\u00e9liminaire des \u00e9quipements et produits n\u00e9cessaires durant cette phase de d\u00e9confinement progressif pour assurer une meilleure s\u00e9curit\u00e9 sanitaire.<\/p>\n<p>Les membres de la Commission vont \u00e9galement tenir une r\u00e9union avec le directeur de la gare routi\u00e8re de la ville pour la mise en \u0153uvre des mesures pr\u00e9ventives et de pr\u00e9caution au niveau de ce service public, dans l\u2019optique de sa prochaine r\u00e9ouverture et de la reprise normale de ses activit\u00e9s et prestations.<\/p>\n<p>La Commission s\u2019est, par ailleurs, int\u00e9ress\u00e9e aux cinq bureaux de l\u2019Etat civil relevant du ressort territorial de la Commune afin de prendre les mesures appropri\u00e9es et essentielles qui s\u2019imposent, tout en insistant sur la n\u00e9cessit\u00e9 de la dynamisation du Guichet \u00e9lectronique de commande de documents administratifs \u00ab\u00a0watiqa.ma\u00a0\u00bb, a-t-il poursuivi.<\/p>\n<p>Il a \u00e9t\u00e9 \u00e9galement question de veiller \u00e0 la continuit\u00e9 des op\u00e9rations de st\u00e9rilisation et de d\u00e9sinfection des diff\u00e9rents services, \u00e9tablissements et administrations relevant de la Commune, a-t-il indiqu\u00e9.<\/p>\n<p>Et M. Laaouane de noter, en conclusion, que des banni\u00e8res ont \u00e9t\u00e9 aussi affich\u00e9es \u00e0 plusieurs endroits n\u00e9vralgiques de la ville pour renforcer la sensibilisation des citoyens \u00e0 l\u2019imp\u00e9ratif du respect de la distanciation physique et du port obligatoire des masques de protection, tout en les informant de l\u2019interdiction formelle, jusqu\u2019\u00e0 nouvel ordre, de la baignade \u00e0 la plage et de la pratique de toute activit\u00e9 sportive collective pour \u00e9viter tout risque de propagation de la pand\u00e9mie.<\/p>\n<\/div>\n<p>Auteur: Meriem IGASS<br \/>\n<a href=\"http:\/\/www.mapmarrakech.ma\/fr\/administration-de-la-commune-creation-dune-commission-de-veille\/\">Cliquez ici pour lire l&rsquo;article depuis sa source.<\/a><\/p>\n","protected":false},"excerpt":{"rendered":"<p>Essaouira \u2013 Une Commission interne de veille a \u00e9t\u00e9 mise en place, r\u00e9cemment, au niveau de l\u2019administration de la Commune d\u2019Essaouira, dans le cadre des actions men\u00e9es en vue de circonscrire la propagation de la pand\u00e9mie du nouveau coronavirus (Covid-19). Cette Commission s\u2019assigne pour mission principale de veiller \u00e0 l\u2019ex\u00e9cution et au suivi des mesures [&hellip;]<\/p>\n","protected":false},"author":1788,"featured_media":0,"comment_status":"closed","ping_status":"closed","sticky":false,"template":"","format":"standard","meta":{"fifu_image_url":"","fifu_image_alt":"","footnotes":""},"categories":[54,76],"tags":[],"class_list":["post-89496","post","type-post","status-publish","format-standard","hentry","category-maroc","category-regions"],"_links":{"self":[{"href":"https:\/\/linitiative.ca\/International\/wp-json\/wp\/v2\/posts\/89496","targetHints":{"allow":["GET"]}}],"collection":[{"href":"https:\/\/linitiative.ca\/International\/wp-json\/wp\/v2\/posts"}],"about":[{"href":"https:\/\/linitiative.ca\/International\/wp-json\/wp\/v2\/types\/post"}],"author":[{"embeddable":true,"href":"https:\/\/linitiative.ca\/International\/wp-json\/wp\/v2\/users\/1788"}],"replies":[{"embeddable":true,"href":"https:\/\/linitiative.ca\/International\/wp-json\/wp\/v2\/comments?post=89496"}],"version-history":[{"count":0,"href":"https:\/\/linitiative.ca\/International\/wp-json\/wp\/v2\/posts\/89496\/revisions"}],"wp:attachment":[{"href":"https:\/\/linitiative.ca\/International\/wp-json\/wp\/v2\/media?parent=89496"}],"wp:term":[{"taxonomy":"category","embeddable":true,"href":"https:\/\/linitiative.ca\/International\/wp-json\/wp\/v2\/categories?post=89496"},{"taxonomy":"post_tag","embeddable":true,"href":"https:\/\/linitiative.ca\/International\/wp-json\/wp\/v2\/tags?post=89496"}],"curies":[{"name":"wp","href":"https:\/\/api.w.org\/{rel}","templated":true}]}}