{"id":89504,"date":"2020-06-19T10:30:00","date_gmt":"2020-06-19T14:30:00","guid":{"rendered":"https:\/\/linitiative.ca\/International\/l-egsg-croit-en-sa-bonne-etoile\/"},"modified":"2020-06-19T10:30:00","modified_gmt":"2020-06-19T14:30:00","slug":"l-egsg-croit-en-sa-bonne-etoile","status":"publish","type":"post","link":"https:\/\/linitiative.ca\/International\/l-egsg-croit-en-sa-bonne-etoile\/","title":{"rendered":"L\u2019 EGSG croit  en sa bonne \u00e9toile !"},"content":{"rendered":"<p>Ligue 2 &#8211; A quelques jours des Play-offs<\/p>\n<footer class=\"submitted clearfix\">\n<p><span class=\"date-display-single\" property=\"dc:date\" datatype=\"xsd:dateTime\" content=\"2020-06-19T00:00:00+01:00\">Vendredi 19 Juin 2020<\/span><\/p>\n<\/footer>\n<div class=\"content clearfix\" readability=\"42.389322916667\"><span class=\"print-link\"><span class=\"print_html\"><a href=\"http:\/\/www.letemps.com.tn\/print\/114969\" title=\"Display a printer-friendly version of this page.\" class=\"print-page\" onclick=\"window.open(this.href); return false\" rel=\"nofollow\"><img decoding=\"async\" class=\"print-icon\" typeof=\"foaf:Image\" src=\"http:\/\/www.letemps.com.tn\/sites\/all\/modules\/print\/icons\/print_icon.gif\" alt=\"\u0646\u0633\u062e\u0629 \u0644\u0644\u0637\u0628\u0627\u0639\u0629\" title=\"\u0646\u0633\u062e\u0629 \u0644\u0644\u0637\u0628\u0627\u0639\u0629\"\/><\/a><\/span><\/span><\/p>\n<div class=\"beacon9-social\">\n<p><iframe src=\"http:\/\/www.facebook.com\/plugins\/like.php?href=http%3A%2F%2Fwww.letemps.com.tn%2Farticle%2F114969%2Fl%25E2%2580%2599-egsg-croit-en-sa-bonne-%25C3%25A9toile&amp;layout=button_count&amp;show_faces=false&amp;action=like&amp;font=arial&amp;colorscheme=light\" scrolling=\"no\" frameborder=\"0\" class=\"c1\" allowtransparency=\"true\">[embedded content]<\/iframe><\/p>\n<\/div>\n<div class=\"field field-name-field-op-main-image field-type-image field-label-hidden field-items field-item even\"><img loading=\"lazy\" decoding=\"async\" typeof=\"foaf:Image\" src=\"http:\/\/www.letemps.com.tn\/sites\/www.letemps.com.tn\/files\/styles\/620px_wide\/public\/main\/articles\/Sans titre-1_34.jpg\" width=\"675\" height=\"381\" alt=\"\"\/><\/div>\n<div class=\"field field-name-body field-type-text-with-summary field-label-hidden field-items field-item even\" readability=\"55\">\n<p class=\"p1 c3\"><span class=\"c2\">Des 4 \u00e9quipes engag\u00e9es dans les play-offs, seule l\u2019AS Rajich sera \u00e0 sa premi\u00e8re tentative de d\u00e9crocher une place en Ligue 1. Son adversaire du m\u00eame groupe El Gawafel de Gafsa a fait longtemps partie de l\u2019\u00e9lite et se consid\u00e8re tr\u00e8s proche d\u2019y revenir. Une vague d\u2019optimisme touche aussi bien les responsables que les joueurs, leurs entra\u00eeneurs et surtout les supporters qui croient dur comme fer que leur \u00e9quipe va r\u00e9colter dans quelques jours les efforts fournis depuis plusieurs saisons pour revenir en Ligue 1.<span class=\"Apple-converted-space\">\u00a0<\/span><\/span><\/p>\n<p class=\"p1 c3\"><span class=\"c2\">L\u2019EGSG d\u00e9butera son play-off avec un point de retard sur son adversaire l\u2019ASR. Une marge presque insignifiante que les joueurs sont capables de r\u00e9cup\u00e9rer d\u00e8s leur premier match pour arriver au second avec une dose de force mentale qui devrait leur permettre d\u2019acc\u00e9der \u00e0 leur objectif.<span class=\"Apple-converted-space\">\u00a0<\/span><\/span><\/p>\n<p class=\"p1 c3\"><span class=\"c2\">Les Miniers rentr\u00e9s en stage \u00e0 Tunis depuis hier auront l\u2019avantage de bien connaitre ce genre de rencontre pour avoir jouer la rencontre barrage contre l\u2019USB Guerdane deux saisons auparavant mais n\u2019ont pas r\u00e9ussi \u00e0 assurer leur retour apr\u00e8s un match plein d\u2019incidents et qui n\u2019est pas aller \u00e0 son terme. Aujourd\u2019hui, ils ont retenu la le\u00e7on et feront valoir d\u2019entr\u00e9e leur savoir-faire et leur grande exp\u00e9rience et celle de leur entra\u00eeneur ChokriBejaoui qui avait d\u00e9j\u00e0 r\u00e9ussi ce pari avec le CS Chebba.<span class=\"Apple-converted-space\">\u00a0<\/span><\/span><\/p>\n<p class=\"p1 c3\"><span class=\"c2\">La formation d\u2019El Gawafel qui abordera le premier match jeudi prochain, sera pratiquement celle qui a r\u00e9ussi durant les 15 journ\u00e9es d\u00e9j\u00e0 disput\u00e9es \u00e0 se positionner en haut du tableau et \u00e0 faire figure de futur vainqueur. Lors de la rencontre amicale disput\u00e9e \u00e0 Sidi Bouzid, cette \u00e9quipe a montr\u00e9 de quel bois elle se chauffe en prenant le dessus sur son adversaire sur le score de 2\/0, mais surtout en confectionnant un football de tr\u00e8s bonne qualit\u00e9 et en faisant preuve autant de rigueur d\u00e9fensive que de r\u00e9ussite offensive.<span class=\"Apple-converted-space\">\u00a0<\/span><\/span><\/p>\n<p class=\"p2 c4\"><strong><span class=\"c2\">M.R<\/span><\/strong><\/p>\n<\/div>\n<\/div>\n<p>Auteur: letemps1<br \/>\n<a href=\"http:\/\/www.letemps.com.tn\/article\/114969\/l%E2%80%99-egsg-croit-en-sa-bonne-%C3%A9toile\">Cliquez ici pour lire l&rsquo;article depuis sa source.<\/a><\/p>\n","protected":false},"excerpt":{"rendered":"<p>Ligue 2 &#8211; A quelques jours des Play-offs Vendredi 19 Juin 2020 [embedded content] Des 4 \u00e9quipes engag\u00e9es dans les play-offs, seule l\u2019AS Rajich sera \u00e0 sa premi\u00e8re tentative de d\u00e9crocher une place en Ligue 1. Son adversaire du m\u00eame groupe El Gawafel de Gafsa a fait longtemps partie de l\u2019\u00e9lite et se consid\u00e8re tr\u00e8s [&hellip;]<\/p>\n","protected":false},"author":1773,"featured_media":89505,"comment_status":"closed","ping_status":"closed","sticky":false,"template":"","format":"standard","meta":{"fifu_image_url":"","fifu_image_alt":"","footnotes":""},"categories":[73,55],"tags":[],"class_list":["post-89504","post","type-post","status-publish","format-standard","has-post-thumbnail","hentry","category-actualite","category-tunisie"],"_links":{"self":[{"href":"https:\/\/linitiative.ca\/International\/wp-json\/wp\/v2\/posts\/89504","targetHints":{"allow":["GET"]}}],"collection":[{"href":"https:\/\/linitiative.ca\/International\/wp-json\/wp\/v2\/posts"}],"about":[{"href":"https:\/\/linitiative.ca\/International\/wp-json\/wp\/v2\/types\/post"}],"author":[{"embeddable":true,"href":"https:\/\/linitiative.ca\/International\/wp-json\/wp\/v2\/users\/1773"}],"replies":[{"embeddable":true,"href":"https:\/\/linitiative.ca\/International\/wp-json\/wp\/v2\/comments?post=89504"}],"version-history":[{"count":0,"href":"https:\/\/linitiative.ca\/International\/wp-json\/wp\/v2\/posts\/89504\/revisions"}],"wp:featuredmedia":[{"embeddable":true,"href":"https:\/\/linitiative.ca\/International\/wp-json\/"}],"wp:attachment":[{"href":"https:\/\/linitiative.ca\/International\/wp-json\/wp\/v2\/media?parent=89504"}],"wp:term":[{"taxonomy":"category","embeddable":true,"href":"https:\/\/linitiative.ca\/International\/wp-json\/wp\/v2\/categories?post=89504"},{"taxonomy":"post_tag","embeddable":true,"href":"https:\/\/linitiative.ca\/International\/wp-json\/wp\/v2\/tags?post=89504"}],"curies":[{"name":"wp","href":"https:\/\/api.w.org\/{rel}","templated":true}]}}