{"id":89512,"date":"2020-06-19T15:13:10","date_gmt":"2020-06-19T19:13:10","guid":{"rendered":"https:\/\/linitiative.ca\/International\/equipe-dalgerie-zetchi-je-compte-terminer-mon-mandat-a-la-tete-de-la-faf-et-partir\/"},"modified":"2020-06-19T15:13:10","modified_gmt":"2020-06-19T19:13:10","slug":"equipe-dalgerie-zetchi-je-compte-terminer-mon-mandat-a-la-tete-de-la-faf-et-partir","status":"publish","type":"post","link":"https:\/\/linitiative.ca\/International\/equipe-dalgerie-zetchi-je-compte-terminer-mon-mandat-a-la-tete-de-la-faf-et-partir\/","title":{"rendered":"Equipe d&rsquo;Alg\u00e9rie : Zetchi : \u00abJe compte terminer mon mandat \u00e0 la t\u00eate de la FAF et partir\u00bb"},"content":{"rendered":"<div readability=\"32\">\n<p>Auteur : <span>Riad O<\/span> <span class=\"time\">vendredi 19 juin 2020 16:17<\/span><\/p>\n<\/div>\n<div id=\"post_core\" readability=\"44\">\n<p>Le pr\u00e9sident de la FAF, Kheireddine Zetchi, a r\u00e9it\u00e9r\u00e9, ce vendredi, qu\u2019il ne sera pas candidat \u00e0 un second mandat \u00e0 la t\u00eate de l\u2019instance. Invit\u00e9 de l\u2019\u00e9mission \u00abFootball Magazine\u00bb de la radio chaine 3, le patron de la f\u00e9d\u00e9 a d\u00e9clar\u00e9\u00a0:\u00a0\u00abJe tiens toujours \u00e0 ma d\u00e9cision prise initialement, qui est celle de ne pas briguer un deuxi\u00e8me mandat \u00e0 la t\u00eate de la FAF. Je rassure tout le monde, que je vais continuer \u00e0 travailler avec la m\u00eame volont\u00e9 dans l\u2019int\u00e9r\u00eat du football national.\u00bb a-t-il d\u00e9clar\u00e9.<\/p>\n<p><strong>Publi\u00e9 dans :<\/strong> <span>faf<\/span> <span>Zetchi<\/span><\/p>\n<\/div>\n<p>Auteur:<br \/>\n<a href=\"http:\/\/www.lebuteur.com\/article\/detail?titre=zetchi-je-compte-terminer-mon-mandat-a-la-tete-de-la-faf-et-partir&#038;id=96304&#038;utm_source=feedburner&#038;utm_medium=feed&#038;utm_campaign=Feed%3A+GalerieFArtciles+%28Les+derniers+articles++-+lebuteur.com%29\">Cliquez ici pour lire l&rsquo;article depuis sa source.<\/a><\/p>\n","protected":false},"excerpt":{"rendered":"<p>Auteur : Riad O vendredi 19 juin 2020 16:17 Le pr\u00e9sident de la FAF, Kheireddine Zetchi, a r\u00e9it\u00e9r\u00e9, ce vendredi, qu\u2019il ne sera pas candidat \u00e0 un second mandat \u00e0 la t\u00eate de l\u2019instance. Invit\u00e9 de l\u2019\u00e9mission \u00abFootball Magazine\u00bb de la radio chaine 3, le patron de la f\u00e9d\u00e9 a d\u00e9clar\u00e9\u00a0:\u00a0\u00abJe tiens toujours \u00e0 ma [&hellip;]<\/p>\n","protected":false},"author":1738,"featured_media":89513,"comment_status":"closed","ping_status":"closed","sticky":false,"template":"","format":"standard","meta":{"fifu_image_url":"","fifu_image_alt":"","footnotes":""},"categories":[53,75],"tags":[],"class_list":["post-89512","post","type-post","status-publish","format-standard","has-post-thumbnail","hentry","category-algerie","category-sport"],"_links":{"self":[{"href":"https:\/\/linitiative.ca\/International\/wp-json\/wp\/v2\/posts\/89512","targetHints":{"allow":["GET"]}}],"collection":[{"href":"https:\/\/linitiative.ca\/International\/wp-json\/wp\/v2\/posts"}],"about":[{"href":"https:\/\/linitiative.ca\/International\/wp-json\/wp\/v2\/types\/post"}],"author":[{"embeddable":true,"href":"https:\/\/linitiative.ca\/International\/wp-json\/wp\/v2\/users\/1738"}],"replies":[{"embeddable":true,"href":"https:\/\/linitiative.ca\/International\/wp-json\/wp\/v2\/comments?post=89512"}],"version-history":[{"count":0,"href":"https:\/\/linitiative.ca\/International\/wp-json\/wp\/v2\/posts\/89512\/revisions"}],"wp:featuredmedia":[{"embeddable":true,"href":"https:\/\/linitiative.ca\/International\/wp-json\/"}],"wp:attachment":[{"href":"https:\/\/linitiative.ca\/International\/wp-json\/wp\/v2\/media?parent=89512"}],"wp:term":[{"taxonomy":"category","embeddable":true,"href":"https:\/\/linitiative.ca\/International\/wp-json\/wp\/v2\/categories?post=89512"},{"taxonomy":"post_tag","embeddable":true,"href":"https:\/\/linitiative.ca\/International\/wp-json\/wp\/v2\/tags?post=89512"}],"curies":[{"name":"wp","href":"https:\/\/api.w.org\/{rel}","templated":true}]}}