{"id":89514,"date":"2020-06-19T15:13:12","date_gmt":"2020-06-19T19:13:12","guid":{"rendered":"https:\/\/linitiative.ca\/International\/pros-las-saint-etienne-sinteresse-a-ounas\/"},"modified":"2020-06-19T15:13:12","modified_gmt":"2020-06-19T19:13:12","slug":"pros-las-saint-etienne-sinteresse-a-ounas","status":"publish","type":"post","link":"https:\/\/linitiative.ca\/International\/pros-las-saint-etienne-sinteresse-a-ounas\/","title":{"rendered":"Pros : L\u2019AS Saint Etienne s\u2019int\u00e9resse \u00e0 Ounas"},"content":{"rendered":"<div readability=\"32\">\n<p>Auteur : <span>Riad O<\/span> <span class=\"time\">vendredi 19 juin 2020 16:18<\/span><\/p>\n<\/div>\n<div id=\"post_core\" readability=\"37\">\n<p>\u00c0 en croire la presse fran\u00e7aise, l\u2019AS Saint Etienne serait int\u00e9ress\u00e9e par le recrutement du tr\u00e8s technique joueur milieu de terrain de l\u2019EN, Adam Ounas. Apr\u00e8s le LOSC et l\u2019OGC Nice, les Verts auraient eux aussi \u00e9mis le souhait de s\u2019offrir les services du joueur de Naples.<\/p>\n<p><strong>Publi\u00e9 dans :<\/strong> <span>Ounas<\/span><\/p>\n<\/div>\n<p>Auteur:<br \/>\n<a href=\"http:\/\/www.lebuteur.com\/article\/detail?titre=las-saint-etienne-sinteresse-a-ounas&#038;id=96305&#038;utm_source=feedburner&#038;utm_medium=feed&#038;utm_campaign=Feed%3A+GalerieFArtciles+%28Les+derniers+articles++-+lebuteur.com%29\">Cliquez ici pour lire l&rsquo;article depuis sa source.<\/a><\/p>\n","protected":false},"excerpt":{"rendered":"<p>Auteur : Riad O vendredi 19 juin 2020 16:18 \u00c0 en croire la presse fran\u00e7aise, l\u2019AS Saint Etienne serait int\u00e9ress\u00e9e par le recrutement du tr\u00e8s technique joueur milieu de terrain de l\u2019EN, Adam Ounas. Apr\u00e8s le LOSC et l\u2019OGC Nice, les Verts auraient eux aussi \u00e9mis le souhait de s\u2019offrir les services du joueur de [&hellip;]<\/p>\n","protected":false},"author":1738,"featured_media":89515,"comment_status":"closed","ping_status":"closed","sticky":false,"template":"","format":"standard","meta":{"fifu_image_url":"","fifu_image_alt":"","footnotes":""},"categories":[53,75],"tags":[],"class_list":["post-89514","post","type-post","status-publish","format-standard","has-post-thumbnail","hentry","category-algerie","category-sport"],"_links":{"self":[{"href":"https:\/\/linitiative.ca\/International\/wp-json\/wp\/v2\/posts\/89514","targetHints":{"allow":["GET"]}}],"collection":[{"href":"https:\/\/linitiative.ca\/International\/wp-json\/wp\/v2\/posts"}],"about":[{"href":"https:\/\/linitiative.ca\/International\/wp-json\/wp\/v2\/types\/post"}],"author":[{"embeddable":true,"href":"https:\/\/linitiative.ca\/International\/wp-json\/wp\/v2\/users\/1738"}],"replies":[{"embeddable":true,"href":"https:\/\/linitiative.ca\/International\/wp-json\/wp\/v2\/comments?post=89514"}],"version-history":[{"count":0,"href":"https:\/\/linitiative.ca\/International\/wp-json\/wp\/v2\/posts\/89514\/revisions"}],"wp:featuredmedia":[{"embeddable":true,"href":"https:\/\/linitiative.ca\/International\/wp-json\/"}],"wp:attachment":[{"href":"https:\/\/linitiative.ca\/International\/wp-json\/wp\/v2\/media?parent=89514"}],"wp:term":[{"taxonomy":"category","embeddable":true,"href":"https:\/\/linitiative.ca\/International\/wp-json\/wp\/v2\/categories?post=89514"},{"taxonomy":"post_tag","embeddable":true,"href":"https:\/\/linitiative.ca\/International\/wp-json\/wp\/v2\/tags?post=89514"}],"curies":[{"name":"wp","href":"https:\/\/api.w.org\/{rel}","templated":true}]}}