{"id":89516,"date":"2020-06-19T15:13:14","date_gmt":"2020-06-19T19:13:14","guid":{"rendered":"https:\/\/linitiative.ca\/International\/international-liverpool-naby-keita-pourrait-se-relancer-en-italie\/"},"modified":"2020-06-19T15:13:14","modified_gmt":"2020-06-19T19:13:14","slug":"international-liverpool-naby-keita-pourrait-se-relancer-en-italie","status":"publish","type":"post","link":"https:\/\/linitiative.ca\/International\/international-liverpool-naby-keita-pourrait-se-relancer-en-italie\/","title":{"rendered":"International : Liverpool : Naby Keita pourrait se relancer en Italie"},"content":{"rendered":"<div readability=\"32\">\n<p>Auteur : <span class=\"time\">vendredi 19 juin 2020 18:15<\/span><\/p>\n<\/div>\n<div id=\"post_core\" readability=\"42\">\n<p>J\u00fcrgen Klopp ne lui donne pas beaucoup de temps de jeu et un d\u00e9part serait \u00e0 l\u2019\u00e9tude comme nos le r\u00e9v\u00e8le\u00a0Les-Transferts. Sous contrat jusqu\u2019en juin 2023, l\u2019international guin\u00e9en va devoir faire un choix concernant la suite de sa carri\u00e8re. Les Reds sont dispos\u00e9s \u00e0 le conserver une saison de plus pour qu\u2019il puisse avoir une nouvelle chance mais il n\u2019est pas du tout s\u00fbr d\u2019avoir du temps de jeu. Sinon, il peut demander un bon de sortie. En Allemagne, le Borussia Dortmund et le Bayern Munich surveilleraient de pr\u00e8s ce dossier. N\u00e9anmoins pour le moment, le club le plus chaud pour accueillir le natif de Conakry se situe du c\u00f4t\u00e9 de l\u2019Italie. En effet, la formation du\u00a0Milan AC\u00a0serait dispos\u00e9e \u00e0 le relancer sous la forme d\u2019un pr\u00eat d\u2019une saison.<\/p>\n<p><strong>Publi\u00e9 dans :<\/strong> <span>liverpool<\/span> <span>Milan AC<\/span> <span>Naby Keita<\/span><\/p>\n<\/div>\n<p>Auteur:<br \/>\n<a href=\"http:\/\/www.lebuteur.com\/article\/detail?titre=liverpool-naby-keita-pourrait-se-relancer-en-italie&#038;id=96307&#038;utm_source=feedburner&#038;utm_medium=feed&#038;utm_campaign=Feed%3A+GalerieFArtciles+%28Les+derniers+articles++-+lebuteur.com%29\">Cliquez ici pour lire l&rsquo;article depuis sa source.<\/a><\/p>\n","protected":false},"excerpt":{"rendered":"<p>Auteur : vendredi 19 juin 2020 18:15 J\u00fcrgen Klopp ne lui donne pas beaucoup de temps de jeu et un d\u00e9part serait \u00e0 l\u2019\u00e9tude comme nos le r\u00e9v\u00e8le\u00a0Les-Transferts. Sous contrat jusqu\u2019en juin 2023, l\u2019international guin\u00e9en va devoir faire un choix concernant la suite de sa carri\u00e8re. Les Reds sont dispos\u00e9s \u00e0 le conserver une saison [&hellip;]<\/p>\n","protected":false},"author":1738,"featured_media":89517,"comment_status":"closed","ping_status":"closed","sticky":false,"template":"","format":"standard","meta":{"fifu_image_url":"","fifu_image_alt":"","footnotes":""},"categories":[53,75],"tags":[],"class_list":["post-89516","post","type-post","status-publish","format-standard","has-post-thumbnail","hentry","category-algerie","category-sport"],"_links":{"self":[{"href":"https:\/\/linitiative.ca\/International\/wp-json\/wp\/v2\/posts\/89516","targetHints":{"allow":["GET"]}}],"collection":[{"href":"https:\/\/linitiative.ca\/International\/wp-json\/wp\/v2\/posts"}],"about":[{"href":"https:\/\/linitiative.ca\/International\/wp-json\/wp\/v2\/types\/post"}],"author":[{"embeddable":true,"href":"https:\/\/linitiative.ca\/International\/wp-json\/wp\/v2\/users\/1738"}],"replies":[{"embeddable":true,"href":"https:\/\/linitiative.ca\/International\/wp-json\/wp\/v2\/comments?post=89516"}],"version-history":[{"count":0,"href":"https:\/\/linitiative.ca\/International\/wp-json\/wp\/v2\/posts\/89516\/revisions"}],"wp:featuredmedia":[{"embeddable":true,"href":"https:\/\/linitiative.ca\/International\/wp-json\/"}],"wp:attachment":[{"href":"https:\/\/linitiative.ca\/International\/wp-json\/wp\/v2\/media?parent=89516"}],"wp:term":[{"taxonomy":"category","embeddable":true,"href":"https:\/\/linitiative.ca\/International\/wp-json\/wp\/v2\/categories?post=89516"},{"taxonomy":"post_tag","embeddable":true,"href":"https:\/\/linitiative.ca\/International\/wp-json\/wp\/v2\/tags?post=89516"}],"curies":[{"name":"wp","href":"https:\/\/api.w.org\/{rel}","templated":true}]}}