{"id":89518,"date":"2020-06-19T15:13:16","date_gmt":"2020-06-19T19:13:16","guid":{"rendered":"https:\/\/linitiative.ca\/International\/international-chelsea-les-blues-accelerent-pour-la-pepite-kai-havertz\/"},"modified":"2020-06-19T15:13:16","modified_gmt":"2020-06-19T19:13:16","slug":"international-chelsea-les-blues-accelerent-pour-la-pepite-kai-havertz","status":"publish","type":"post","link":"https:\/\/linitiative.ca\/International\/international-chelsea-les-blues-accelerent-pour-la-pepite-kai-havertz\/","title":{"rendered":"International : Chelsea : Les Blues acc\u00e9l\u00e8rent pour la p\u00e9pite Kai Havertz"},"content":{"rendered":"<div readability=\"32\">\n<p>Auteur : <span class=\"time\">vendredi 19 juin 2020 18:45<\/span><\/p>\n<\/div>\n<div id=\"post_core\" readability=\"42\">\n<p>En effet, les Blues auraient encore deux grandes priorit\u00e9s sur ce march\u00e9 des transferts. Il s\u2019agit du lat\u00e9ral gauche Ben Chilwell (Leicester City) et du milieu offensif Kai Havertz (Bayer Leverkusen). Selon Les-Transferts, le club londonien aurait pass\u00e9 la vitesse sup\u00e9rieure concernant l\u2019international allemand. Si le Real Madrid et le Bayern Munich seraient dispos\u00e9s \u00e0 attendre une saison de plus avant de faire des offres, Chelsea souhaite boucler l\u2019op\u00e9ration d\u00e8s cet \u00e9t\u00e9. Une chose est s\u00fbre, pour boucler un tel transfert il va falloir y mettre le prix mais le club londonien semble avoir les moyens de tout casser cet \u00e9t\u00e9. Ainsi toujours selon la m\u00eame source, le pensionnaire de Premier League pr\u00e9parerait une offre avoisinant les 100 millions d\u2019euros pour la jeune p\u00e9pite allemande.<\/p>\n<p><strong>Publi\u00e9 dans :<\/strong> <span>Chelsea : Kai Havertz<\/span><\/p>\n<\/div>\n<p>Auteur:<br \/>\n<a href=\"http:\/\/www.lebuteur.com\/article\/detail?titre=chelsea-les-blues-accelerent-pour-la-pepite-kai-havertz&#038;id=96308&#038;utm_source=feedburner&#038;utm_medium=feed&#038;utm_campaign=Feed%3A+GalerieFArtciles+%28Les+derniers+articles++-+lebuteur.com%29\">Cliquez ici pour lire l&rsquo;article depuis sa source.<\/a><\/p>\n","protected":false},"excerpt":{"rendered":"<p>Auteur : vendredi 19 juin 2020 18:45 En effet, les Blues auraient encore deux grandes priorit\u00e9s sur ce march\u00e9 des transferts. Il s\u2019agit du lat\u00e9ral gauche Ben Chilwell (Leicester City) et du milieu offensif Kai Havertz (Bayer Leverkusen). Selon Les-Transferts, le club londonien aurait pass\u00e9 la vitesse sup\u00e9rieure concernant l\u2019international allemand. Si le Real Madrid [&hellip;]<\/p>\n","protected":false},"author":1738,"featured_media":89519,"comment_status":"closed","ping_status":"closed","sticky":false,"template":"","format":"standard","meta":{"fifu_image_url":"","fifu_image_alt":"","footnotes":""},"categories":[53,75],"tags":[],"class_list":["post-89518","post","type-post","status-publish","format-standard","has-post-thumbnail","hentry","category-algerie","category-sport"],"_links":{"self":[{"href":"https:\/\/linitiative.ca\/International\/wp-json\/wp\/v2\/posts\/89518","targetHints":{"allow":["GET"]}}],"collection":[{"href":"https:\/\/linitiative.ca\/International\/wp-json\/wp\/v2\/posts"}],"about":[{"href":"https:\/\/linitiative.ca\/International\/wp-json\/wp\/v2\/types\/post"}],"author":[{"embeddable":true,"href":"https:\/\/linitiative.ca\/International\/wp-json\/wp\/v2\/users\/1738"}],"replies":[{"embeddable":true,"href":"https:\/\/linitiative.ca\/International\/wp-json\/wp\/v2\/comments?post=89518"}],"version-history":[{"count":0,"href":"https:\/\/linitiative.ca\/International\/wp-json\/wp\/v2\/posts\/89518\/revisions"}],"wp:featuredmedia":[{"embeddable":true,"href":"https:\/\/linitiative.ca\/International\/wp-json\/"}],"wp:attachment":[{"href":"https:\/\/linitiative.ca\/International\/wp-json\/wp\/v2\/media?parent=89518"}],"wp:term":[{"taxonomy":"category","embeddable":true,"href":"https:\/\/linitiative.ca\/International\/wp-json\/wp\/v2\/categories?post=89518"},{"taxonomy":"post_tag","embeddable":true,"href":"https:\/\/linitiative.ca\/International\/wp-json\/wp\/v2\/tags?post=89518"}],"curies":[{"name":"wp","href":"https:\/\/api.w.org\/{rel}","templated":true}]}}