{"id":89525,"date":"2020-06-19T11:18:10","date_gmt":"2020-06-19T15:18:10","guid":{"rendered":"https:\/\/linitiative.ca\/International\/106394-foot-algerie-coronavirus-zetchi-plaide-pour-la-reprise-de-la-competition\/"},"modified":"2020-06-19T11:18:10","modified_gmt":"2020-06-19T15:18:10","slug":"106394-foot-algerie-coronavirus-zetchi-plaide-pour-la-reprise-de-la-competition","status":"publish","type":"post","link":"https:\/\/linitiative.ca\/International\/106394-foot-algerie-coronavirus-zetchi-plaide-pour-la-reprise-de-la-competition\/","title":{"rendered":"Foot\/ Alg\u00e9rie (coronavirus) : Zetchi plaide pour la reprise de la comp\u00e9tition"},"content":{"rendered":"<div readability=\"38\">\n<p><strong>ALGER- Le pr\u00e9sident de la F\u00e9d\u00e9ration alg\u00e9rienne de football (FAF) Kheireddine Zetchi, a r\u00e9it\u00e9r\u00e9 vendredi \u00ab\u00a0la volont\u00e9 de l\u2019instance f\u00e9d\u00e9rale et des Ligues r\u00e9gionales \u00ab\u00a0, \u00e0 poursuivre les diff\u00e9rents championnats, suspendus depuis mi-mars en raison de la pand\u00e9mie de nouveau coronavirus (COVID-19).<\/strong><\/p>\n<\/div>\n<div readability=\"64.047892720307\">\n<p>\u00ab\u00a0Depuis le d\u00e9but de la crise, nous avons mis en stand-by les diff\u00e9rents championnats, qui s&rsquo;imposait d&rsquo;ailleurs \u00e0 travers le monde entier. Nous avons suivi avec rigueur les \u00e9v\u00e9nements. Au vu de la gravit\u00e9 de la situation, nous avons \u00e9t\u00e9 en contact permanent avec le MJS. La volont\u00e9 de la FAF et des ligues est de reprendre la comp\u00e9tition, mais nous sommes conscients de l&rsquo;int\u00e9r\u00eat supr\u00eame de notre pays \u00ab\u00a0, a d\u00e9clar\u00e9 Zetchi sur les ondes de la radio nationale.<\/p>\n<p>La saison footballistique 2019-2020, suspendue depuis le 16 mars en raison du COVID-19, reprendrait ses droits apr\u00e8s \u00ab\u00a0la lev\u00e9e du confinement et autorisation de rassemblements\u00a0\u00bb, comme d\u00e9cid\u00e9 lors de la r\u00e9cente r\u00e9union du Bureau ex\u00e9cutif de la F\u00e9d\u00e9ration alg\u00e9rienne (FAF).<\/p>\n<blockquote readability=\"12\">\n<p><strong><em>\u00ab\u00a0Si le championnat viendrait \u00e0 \u00eatre suspendu d\u00e9finitivement, nous allons nous adapter. Si nous devons arr\u00eater cet exercice, il va bien falloir entamer un jour ce championnat. Tous les aspects sanitaires doivent \u00eatre pris en consid\u00e9ration. Notre id\u00e9e est de faire en sorte de terminer la saison 2019-2020, qui sera une pr\u00e9paration en vue du prochain exercice. Un arr\u00eat actif en quelque sorte\u00a0\u00bb, a-t-il expliqu\u00e9.<\/em><\/strong><\/p>\n<\/blockquote>\n<hr\/>\n<h3 class=\"itemTitle\">Lire aussi:\u00a0<a href=\"http:\/\/www.aps.dz\/sport\/106249-football-la-faf-remet-au-mjs-le-projet-protocole-envisagees-pour-la-reprise-des-activites\" target=\"_blank\" rel=\"noopener noreferrer\">Football: la FAF remet au MJS le projet-protocole envisag\u00e9es pour la reprise des activit\u00e9s<\/a><\/h3>\n<hr\/>\n<p>Appel\u00e9 \u00e0 commenter la r\u00e9union tenue jeudi \u00e0 Oran entre la Ligue de football professionnel (LFP) et les clubs de l\u2019Ouest pour aborder la suite \u00e0 r\u00e9server \u00e0 la saison, le pr\u00e9sident de la FAF a indiqu\u00e9 qu\u2019il s\u2019agissait d\u2019une \u00ab\u00a0n\u00e9cessit\u00e9\u00a0\u00bb pour impliquer \u00a0\u00bb les acteurs\u00a0\u00bb de football.<\/p>\n<blockquote readability=\"12\">\n<p><em><strong>\u00a0\u00bb Inviter les clubs est une n\u00e9cessit\u00e9, ce sont les acteurs. Ils ne pourront pas \u00eatre exclus de cette d\u00e9marche. Comme je l&rsquo;ai dit auparavant, la responsabilit\u00e9 de la FAF et des ligues est de poursuivre la comp\u00e9tition, qui reste une volont\u00e9 r\u00e9elle. Je suis partisan de d\u00e9fendre l&rsquo;int\u00e9r\u00eat du jeu\u00a0\u00bb, a-t-il conclu.<\/strong><\/em><\/p>\n<\/blockquote>\n<p>La FAF a remis, lundi dernier, au minist\u00e8re de la Jeunesse et des Sports (MJS) le document portant \u00ab\u00a0Mesures envisag\u00e9es pour la remise du jeu\u00a0\u00bb, en relation avec la pand\u00e9mie de COVID-19.\u00a0<\/p>\n<\/div>\n<p>Auteur:<br \/>\n<a href=\"http:\/\/www.aps.dz\/sport\/106394-foot-algerie-coronavirus-zetchi-plaide-pour-la-reprise-de-la-competition?utm_source=feedburner&#038;utm_medium=feed&#038;utm_campaign=Feed%3A+aps-sport+%28APS+-+SPORT%29\">Cliquez ici pour lire l&rsquo;article depuis sa source.<\/a><\/p>\n","protected":false},"excerpt":{"rendered":"<p>ALGER- Le pr\u00e9sident de la F\u00e9d\u00e9ration alg\u00e9rienne de football (FAF) Kheireddine Zetchi, a r\u00e9it\u00e9r\u00e9 vendredi \u00ab\u00a0la volont\u00e9 de l\u2019instance f\u00e9d\u00e9rale et des Ligues r\u00e9gionales \u00ab\u00a0, \u00e0 poursuivre les diff\u00e9rents championnats, suspendus depuis mi-mars en raison de la pand\u00e9mie de nouveau coronavirus (COVID-19). \u00ab\u00a0Depuis le d\u00e9but de la crise, nous avons mis en stand-by les diff\u00e9rents [&hellip;]<\/p>\n","protected":false},"author":1790,"featured_media":0,"comment_status":"closed","ping_status":"closed","sticky":false,"template":"","format":"standard","meta":{"fifu_image_url":"","fifu_image_alt":"","footnotes":""},"categories":[53,75],"tags":[],"class_list":["post-89525","post","type-post","status-publish","format-standard","hentry","category-algerie","category-sport"],"_links":{"self":[{"href":"https:\/\/linitiative.ca\/International\/wp-json\/wp\/v2\/posts\/89525","targetHints":{"allow":["GET"]}}],"collection":[{"href":"https:\/\/linitiative.ca\/International\/wp-json\/wp\/v2\/posts"}],"about":[{"href":"https:\/\/linitiative.ca\/International\/wp-json\/wp\/v2\/types\/post"}],"author":[{"embeddable":true,"href":"https:\/\/linitiative.ca\/International\/wp-json\/wp\/v2\/users\/1790"}],"replies":[{"embeddable":true,"href":"https:\/\/linitiative.ca\/International\/wp-json\/wp\/v2\/comments?post=89525"}],"version-history":[{"count":0,"href":"https:\/\/linitiative.ca\/International\/wp-json\/wp\/v2\/posts\/89525\/revisions"}],"wp:attachment":[{"href":"https:\/\/linitiative.ca\/International\/wp-json\/wp\/v2\/media?parent=89525"}],"wp:term":[{"taxonomy":"category","embeddable":true,"href":"https:\/\/linitiative.ca\/International\/wp-json\/wp\/v2\/categories?post=89525"},{"taxonomy":"post_tag","embeddable":true,"href":"https:\/\/linitiative.ca\/International\/wp-json\/wp\/v2\/tags?post=89525"}],"curies":[{"name":"wp","href":"https:\/\/api.w.org\/{rel}","templated":true}]}}