{"id":89526,"date":"2020-06-19T12:45:23","date_gmt":"2020-06-19T16:45:23","guid":{"rendered":"https:\/\/linitiative.ca\/International\/106400-foot-algerie-la-faf-n-entrera-jamais-dans-un-conflit-avec-le-mjs\/"},"modified":"2020-06-19T12:45:23","modified_gmt":"2020-06-19T16:45:23","slug":"106400-foot-algerie-la-faf-n-entrera-jamais-dans-un-conflit-avec-le-mjs","status":"publish","type":"post","link":"https:\/\/linitiative.ca\/International\/106400-foot-algerie-la-faf-n-entrera-jamais-dans-un-conflit-avec-le-mjs\/","title":{"rendered":"Foot\/ Alg\u00e9rie : \u00a0\u00bb La FAF n&rsquo;entrera jamais  dans un conflit avec le MJS\u00a0\u00bb"},"content":{"rendered":"<div readability=\"37\">\n<p><strong>ALGER- Le pr\u00e9sident de la F\u00e9d\u00e9ration alg\u00e9rienne de football (FAF) Kheireddine Zetchi, a refus\u00e9 vendredi de pol\u00e9miquer, en d\u00e9clarant que l\u2019instance f\u00e9d\u00e9rale n&rsquo;entrait \u00a0\u00bb jamais\u00a0\u00bb\u00a0 en conflit avec le minist\u00e8re de la Jeunesse et des Sports qui a interdit r\u00e9cemment dans une circulaire tout changement interne au niveau des f\u00e9d\u00e9rations sportive \u00e0 l&rsquo;approche des \u00e9lections.<\/strong><\/p>\n<\/div>\n<div readability=\"112.52586206897\">\n<p>\u00ab\u00a0Cette action qui concerne la mise en conformit\u00e9 des statuts avait commenc\u00e9 il y&rsquo;a dix mois sur demande de la F\u00e9d\u00e9ration internationale (Fifa). Ces amendements ont d\u00e9but\u00e9 donc depuis longtemps, pour mettre les choses dans leur contexte. Je suis sid\u00e9r\u00e9 de voir des gens parler du fond. La FAF n&rsquo;entrera jamais dans un conflit avec le MJS, les int\u00e9r\u00eats doivent primer : rechercher le point d&rsquo;intersection dans l&rsquo;int\u00e9r\u00eat du football national\u00a0\u00bb, a affirm\u00e9 Zetchi sur les ondes de la radio nationale.<\/p>\n<p>Dans une circulaire adress\u00e9e aux f\u00e9d\u00e9rations sportives le 8 juin, le MJS a indiqu\u00e9 qu&rsquo;il \u00e9tait \u00ab\u00a0formellement interdit de proc\u00e9der \u00e0 la moindre modification dans leurs r\u00e8glements int\u00e9rieurs \u00e0 l&rsquo;approche des assembl\u00e9es g\u00e9n\u00e9rales \u00e9lectives\u00a0\u00bb.<\/p>\n<p>Outre les r\u00e8glements int\u00e9rieurs, le MJS a formellement interdit aux f\u00e9d\u00e9rations de \u00ab\u00a0modifier leurs syst\u00e8mes de comp\u00e9tition, leurs r\u00e8glements disciplinaires\u00a0\u00bb, ou m\u00eame de \u00ab\u00a0changer de poste aux cadres techniques\u00a0\u00bb activant en leur sein. Un nouveau syst\u00e8me de comp\u00e9tition, dont la FAF a d\u00e9j\u00e0 valid\u00e9 le principe, en vue de la saison 2020-2021.<\/p>\n<blockquote readability=\"12\">\n<p><strong><em>\u00ab\u00a0Nous avons \u00e9t\u00e9 destinataire de cette circulaire \u00e0 l\u2019instar de toutes les f\u00e9d\u00e9rations. Nous avons cette capacit\u00e9 \u00e0 trouver des solutions. Nous tenons \u00e0 \u00e9clairer l&rsquo;opinion que ces statuts tendent \u00e0 projeter le football national vers le futur. Je tiens \u00e0 signaler que cette circulaire n&rsquo;a pas d\u2019effet r\u00e9troactif, donc le syst\u00e8me de comp\u00e9tition, approuv\u00e9 d\u00e9j\u00e0 par les membres de l\u2019AG, sera maintenu\u00a0\u00bb, a-t-il ajout\u00e9.<\/em><\/strong><\/p>\n<\/blockquote>\n<p>Avant d\u2019encha\u00eener : \u00ab\u00a0Depuis notre arriv\u00e9e \u00e0 la FAF, nous avons toujours entretenu de bonnes relations avec toutes les institutions de l\u2019Etat, dont le MJS, il existe des relations cordiales. Ceci, ne nous emp\u00eache pas de discuter sur les statuts et la reprise du championnat, \u00e0 partir de l\u00e0, je rassure en tant que premier responsable du football que les relations sont bonnes avec le MJS et le seront toujours \u00ab\u00a0.<\/p>\n<p>Tout en d\u00e9non\u00e7ant \u00a0\u00bb une cabale\u00a0\u00bb, le pr\u00e9sident de la FAF a d\u00e9menti toute intention d\u2019exclure les membres de la glorieuse \u00e9quipe du Front de lib\u00e9ration nationale (FLN) de l\u2019assembl\u00e9e g\u00e9n\u00e9rale, \u00e9voquant notamment \u00ab\u00a0un grand mensonge\u00a0\u00bb.<\/p>\n<hr\/>\n<h3 class=\"itemTitle\">Lire aussi:\u00a0<a href=\"http:\/\/www.aps.dz\/sport\/106394-foot-algerie-coronavirus-zetchi-plaide-pour-la-reprise-de-la-competition\" target=\"_blank\" rel=\"noopener noreferrer\">Foot\/ Alg\u00e9rie (coronavirus) : Zetchi plaide pour la reprise de la comp\u00e9tition<\/a><\/h3>\n<hr\/>\n<p>\u00a0\u00a0\u00bb Il s\u2019agit d\u2019une v\u00e9ritable cabale qui s&rsquo;est d\u00e9cha\u00een\u00e9e depuis quelques mois, il est important dans les moments strat\u00e9gique de d\u00e9noncer, c&rsquo;est une volont\u00e9 claire de d\u00e9stabiliser la FAF. Je d\u00e9nonce ceux qui ont choisi d&rsquo;instrumentaliser le football, les attaques contre la FAF et ma personne avaient commenc\u00e9 au d\u00e9but de mon mandat. Fort heureusement, ils ne sont pas nombreux. Dire que l&rsquo;\u00e9quipe du FLN est exclue de l&rsquo;AG rel\u00e8ve de la honte. Je ne demande \u00e0 personne de me soutenir, mais d&rsquo;\u00eatre derri\u00e8re la FAF qui repr\u00e9sente l&rsquo;Alg\u00e9rie. Comment peut-on rapporter un mensonge aussi grand comme l&rsquo;exclusion de l&rsquo;\u00e9quipe du FLN, dont les membres (8) sont individuellement membres de l&rsquo;AG avec droit de vote\u00a0\u00bb, a-t-il soulign\u00e9.<\/p>\n<p>Zetchi a tenu \u00e0 faire la lumi\u00e8re sur les principaux statuts, ces derniers seront expos\u00e9s aux membres de l\u2019assembl\u00e9e g\u00e9n\u00e9rale pour amendement, lors d\u2019une session extraordinaire (AGEx).<\/p>\n<blockquote readability=\"15\">\n<p><strong><em>\u00a0\u00bb Pourquoi les joueurs actifs ne sont pas repr\u00e9sent\u00e9s au sein de l\u2019AG ?, pourquoi nous n&rsquo;avons pas permis aux joueurs de cr\u00e9er leur syndicat ?, ce volet existe dans les nouveaux statuts. Il y a aussi la s\u00e9paration des pouvoirs : remettre le pouvoir l\u00e9gislative \u00e0 l&rsquo;AG, et le pouvoir ex\u00e9cutif \u00e0 la FAF, ce qui n&rsquo;\u00e9tait pas le cas auparavant, il s\u2019agit d\u2019une r\u00e9paration de fond. Il y a aussi l&rsquo;ind\u00e9pendance des commissions juridictionnelles, qui doivent \u00eatre \u00e9lues par l&rsquo;AG, et non pas d\u00e9sign\u00e9es.<\/em><\/strong><\/p>\n<\/blockquote>\n<p>Limiter l&rsquo;\u00e2ge du pr\u00e9sident \u00e0 70 ans est propos\u00e9 sans aucune arri\u00e8re-pens\u00e9e. La imitation des mandats est un principe qui existe d\u00e9j\u00e0 m\u00eame au niveau de la Fifa, dans l&rsquo;objectif d&rsquo;instaurer l&rsquo;alternance. Ce sont des principes fondamentaux qui ont \u00e9t\u00e9 apport\u00e9s aux statuts\u00a0\u00bb.<\/p>\n<p>Enfin, Zetchi s\u2019est dit engag\u00e9 \u00e0 travailler en \u00a0\u00bb symbiose\u00a0\u00bb avec le d\u00e9partement minist\u00e9riel, dans\u00a0\u00bb l\u2019int\u00e9r\u00eat du football national\u00a0\u00bb.\u00a0\u00bb Nous avons cette conviction avec le MJS, d&rsquo;\u00eatre toujours en partenariat et en symbiose dans l&rsquo;int\u00e9r\u00eat de notre football. Cet amendement des statuts n&rsquo;est pas une d\u00e9cision du BF, il y&rsquo;aura une AGEx pour amender ou non ces statuts, qui sont conformes \u00e0 la loi alg\u00e9rienne. Nous sommes dans une d\u00e9marche institutionnelle, dans le strict respect de la loi de la R\u00e9publique\u00a0\u00bb, a-t-il conclu.<\/p>\n<\/div>\n<p>Auteur:<br \/>\n<a href=\"http:\/\/www.aps.dz\/sport\/106400-foot-algerie-la-faf-n-entrera-jamais-dans-un-conflit-avec-le-mjs?utm_source=feedburner&#038;utm_medium=feed&#038;utm_campaign=Feed%3A+aps-sport+%28APS+-+SPORT%29\">Cliquez ici pour lire l&rsquo;article depuis sa source.<\/a><\/p>\n","protected":false},"excerpt":{"rendered":"<p>ALGER- Le pr\u00e9sident de la F\u00e9d\u00e9ration alg\u00e9rienne de football (FAF) Kheireddine Zetchi, a refus\u00e9 vendredi de pol\u00e9miquer, en d\u00e9clarant que l\u2019instance f\u00e9d\u00e9rale n&rsquo;entrait \u00a0\u00bb jamais\u00a0\u00bb\u00a0 en conflit avec le minist\u00e8re de la Jeunesse et des Sports qui a interdit r\u00e9cemment dans une circulaire tout changement interne au niveau des f\u00e9d\u00e9rations sportive \u00e0 l&rsquo;approche des \u00e9lections. [&hellip;]<\/p>\n","protected":false},"author":1790,"featured_media":0,"comment_status":"closed","ping_status":"closed","sticky":false,"template":"","format":"standard","meta":{"fifu_image_url":"","fifu_image_alt":"","footnotes":""},"categories":[53,75],"tags":[],"class_list":["post-89526","post","type-post","status-publish","format-standard","hentry","category-algerie","category-sport"],"_links":{"self":[{"href":"https:\/\/linitiative.ca\/International\/wp-json\/wp\/v2\/posts\/89526","targetHints":{"allow":["GET"]}}],"collection":[{"href":"https:\/\/linitiative.ca\/International\/wp-json\/wp\/v2\/posts"}],"about":[{"href":"https:\/\/linitiative.ca\/International\/wp-json\/wp\/v2\/types\/post"}],"author":[{"embeddable":true,"href":"https:\/\/linitiative.ca\/International\/wp-json\/wp\/v2\/users\/1790"}],"replies":[{"embeddable":true,"href":"https:\/\/linitiative.ca\/International\/wp-json\/wp\/v2\/comments?post=89526"}],"version-history":[{"count":0,"href":"https:\/\/linitiative.ca\/International\/wp-json\/wp\/v2\/posts\/89526\/revisions"}],"wp:attachment":[{"href":"https:\/\/linitiative.ca\/International\/wp-json\/wp\/v2\/media?parent=89526"}],"wp:term":[{"taxonomy":"category","embeddable":true,"href":"https:\/\/linitiative.ca\/International\/wp-json\/wp\/v2\/categories?post=89526"},{"taxonomy":"post_tag","embeddable":true,"href":"https:\/\/linitiative.ca\/International\/wp-json\/wp\/v2\/tags?post=89526"}],"curies":[{"name":"wp","href":"https:\/\/api.w.org\/{rel}","templated":true}]}}