{"id":89532,"date":"2020-06-19T05:36:00","date_gmt":"2020-06-19T09:36:00","guid":{"rendered":"https:\/\/linitiative.ca\/International\/sahbi-basly-un-nouveau-style-de-gouvernance-mondiale\/"},"modified":"2020-06-19T05:36:00","modified_gmt":"2020-06-19T09:36:00","slug":"sahbi-basly-un-nouveau-style-de-gouvernance-mondiale","status":"publish","type":"post","link":"https:\/\/linitiative.ca\/International\/sahbi-basly-un-nouveau-style-de-gouvernance-mondiale\/","title":{"rendered":"Sahbi Basly : Un nouveau style de gouvernance mondiale"},"content":{"rendered":"<p><span class=\"c2\"><em><strong>Par Dr Mohamed Sahbi Basly, ancien ambassadeur &#8211;<\/strong><\/em><\/span> Alors que l\u2019actualit\u00e9 nationale chaotique rab\u00e2che les erreurs r\u00e9currentes d\u2019un pass\u00e9 lointain et plus r\u00e9cent, embourb\u00e9e dans un \u00e9ternel r\u00e8glement de compte insignifiant qui plombe la vie quotidienne du Tunisien depuis pr\u00e8s de 10 ans et retarde l\u2019\u00e9conomie nationale\u00a0 qui vingt ann\u00e9es auparavant faisait figure d\u2019exemple de d\u00e9veloppement r\u00e9ussi parmi les pays du bassin M\u00e9diterran\u00e9en. Dans\u00a0 l\u2019actualit\u00e9 itense j\u2019avais retenu, une fois n\u2019est pas coutume, un sommet extra ordinaire Chine &#8211; Afrique tenu depuis P\u00e9kin le mercredi 17 juin, par visioconf\u00e9rence et d\u00e9di\u00e9 \u00e0 la lutte contre le Covid 19.<\/p>\n<p>Je ne sais d\u2019ailleurs pas si mon pays la Tunisie a pris part \u00e0 cette initiative..? Peut \u00eatre la maitrise jusque l\u00e0 de l\u2019\u00e9pid\u00e9mie qu\u2019il faut saluer au passage, a dissuad\u00e9 nos dirigeants de prendre part \u00e0 ce sommet qui, n\u00e9anmoins, constituait une\u00a0 occasion propice pour montrer notre exp\u00e9rience du v\u00e9cu de cette maladie \u00e0 d\u2019autres pays Africains et m\u00eame aux Chinois.\u00a0Cel\u00e0 est d\u2019autant plus que le pr\u00e9sident Kais Saied avait d\u00e9s le d\u00e9but de la crise mondiale du Corona, lanc\u00e9 un appel \u00e0 l&rsquo;ONU pour une solidarit\u00e9 internationale pour faire face \u00e0 ce d\u00e9fi sanitaire pour l\u2019Afrique. C&rsquo;est une occasion pour faire valoir cet appel pr\u00e9sidentiel aupr\u00e8s nos amis africains et chinois&#8230;. si absence il y a, je le d\u00e9plore sinc\u00e8rement car il s\u2019agit d\u2019une autre occasion manqu\u00e9e avec la Chine.<\/p>\n<p class=\"c3\"><strong>(<span class=\"c2\">Note de la R\u00e9daction :<\/span> Effectivement, la Tunisie n&rsquo;y a pas pris part. A l&rsquo;instar du Sommet du Mouvement des pays Non-Align\u00e9s, tenu lui aussi en visioconf\u00e9rence depuis Azarba\u00efdjan, le 4 mai dernier, il a \u00e9t\u00e9 proc\u00e9d\u00e9, en raison des contraintes de la visio-conf\u00e9rence de se limiter \u00e0 des repr\u00e9sentants des r\u00e9gions et des sous-r\u00e9gions.\u00a0Dans le cas du Sommet Chine-Afrique, cinq sous-r\u00e9gions ont \u00e9t\u00e9 repr\u00e9sent\u00e9es.\u00a0Pour l&rsquo;Afrique du Nord, c&rsquo;est l&rsquo;Alg\u00e9rie qui\u00a0 s&rsquo;est la premi\u00e8re, d\u00e9clar\u00e9e int\u00e9ress\u00e9e par y prendre part. L&rsquo;Egypte aussi. Vu cet int\u00e9r\u00eat, la Tunisie semble s&rsquo;\u00eatre encore une fois d\u00e9sist\u00e9 en faveur de l&rsquo;Alg\u00e9rie&#8230;)<\/strong><\/p>\n<p>Du <a href=\"http:\/\/french.xinhuanet.com\/2020-06\/18\/c_139148221.htm\" target=\"_blank\" rel=\"noopener noreferrer\">discours<\/a> du pr\u00e9sident Xi Jinping, j\u2019ai retenu quelques phrases cl\u00e9s que je vous\u00a0 livre pour les commenter par la suite:<\/p>\n<p><span class=\"c2\"><strong>\u2022<\/strong><\/span> Quelque soient les al\u00e9as internationaux, la Chine reste fermement r\u00e9solue \u00e0 renforcer la solidarit\u00e9 et la coop\u00e9ration avec le continent Africain.<\/p>\n<p><span class=\"c2\"><strong>\u2022<\/strong><\/span> Sur le sujet \u00e0 l\u2019ordre du jour et au niveau bilat\u00e9ral, les mesures suivantes ont \u00e9t\u00e9 pr\u00e9conis\u00e9s apr\u00e8s avoir annonc\u00e9 un combat conjoint Chine &#8211; Afrique contre le virus:<\/p>\n<p class=\"c3\">&#8211; Une initiative pour la sant\u00e9 lors du prochain sommet Chine \u2013 Afrique<\/p>\n<p class=\"c3\">&#8211; La construction d\u2019h\u00f4pitaux d\u2019amiti\u00e9 Chine \u2013 Afrique<\/p>\n<p class=\"c3\">&#8211; B\u00e2tir une communaut\u00e9 de sant\u00e9 Chine &#8211; Afrique en pr\u00e9conisant des \u00e9changes scientifiques et d\u2019\u00e9quipes m\u00e9dicales pour venir \u00e0 bout de ces fl\u00e9aux.<\/p>\n<p class=\"c3\">&#8211; Acc\u00e8s prioritaire des pays Africains au vaccin\u00a0 contre le Covid-19, une fois mis au point et commercialis\u00e9.<\/p>\n<p class=\"c3\">&#8211; Annulation des pr\u00eats sans int\u00e9r\u00eats pour les pays dont la dette arrive \u00e0 \u00e9ch\u00e9ance fin 2020.<\/p>\n<p><span class=\"c2\"><strong>\u2022<\/strong><\/span> Au niveau international la Chine se propose d\u2019aider les pays africains:<\/p>\n<p class=\"c3\">&#8211; Au niveau du G20 pour mettre en application une des recommandations de ce sommet, \u00e0 savoir la suspension du service de la dette en prolongeant la suspension en faveur des pays Africains<\/p>\n<p class=\"c3\">&#8211; Soutien de l\u2019OMS dans sa lutte contre le Covid 19, entendre par l\u00e0, si les \u00c9tats-Unis d\u2019Am\u00e9rique ont d\u00e9cid\u00e9 de suspendre leur subvention \u00e0 l\u2019OMS, la Chine serait dispos\u00e9e \u00e0 combler ce d\u00e9ficit?<\/p>\n<p><span class=\"c2\"><strong>\u2022<\/strong><\/span> Enfin retour sur l\u2019Afrique, pour confirmer la communaut\u00e9 de destin entre la Chine et l\u2019Afrique tel qu\u2019annonc\u00e9 lors du Sommet sino africain de 2018, assorti d\u2019une volont\u00e9 r\u00e9elle de la Chine de construire une zone de libre \u00e9change continentale avec l\u2019Afrique en renfor\u00e7ant la connectivit\u00e9 avec le continent africain, l\u2019\u00e9conomie num\u00e9rique, l\u2019\u00e9nergie propre et mettre la 5 G cette arme fatale chinoise v\u00e9ritable origine de discorde entre la Chine et l\u2019occident, \u00e0 la disposition de l\u2019Afrique pour contribuer \u00e0 l\u2019\u00e9mergence du continent\u00a0 dans le cadre d\u2019un partenariat strat\u00e9gique global, et une communaut\u00e9 d\u2019avenir partag\u00e9 sino &#8211; africain encore plus solide.<\/p>\n<p>Ainsi le d\u00e9cor est plant\u00e9.<\/p>\n<p>La Chine, par cette initiative, a souhait\u00e9 montrer son engagement ind\u00e9fectible au continent africain et entend le consolider pr\u00e9cis\u00e9ment au moment ou celui ci fait face \u00e0 une menace sanitaire de grande envergure et sans moyens ad\u00e9quats. Ne dit on pas que les vrais amis se reconnaissent\u00a0 pendant les moments difficiles? La Chine vient de nous donner cet exemple au del\u00e0 de toute lecture partisane ou un quelconque opportunisme.<\/p>\n<p>Autre message Chinois, au del\u00e0 de la solidarit\u00e9 sino africaine et la solidit\u00e9 du projet, la ceinture et la route qui caract\u00e9rise la profondeur de la strat\u00e9gie \u00e9conomique et politique de la Chine \u00e0 travers le monde, l\u2019association du SG des Nations Unies \u00e0 cette conf\u00e9rence ainsi que le directeur g\u00e9n\u00e9ral de l\u2019OMS principale institution en charge de cette pand\u00e9mie, est un message clair \u00e0 l\u2019ONU et un soutien \u00e0 ses institutions qui se ont \u00e9t\u00e9 malmen\u00e9es et priv\u00e9es de soutien financiers depuis la d\u00e9but de cette crise pand\u00e9mique. La Chine redevient au centre des relations internationale et gagne \u00e0 mon humble avis du terrain dans le d\u00e9cisif Onusien.<\/p>\n<p>Enfin gr\u00e2ce \u00e0 cette visioconf\u00e9rence, la chine a montr\u00e9 sa maitrise technologique des moyens de communication les plus sophistiqu\u00e9s et les plus prot\u00e9g\u00e9s.<\/p>\n<p>Nous avions v\u00e9cu, ce mercredi, une nouvelle forme de diriger le monde, loin des m\u00e9dias, en allant directement dans le vif du sujet pour amener des solutions concr\u00e8tes et rapides sans co\u00fbts suppl\u00e9mentaires.<\/p>\n<p>Une tr\u00e8s bonne initiative chinoise.<\/p>\n<p class=\"c5\"><strong>Dr Mohamed Sahbi<\/strong> <strong>Basly<\/strong><br \/><span class=\"c4\"><em>Ambassadeur<br \/>Pr\u00e9sident de l\u2019Organisation M\u00e9diterran\u00e9enne de la Route de la Soie<\/em><\/span><\/p>\n<p>Auteur:<br \/>\n<a href=\"https:\/\/www.leaders.com.tn\/article\/30139-basly-mohamed-sahbi-un-nouveau-style-de-gouvernance-mondiale\">Cliquez ici pour lire l&rsquo;article depuis sa source.<\/a><\/p>\n","protected":false},"excerpt":{"rendered":"<p>Par Dr Mohamed Sahbi Basly, ancien ambassadeur &#8211; Alors que l\u2019actualit\u00e9 nationale chaotique rab\u00e2che les erreurs r\u00e9currentes d\u2019un pass\u00e9 lointain et plus r\u00e9cent, embourb\u00e9e dans un \u00e9ternel r\u00e8glement de compte insignifiant qui plombe la vie quotidienne du Tunisien depuis pr\u00e8s de 10 ans et retarde l\u2019\u00e9conomie nationale\u00a0 qui vingt ann\u00e9es auparavant faisait figure d\u2019exemple de [&hellip;]<\/p>\n","protected":false},"author":1772,"featured_media":0,"comment_status":"closed","ping_status":"closed","sticky":false,"template":"","format":"standard","meta":{"fifu_image_url":"","fifu_image_alt":"","footnotes":""},"categories":[73,55],"tags":[],"class_list":["post-89532","post","type-post","status-publish","format-standard","hentry","category-actualite","category-tunisie"],"_links":{"self":[{"href":"https:\/\/linitiative.ca\/International\/wp-json\/wp\/v2\/posts\/89532","targetHints":{"allow":["GET"]}}],"collection":[{"href":"https:\/\/linitiative.ca\/International\/wp-json\/wp\/v2\/posts"}],"about":[{"href":"https:\/\/linitiative.ca\/International\/wp-json\/wp\/v2\/types\/post"}],"author":[{"embeddable":true,"href":"https:\/\/linitiative.ca\/International\/wp-json\/wp\/v2\/users\/1772"}],"replies":[{"embeddable":true,"href":"https:\/\/linitiative.ca\/International\/wp-json\/wp\/v2\/comments?post=89532"}],"version-history":[{"count":0,"href":"https:\/\/linitiative.ca\/International\/wp-json\/wp\/v2\/posts\/89532\/revisions"}],"wp:attachment":[{"href":"https:\/\/linitiative.ca\/International\/wp-json\/wp\/v2\/media?parent=89532"}],"wp:term":[{"taxonomy":"category","embeddable":true,"href":"https:\/\/linitiative.ca\/International\/wp-json\/wp\/v2\/categories?post=89532"},{"taxonomy":"post_tag","embeddable":true,"href":"https:\/\/linitiative.ca\/International\/wp-json\/wp\/v2\/tags?post=89532"}],"curies":[{"name":"wp","href":"https:\/\/api.w.org\/{rel}","templated":true}]}}