{"id":89537,"date":"2020-06-19T11:58:00","date_gmt":"2020-06-19T15:58:00","guid":{"rendered":"https:\/\/linitiative.ca\/International\/meuble-interieurs-realise-une-augmentation-de-3046-de-benefice-par-rapport-a-2018\/"},"modified":"2020-06-19T11:58:00","modified_gmt":"2020-06-19T15:58:00","slug":"meuble-interieurs-realise-une-augmentation-de-3046-de-benefice-par-rapport-a-2018","status":"publish","type":"post","link":"https:\/\/linitiative.ca\/International\/meuble-interieurs-realise-une-augmentation-de-3046-de-benefice-par-rapport-a-2018\/","title":{"rendered":"Meuble \u00abInt\u00e9rieurs\u00bb r\u00e9alise une augmentation de 30,46% de b\u00e9n\u00e9fice par rapport \u00e0 2018"},"content":{"rendered":"<p>Le conseil de la Soci\u00e9t\u00e9 Atelier du Meuble int\u00e9rieurs invite les actionnaires de la soci\u00e9t\u00e9 pour une Assembl\u00e9e G\u00e9n\u00e9rale Ordinaire, le 25 juin 2020 \u00e0 l\u2019h\u00f4tel Dar El Marsa. L\u2019objectif de cette convocation est de statuer sur les \u00e9tats financiers de l\u2019exercice 2019 et les rapports des commissaires aux comptes compl\u00e9mentaires et \u00e0 l\u2019effet de d\u00e9lib\u00e9rer sur l\u2019ordre du jour suivant:<\/p>\n<p class=\"c3\"><span class=\"c2\"><strong>1-<\/strong><\/span> Lecture du rapport du Conseil d\u2019Administration sur la gestion de la soci\u00e9t\u00e9 et des \u00e9tats financiers individuels pour l\u2019exercice clos le 31 D\u00e9cembre 2019 ;<\/p>\n<p class=\"c3\"><span class=\"c2\"><strong>2-<\/strong><\/span> Lecture du rapport du Conseil d\u2019Administration sur la gestion du groupe et des \u00e9tats financiers consolid\u00e9s pour l\u2019exercice clos le 31 D\u00e9cembre 2019 ;<\/p>\n<p class=\"c3\"><span class=\"c2\"><strong>3-<\/strong><\/span> Lecture des rapports du commissaire aux comptes sur l\u2019ex\u00e9cution de sa mission ;<\/p>\n<p class=\"c3\"><span class=\"c2\"><strong>4-<\/strong><\/span> Approbation des rapports du conseil d\u2019administration et des \u00e9tats financiers individuels et consolid\u00e9s pour l\u2019exercice clos le 31\/12\/2019 ;<\/p>\n<p class=\"c3\"><span class=\"c2\"><strong>5-<\/strong><\/span> Approbation des op\u00e9rations et des conventions r\u00e9glement\u00e9es vis\u00e9es par les dispositions des articles 200 et suivants et 475 du code des soci\u00e9t\u00e9s commerciales<\/p>\n<p class=\"c3\"><span class=\"c2\"><strong>6-<\/strong><\/span> Quitus aux administrateurs pour la gestion 2019 ;<\/p>\n<p class=\"c3\"><span class=\"c2\"><strong>7-<\/strong><\/span> Affectation des r\u00e9sultats de l\u2019exercice 2019 ;<\/p>\n<p class=\"c3\"><span class=\"c2\"><strong>8-<\/strong><\/span> Jetons de pr\u00e9sence \u00e0 octroyer aux administrateurs<\/p>\n<p class=\"c3\"><span class=\"c2\"><strong>9-<\/strong><\/span> Nomination et\/ou renouvellement du mandat d\u2019administrateurs ;<\/p>\n<p class=\"c3\"><span class=\"c2\"><strong>10-<\/strong><\/span> Renouvellement du mandat du commissaire aux comptes<\/p>\n<p class=\"c3\"><span class=\"c2\"><strong>11-<\/strong><\/span> D\u00e9l\u00e9gation de pouvoirs pour l\u2019accomplissement des formalit\u00e9s.<\/p>\n<p>L\u2019Assembl\u00e9e G\u00e9n\u00e9rale extraordinaire d\u00e9lib\u00e8rera aussi sur la proposition d\u2019une augmentation du capital de la soci\u00e9t\u00e9 par incorporation de r\u00e9serves ordinaires d\u2019un montant de 926 939 dinars et l\u2019\u00e9mission de 926 939 actions nouvelles. Ces actions seront attribu\u00e9es d\u2019une fa\u00e7on gratuite, faisant ainsi passer le capital de 4 634 696 dinars \u00e0 5 561 635 dinars.<br \/>Les \u00e9tats financiers individuels font appara\u00eetre un total Bilan de 21 868 387 DT et un R\u00e9sultat Net de 2 663 073 DT, soit une augmentation de 30.46% par rapport \u00e0 2018.<\/p>\n<p>Les Actionnaires de la soci\u00e9t\u00e9 sont \u00e9galement invit\u00e9s \u00e0 assister \u00e0 la r\u00e9union de l\u2019Assembl\u00e9e G\u00e9n\u00e9rale Extraordinaire qui aura lieu le m\u00eame jour (jeudi 25 juin 2020 \u00e0 17H:00) \u00e0 H\u00f4tel Dar El Marsa.<\/p>\n<p>L\u2019objectif de cette r\u00e9union sera de d\u00e9lib\u00e9rer sur l\u2019ordre du jour suivant :<\/p>\n<p class=\"c3\"><span class=\"c2\"><strong>1-<\/strong><\/span> Augmentation du capital par incorporation de r\u00e9serves<\/p>\n<p class=\"c3\"><span class=\"c2\"><strong>2-<\/strong><\/span> Modification de l\u2019article 6 des statuts<\/p>\n<p class=\"c3\"><span class=\"c2\"><strong>3-<\/strong><\/span> D\u00e9l\u00e9gation de pouvoirs<br \/>\u00a0<\/p>\n<p>Auteur:<br \/>\n<a href=\"https:\/\/www.leaders.com.tn\/article\/30144-meuble-interieurs-realise-une-augmentation-de-30-46-de-benefice-par-rapport-a-2018\">Cliquez ici pour lire l&rsquo;article depuis sa source.<\/a><\/p>\n","protected":false},"excerpt":{"rendered":"<p>Le conseil de la Soci\u00e9t\u00e9 Atelier du Meuble int\u00e9rieurs invite les actionnaires de la soci\u00e9t\u00e9 pour une Assembl\u00e9e G\u00e9n\u00e9rale Ordinaire, le 25 juin 2020 \u00e0 l\u2019h\u00f4tel Dar El Marsa. L\u2019objectif de cette convocation est de statuer sur les \u00e9tats financiers de l\u2019exercice 2019 et les rapports des commissaires aux comptes compl\u00e9mentaires et \u00e0 l\u2019effet de [&hellip;]<\/p>\n","protected":false},"author":1772,"featured_media":0,"comment_status":"closed","ping_status":"closed","sticky":false,"template":"","format":"standard","meta":{"fifu_image_url":"","fifu_image_alt":"","footnotes":""},"categories":[73,55],"tags":[],"class_list":["post-89537","post","type-post","status-publish","format-standard","hentry","category-actualite","category-tunisie"],"_links":{"self":[{"href":"https:\/\/linitiative.ca\/International\/wp-json\/wp\/v2\/posts\/89537","targetHints":{"allow":["GET"]}}],"collection":[{"href":"https:\/\/linitiative.ca\/International\/wp-json\/wp\/v2\/posts"}],"about":[{"href":"https:\/\/linitiative.ca\/International\/wp-json\/wp\/v2\/types\/post"}],"author":[{"embeddable":true,"href":"https:\/\/linitiative.ca\/International\/wp-json\/wp\/v2\/users\/1772"}],"replies":[{"embeddable":true,"href":"https:\/\/linitiative.ca\/International\/wp-json\/wp\/v2\/comments?post=89537"}],"version-history":[{"count":0,"href":"https:\/\/linitiative.ca\/International\/wp-json\/wp\/v2\/posts\/89537\/revisions"}],"wp:attachment":[{"href":"https:\/\/linitiative.ca\/International\/wp-json\/wp\/v2\/media?parent=89537"}],"wp:term":[{"taxonomy":"category","embeddable":true,"href":"https:\/\/linitiative.ca\/International\/wp-json\/wp\/v2\/categories?post=89537"},{"taxonomy":"post_tag","embeddable":true,"href":"https:\/\/linitiative.ca\/International\/wp-json\/wp\/v2\/tags?post=89537"}],"curies":[{"name":"wp","href":"https:\/\/api.w.org\/{rel}","templated":true}]}}