{"id":89540,"date":"2020-06-19T14:02:35","date_gmt":"2020-06-19T18:02:35","guid":{"rendered":"https:\/\/linitiative.ca\/International\/tourisme-les-entreprises-de-voyage-lancent-un-sos\/"},"modified":"2020-06-19T14:02:35","modified_gmt":"2020-06-19T18:02:35","slug":"tourisme-les-entreprises-de-voyage-lancent-un-sos","status":"publish","type":"post","link":"https:\/\/linitiative.ca\/International\/tourisme-les-entreprises-de-voyage-lancent-un-sos\/","title":{"rendered":"Tourisme : les Entreprises de Voyage lancent un SOS"},"content":{"rendered":"<p><strong>Les Entreprises de Voyage (EdV)<\/strong>\u00a0<strong>et le Syndicat des Tours Op\u00e9rateurs (SETO) lancent un appel \u00e0 la r\u00e9ouverture urgente des fronti\u00e8res du Royaume.<\/strong><\/p>\n<div class=\"c10\"\/>\n<p>C\u2019est presque un SOS. A l\u2019approche de la p\u00e9riode estivale, Les Entreprises de Voyage (EdV) et le Syndicat des Tours Op\u00e9rateurs (SETO) viennent d\u2019adresser \u00e0 <a href=\"http:\/\/Un%20appel%20au%20patriotisme%20pour%20sauver%20le%20tourisme%20national\">Madame Nadia Fettah Alaoui, ministre du tourisme, de l\u2019artisanat, du<\/a> <strong><a href=\"http:\/\/Un%20appel%20au%20patriotisme%20pour%20sauver%20le%20tourisme%20national\">transport a\u00e9rien<\/a><\/strong> <a href=\"http:\/\/Un%20appel%20au%20patriotisme%20pour%20sauver%20le%20tourisme%20national\">et de l\u2019\u00e9conomie sociale<\/a>, un appel \u00e0 la r\u00e9ouverture des fronti\u00e8res du Royaume, \u00e0 un moment crucial. La crise sanitaire a lourdement impact\u00e9 le secteur du tourisme en g\u00e9n\u00e9ral ainsi que les entreprises sp\u00e9cialis\u00e9es dans l\u2019organisation des voyages, rencontres et d\u00e9couvertes.<\/p>\n<p><strong>Lire aussi|<\/strong><a href=\"https:\/\/www.challenge.ma\/textile-moulay-hafid-elalamy-appelle-a-un-redemarrage-prudent-145473\/\"><strong>Textile : Moulay Hafid Elalamy appelle \u00e0 un red\u00e9marrage prudent<\/strong><\/a><\/p>\n<p>Avec les exp\u00e9riences actuellement accumul\u00e9es dans la gestion de la crise sanitaire et dans la lutte contre le Covid-19, et compte tenu des urgences majeures et du calendrier de plus en plus serr\u00e9, EdV et SETO pr\u00e9conisent une reprise dans l\u2019imm\u00e9diat pour pouvoir redonner de l\u2019oxyg\u00e8ne aux <strong>acteurs \u00e9conomiques<\/strong>, tout en garantissant au maximum la s\u00e9curit\u00e9 sanitaire des voyageurs et de l\u2019ensemble des intervenants. Le calendrier d\u2019ouverture des fronti\u00e8res est actuellement une urgence afin de permettre aux divers op\u00e9rateurs de disposer d\u2019une visibilit\u00e9 pour pouvoir s\u2019organiser, planifier les offres et s\u2019engager.<\/p>\n<p><strong>Lire aussi|<a href=\"https:\/\/www.challenge.ma\/port-du-masque-voici-les-nouvelles-recommandations-de-loms-145284\/\">Port du masque: voici les nouvelles recommandations impressionnantes de l\u2019OMS<\/a><\/strong><\/p>\n<p>Les protocoles sanitaires ont \u00e9t\u00e9 con\u00e7us et suffisamment test\u00e9s pour \u00eatre mis en place efficacement. Ainsi, professionnels de voyage, compagnies a\u00e9riennes et maritimes (\u2026) sont pr\u00eats \u00e0 mettre en \u0153uvre les r\u00e8gles sanitaires adopt\u00e9es, \u00e0 tous les niveaux d\u2019accueil touristique au Royaume. La maitrise du risque permet d\u2019acc\u00e9l\u00e9rer le <strong>d\u00e9confinement<\/strong> et de rouvrir les fronti\u00e8res pour que familles et amis puissent se retrouver\u00a0\u00a0et \u00e9changer en toute s\u00e9curit\u00e9. La saison estivale est tr\u00e8s proche. C\u2019est aussi un moment de retrouvailles, d\u2019\u00e9change et de bonheur partag\u00e9, m\u00eame avec un maximum de pr\u00e9caution et de distanciation physique n\u00e9cessaire.\u00a0<\/p>\n<div class=\"vw-sticky-sidebar-wrapper vw-sticky-sidebar widget_text awac-wrapper widget_text awac widget custom_html-4 textwidget custom-html-widget\">\n<p class=\"has-background c12\"><span class=\"widget-title c11\">Tribune et D\u00e9bats<\/span><\/p>\n<p>La tribune qui vous parle d\u2019une actu, d\u2019un sujet qui fait d\u00e9bat, les traitent et les analysent. \u00c9conomistes et autres experts, patrons d\u2019entreprises, d\u00e9cideurs, acteurs de la soci\u00e9t\u00e9 civile, s\u2019y prononcent et contribuent \u00e0 sa grande richesse. Vous avez votre opinion, convergente ou diff\u00e9rente. Exprimez-la et mesurez-vous ainsi \u00e0 nos tribuns et d\u00e9batteurs.<\/p>\n<p>Envoyez vos analyses \u00e0 : <a href=\"\/cdn-cgi\/l\/email-protection#fa9995948e9b998eba99929b96969f949d9fd4979b\"><span class=\"__cf_email__\" data-cfemail=\"ea8985849e8b899eaa89828b86868f848d8fc4878b\">[email\u00a0protected]<\/span><\/a>, en pr\u00e9cisant votre nom, votre pr\u00e9nom et votre m\u00e9tier.<\/p>\n<\/div>\n<p>Auteur: Mohamed Amine<br \/>\n<a href=\"https:\/\/www.challenge.ma\/tourisme-les-entreprises-de-voyage-lancent-un-sos-145509\/\">Cliquez ici pour lire l&rsquo;article depuis sa source.<\/a><\/p>\n","protected":false},"excerpt":{"rendered":"<p>Les Entreprises de Voyage (EdV)\u00a0et le Syndicat des Tours Op\u00e9rateurs (SETO) lancent un appel \u00e0 la r\u00e9ouverture urgente des fronti\u00e8res du Royaume. C\u2019est presque un SOS. A l\u2019approche de la p\u00e9riode estivale, Les Entreprises de Voyage (EdV) et le Syndicat des Tours Op\u00e9rateurs (SETO) viennent d\u2019adresser \u00e0 Madame Nadia Fettah Alaoui, ministre du tourisme, de [&hellip;]<\/p>\n","protected":false},"author":1787,"featured_media":0,"comment_status":"closed","ping_status":"closed","sticky":false,"template":"","format":"standard","meta":{"fifu_image_url":"","fifu_image_alt":"","footnotes":""},"categories":[78,54],"tags":[],"class_list":["post-89540","post","type-post","status-publish","format-standard","hentry","category-economie","category-maroc"],"_links":{"self":[{"href":"https:\/\/linitiative.ca\/International\/wp-json\/wp\/v2\/posts\/89540","targetHints":{"allow":["GET"]}}],"collection":[{"href":"https:\/\/linitiative.ca\/International\/wp-json\/wp\/v2\/posts"}],"about":[{"href":"https:\/\/linitiative.ca\/International\/wp-json\/wp\/v2\/types\/post"}],"author":[{"embeddable":true,"href":"https:\/\/linitiative.ca\/International\/wp-json\/wp\/v2\/users\/1787"}],"replies":[{"embeddable":true,"href":"https:\/\/linitiative.ca\/International\/wp-json\/wp\/v2\/comments?post=89540"}],"version-history":[{"count":0,"href":"https:\/\/linitiative.ca\/International\/wp-json\/wp\/v2\/posts\/89540\/revisions"}],"wp:attachment":[{"href":"https:\/\/linitiative.ca\/International\/wp-json\/wp\/v2\/media?parent=89540"}],"wp:term":[{"taxonomy":"category","embeddable":true,"href":"https:\/\/linitiative.ca\/International\/wp-json\/wp\/v2\/categories?post=89540"},{"taxonomy":"post_tag","embeddable":true,"href":"https:\/\/linitiative.ca\/International\/wp-json\/wp\/v2\/tags?post=89540"}],"curies":[{"name":"wp","href":"https:\/\/api.w.org\/{rel}","templated":true}]}}