{"id":89546,"date":"2020-06-19T17:06:51","date_gmt":"2020-06-19T21:06:51","guid":{"rendered":"https:\/\/linitiative.ca\/International\/cameroun-non-plebiscite-au-port-en-eau-profonde-de-kribi-kpmo-lorgne-desormais-le-port-de-limbe\/"},"modified":"2020-06-19T17:06:51","modified_gmt":"2020-06-19T21:06:51","slug":"cameroun-non-plebiscite-au-port-en-eau-profonde-de-kribi-kpmo-lorgne-desormais-le-port-de-limbe","status":"publish","type":"post","link":"https:\/\/linitiative.ca\/International\/cameroun-non-plebiscite-au-port-en-eau-profonde-de-kribi-kpmo-lorgne-desormais-le-port-de-limbe\/","title":{"rendered":"Cameroun: non pl\u00e9biscit\u00e9 au port en eau profonde de Kribi, KPMO lorgne d\u00e9sormais le port de Limb\u00e9"},"content":{"rendered":"<div readability=\"32\">\n<p>Publi\u00e9 le 19.06.2020 \u00e0 22h06 par JournalduCameroun.com<\/p>\n<\/div>\n<div readability=\"84\">\n<h2>La soci\u00e9t\u00e9 philippine ICTSI a \u00e9t\u00e9 pr\u00e9f\u00e9r\u00e9e aux entreprises camerounaises r\u00e9unies au sein de KPMO pour la concession du terminal polyvalent du port en eau profonde de Kribi. \u201cD\u00e9\u00e7ue\u201d, mais pas r\u00e9sign\u00e9e, l\u2019association esp\u00e8re rebondir au futur port de Limb\u00e9<\/h2>\n<p><span class=\"c6\">Apr\u00e8s deux ans de gestion en r\u00e9gie du terminal polyvalent du<\/span> <strong>port en eau profonde de Kribi<\/strong> <span class=\"c6\">aupr\u00e8s du PAK, les entreprises camerounaises r\u00e9unies au sein de<\/span> <strong>KPMO<\/strong> <span class=\"c6\">(<\/span><em><span class=\"c6\">Kribi Port Multiple Operators<\/span><\/em><span class=\"c6\">) ont appris, le 05 juin dernier par un courrier du secr\u00e9taire g\u00e9n\u00e9ral de la pr\u00e9sidence de la R\u00e9publique, que le choix avait finalement \u00e9t\u00e9 port\u00e9 sur le philippin International Container Terminals Services, Inc. (<\/span><strong>ICTSI<\/strong><span class=\"c6\">).<\/span><\/p>\n<p><em><span class=\"c6\">\u201cSurpris\u201d<\/span><\/em> <span class=\"c6\">et <em>\u201cd\u00e9\u00e7u\u201d<\/em> \u2013 comme l\u2019a exprim\u00e9 son pr\u00e9sident lors de d\u00e9clarations \u00e0 la presse \u00e0 Douala le 11 juin -, KPMO esp\u00e8re cependant trouver une place au futur port en eau profonde de<\/span> <strong>Limb\u00e9<\/strong> <span class=\"c6\">(Sud-Ouest), dont les statuts et la r\u00e9organisation ont \u00e9t\u00e9 approuv\u00e9s par des d\u00e9crets pr\u00e9sidentiels en mai 2020.<\/span><\/p>\n<p><span class=\"c6\">La s\u00e9lection d\u2019ICTSI comme concessionnaire du terminal polyvalent du port en eau prodonde de Kribi a \u00e9t\u00e9 per\u00e7ue comme une mauvaise nouvelle pour KPMO, qui s\u2019\u00e9tait constitu\u00e9e pour pouvoir assurer la rel\u00e8ve dans la g\u00e9rance des ports camerounais,<\/span> <em><span class=\"c6\">\u201c\u00e0 la demande du gouvernement\u201d<\/span><\/em><span class=\"c6\">, selon le pr\u00e9sident de KPMO,<\/span> <strong>Gabriel Manimben<\/strong><span class=\"c6\">.<\/span><\/p>\n<p><span class=\"c6\">L\u2019association avait \u00e9t\u00e9 mise en place \u00e0 l\u2019initiative de l\u2019ancien pr\u00e9sident du Groupement interpatronal du Cameroun (<\/span><strong>Gicam<\/strong><span class=\"c6\">), Andr\u00e9 Fotso, par le regroupement d\u2019entreprises qui exer\u00e7aient comme logisticiens, acconiers, consignataires et commissionnaires en douane agr\u00e9\u00e9s.<\/span><\/p>\n<p><span class=\"c6\">Pour la gestion du terminal polyvalent de Kribi, KPMO avait \u00e9t\u00e9 averti toutefois qu\u2019il n\u2019avait pas d\u2019exp\u00e9rience dans la gestion d\u2019une telle plateforme. Engag\u00e9 dans un partenariat avec le groupe fran\u00e7ais<\/span> <strong>Necotrans<\/strong> <span class=\"c6\">pour rem\u00e9dier \u00e0 cette faiblesse, le groupement avait d\u00fb d\u00e9chanter en janvier 2018 au constat par le gouvernement de la d\u00e9faillance de son partenaire. KPMO avait toutefois par la suite \u00e9t\u00e9 associ\u00e9e par le Port autonome de Kribi \u00e0 la gestion en r\u00e9gie du terminal polyvalent.<\/span><\/p>\n<p><span class=\"c6\">D\u00e9sappoint\u00e9 par la s\u00e9lection d\u2019ICTSI pour prendre d\u00e9sormais les rennes, le pr\u00e9sident du groupement, Gabriel Manimben, m\u00eame s\u2019il a exprim\u00e9 sa d\u00e9ception li\u00e9e \u00e0 ce qu\u2019il per\u00e7oit comme une absence de confiance aux locaux, s\u2019est toutefois dit <em>\u201cdisponible\u201d<\/em> pour la suite de la gestion.<\/span><\/p>\n<p><span class=\"c6\">En dehors du port de Limb\u00e9, KPMO esp\u00e8re \u00eatre associ\u00e9 \u00e0 la recherche de partenaires pour la construction et l\u2019exploitation du terminal min\u00e9ralier et du chemin de fer de 600 km envisag\u00e9s pour faire du port de Kribi un hub pour le chargement des minerais de fer.<\/span><\/p>\n<\/div>\n<p>Auteur: Eug\u00e8ne SHEMA<br \/>\n<a href=\"https:\/\/www.journalducameroun.com\/cmr-non-pleb-kribi-kpmo-lorgne-port-limbe\/\">Cliquez ici pour lire l&rsquo;article depuis sa source.<\/a><\/p>\n","protected":false},"excerpt":{"rendered":"<p>Publi\u00e9 le 19.06.2020 \u00e0 22h06 par JournalduCameroun.com La soci\u00e9t\u00e9 philippine ICTSI a \u00e9t\u00e9 pr\u00e9f\u00e9r\u00e9e aux entreprises camerounaises r\u00e9unies au sein de KPMO pour la concession du terminal polyvalent du port en eau profonde de Kribi. \u201cD\u00e9\u00e7ue\u201d, mais pas r\u00e9sign\u00e9e, l\u2019association esp\u00e8re rebondir au futur port de Limb\u00e9 Apr\u00e8s deux ans de gestion en r\u00e9gie du [&hellip;]<\/p>\n","protected":false},"author":1965,"featured_media":0,"comment_status":"closed","ping_status":"closed","sticky":false,"template":"","format":"standard","meta":{"fifu_image_url":"","fifu_image_alt":"","footnotes":""},"categories":[73,82],"tags":[],"class_list":["post-89546","post","type-post","status-publish","format-standard","hentry","category-actualite","category-cameroun"],"_links":{"self":[{"href":"https:\/\/linitiative.ca\/International\/wp-json\/wp\/v2\/posts\/89546","targetHints":{"allow":["GET"]}}],"collection":[{"href":"https:\/\/linitiative.ca\/International\/wp-json\/wp\/v2\/posts"}],"about":[{"href":"https:\/\/linitiative.ca\/International\/wp-json\/wp\/v2\/types\/post"}],"author":[{"embeddable":true,"href":"https:\/\/linitiative.ca\/International\/wp-json\/wp\/v2\/users\/1965"}],"replies":[{"embeddable":true,"href":"https:\/\/linitiative.ca\/International\/wp-json\/wp\/v2\/comments?post=89546"}],"version-history":[{"count":0,"href":"https:\/\/linitiative.ca\/International\/wp-json\/wp\/v2\/posts\/89546\/revisions"}],"wp:attachment":[{"href":"https:\/\/linitiative.ca\/International\/wp-json\/wp\/v2\/media?parent=89546"}],"wp:term":[{"taxonomy":"category","embeddable":true,"href":"https:\/\/linitiative.ca\/International\/wp-json\/wp\/v2\/categories?post=89546"},{"taxonomy":"post_tag","embeddable":true,"href":"https:\/\/linitiative.ca\/International\/wp-json\/wp\/v2\/tags?post=89546"}],"curies":[{"name":"wp","href":"https:\/\/api.w.org\/{rel}","templated":true}]}}