{"id":89547,"date":"2020-06-19T17:18:04","date_gmt":"2020-06-19T21:18:04","guid":{"rendered":"https:\/\/linitiative.ca\/International\/mali-letau-se-resserre-autour-du-president-ibk\/"},"modified":"2020-06-19T17:18:04","modified_gmt":"2020-06-19T21:18:04","slug":"mali-letau-se-resserre-autour-du-president-ibk","status":"publish","type":"post","link":"https:\/\/linitiative.ca\/International\/mali-letau-se-resserre-autour-du-president-ibk\/","title":{"rendered":"Mali : l\u2019\u00e9tau se resserre autour du pr\u00e9sident IBK"},"content":{"rendered":"<div readability=\"32\">\n<p>Publi\u00e9 le 19.06.2020 \u00e0 22h18 par APA News<\/p>\n<\/div>\n<div readability=\"97\">\n<p>Le Mouvement de contestation du 5 juin (M5) maintient la pression sur le chef de l\u2019Etat Ibrahim Boubacar Ke\u00efta qu\u2019il veut pousser \u00e0 la d\u00e9mission.Comme le 5 juin dernier, la Place de l\u2019Ind\u00e9pendance de Bamako a \u00e9t\u00e9 prise d\u2019assaut ce vendredi par des milliers de Maliens\u00a0qui d\u00e9sapprouvent\u00a0leur pr\u00e9sident de la R\u00e9publique.L\u2019Imam Oumar Diarra, l\u2019un des meneurs du\u00a0M5,\u00a0y a dirig\u00e9 la grande pri\u00e8re hebdomadaire.<\/p>\n<p>Sous la houlette\u00a0de ce collectif\u00a0regroupant la soci\u00e9t\u00e9 civile, des religieux et des opposants politiques, les manifestants ont fait montre de d\u00e9termination.\u00a0Leur objectif est le d\u00e9part imm\u00e9diat\u00a0d\u2019Ibrahim Boubacar Ke\u00efta qui n\u2019aurait pas les capacit\u00e9s de pr\u00e9sider aux destin\u00e9es du Mali.<\/p>\n<p>Au m\u00eame moment,\u00a0des ressortissants maliens se sont aussi mobilis\u00e9s \u00e0 Paris (France) en signe de solidarit\u00e9.\u00a0Parmi les leaders de ce mouvement de protestation, on distingue\u00a0l\u2019Imam Mahmoud Dicko. Ce dernier aurait m\u00eame\u00a0d\u00e9sign\u00e9, cet apr\u00e8s-midi,\u00a0\u00ab\u00a0un groupe de manifestants pour se rendre \u00e0 Koulouba, le Palais pr\u00e9sidentiel, afin de (r\u00e9cup\u00e9rer) la lettre de d\u00e9mission d\u2019IBK\u00a0\u00bb.<\/p>\n<p>Pourtant, le chef de l\u2019Etat malien, dans son\u00a0adresse \u00e0 la nation du 14 juin dernier, a tendu la main\u00a0\u00e0 ses pourfendeurs : \u00ab\u00a0Je conviens qu\u2019il m\u2019appartient, \u00e0 moi d\u2019abord, de tout faire pour \u00e9viter d\u2019ajouter une crise politique aux crises s\u00e9curitaire, sanitaire et \u00e9conomique que nous vivons d\u00e9j\u00e0. Mon r\u00f4le est de savoir pr\u00e9venir les sch\u00e9mas de confrontations violentes qui ne feront le bonheur de personne. C\u2019est pourquoi j\u2019invite au dialogue\u00a0\u00bb.<\/p>\n<p>Dans ce cadre,\u00a0Ibrahim Boubacar Ke\u00efta\u00a0a\u00a0r\u00e9cemment\u00a0re\u00e7u une d\u00e9l\u00e9gation de la Communaut\u00e9 \u00e9conomique des Etats de l\u2019Afrique de l\u2019ouest (Cedeao) qui se propose pour une m\u00e9diation en vue de \u00ab\u00a0l\u2019apaisement du climat socio-politique\u00bb.<\/p>\n<p>En outre, le chef de l\u2019Etat malien a multipli\u00e9, ces derniers jours, les rencontres\u00a0puisqu\u2019il \u00ab\u00a0demeure convaincu que le dialogue reste l\u2019\u00e9l\u00e9ment fondamental de r\u00e8glement de toute crise\u00a0\u00bb.<\/p>\n<p>Pour prouver sa bonne foi, IBK a annonc\u00e9 la formation imminente \u00ab d\u2019un gouvernement d\u2019union nationale \u00bb. A le croire,\u00a0\u00ab\u00a0la tr\u00eave sociale (qu\u2019il a souhait\u00e9e) ne proc\u00e8de d\u2019aucune malice, d\u2019aucune esquive, mais de l\u2019analyse d\u2019une triste r\u00e9alit\u00e9\u00a0: la demande est forte et l\u00e9gitime, mais l\u2019offre est modeste. Elle est celle d\u2019un pays en guerre\u00a0\u00bb.<\/p>\n<p>Mais selon le\u00a0Mouvement de contestation du 5 juin (M5), c\u2019est \u00ab\u00a0la gestion actuelle du r\u00e9gime en place, symbole de la d\u00e9cr\u00e9pitude d\u2019un syst\u00e8me \u00e9tatique d\u00e9cri\u00e9, (qui) a fini de pr\u00e9cipiter (le Mali) dans l\u2019impasse. Pire, au bord du gouffre\u00a0\u00bb.<\/p>\n<\/div>\n<p>Auteur: APA News<br \/>\n<a href=\"https:\/\/www.journalducameroun.com\/mali-letau-se-resserre-autour-du-president-ibk\/\">Cliquez ici pour lire l&rsquo;article depuis sa source.<\/a><\/p>\n","protected":false},"excerpt":{"rendered":"<p>Publi\u00e9 le 19.06.2020 \u00e0 22h18 par APA News Le Mouvement de contestation du 5 juin (M5) maintient la pression sur le chef de l\u2019Etat Ibrahim Boubacar Ke\u00efta qu\u2019il veut pousser \u00e0 la d\u00e9mission.Comme le 5 juin dernier, la Place de l\u2019Ind\u00e9pendance de Bamako a \u00e9t\u00e9 prise d\u2019assaut ce vendredi par des milliers de Maliens\u00a0qui d\u00e9sapprouvent\u00a0leur [&hellip;]<\/p>\n","protected":false},"author":1965,"featured_media":0,"comment_status":"closed","ping_status":"closed","sticky":false,"template":"","format":"standard","meta":{"fifu_image_url":"","fifu_image_alt":"","footnotes":""},"categories":[73,82],"tags":[],"class_list":["post-89547","post","type-post","status-publish","format-standard","hentry","category-actualite","category-cameroun"],"_links":{"self":[{"href":"https:\/\/linitiative.ca\/International\/wp-json\/wp\/v2\/posts\/89547","targetHints":{"allow":["GET"]}}],"collection":[{"href":"https:\/\/linitiative.ca\/International\/wp-json\/wp\/v2\/posts"}],"about":[{"href":"https:\/\/linitiative.ca\/International\/wp-json\/wp\/v2\/types\/post"}],"author":[{"embeddable":true,"href":"https:\/\/linitiative.ca\/International\/wp-json\/wp\/v2\/users\/1965"}],"replies":[{"embeddable":true,"href":"https:\/\/linitiative.ca\/International\/wp-json\/wp\/v2\/comments?post=89547"}],"version-history":[{"count":0,"href":"https:\/\/linitiative.ca\/International\/wp-json\/wp\/v2\/posts\/89547\/revisions"}],"wp:attachment":[{"href":"https:\/\/linitiative.ca\/International\/wp-json\/wp\/v2\/media?parent=89547"}],"wp:term":[{"taxonomy":"category","embeddable":true,"href":"https:\/\/linitiative.ca\/International\/wp-json\/wp\/v2\/categories?post=89547"},{"taxonomy":"post_tag","embeddable":true,"href":"https:\/\/linitiative.ca\/International\/wp-json\/wp\/v2\/tags?post=89547"}],"curies":[{"name":"wp","href":"https:\/\/api.w.org\/{rel}","templated":true}]}}