{"id":89549,"date":"2020-06-19T09:07:57","date_gmt":"2020-06-19T13:07:57","guid":{"rendered":"https:\/\/linitiative.ca\/International\/gestion-du-covid-19-les-coupes-budgetaires-depassent-les-besoins-de-la-reponse-gouvernementale\/"},"modified":"2020-06-19T09:07:57","modified_gmt":"2020-06-19T13:07:57","slug":"gestion-du-covid-19-les-coupes-budgetaires-depassent-les-besoins-de-la-reponse-gouvernementale","status":"publish","type":"post","link":"https:\/\/linitiative.ca\/International\/gestion-du-covid-19-les-coupes-budgetaires-depassent-les-besoins-de-la-reponse-gouvernementale\/","title":{"rendered":"Gestion du Covid-19 : les coupes budg\u00e9taires d\u00e9passent les besoins de la r\u00e9ponse gouvernementale"},"content":{"rendered":"<p>Alors que les deux chambres de repr\u00e9\u00adsentant du Came\u00adroun que sont le S\u00e9nat et le Parlement \u00e9tudient d\u00e9j\u00e0 l\u2019ordonnance de loi des finances rectificative pour le compte de l\u2019exercice 2020, leur attention devra \u00eatre attir\u00e9e par un certain nombre d\u2019\u00e9carts. En Effet, l\u2019ordonnance sign\u00e9e par le pr\u00e9sident de la r\u00e9publique pr\u00e9voit des ajustements de d\u00e9penses budg\u00e9taires de l\u2019ordre de 542,6 milliards de FCFA. Ce montant s\u2019aligne sur les perspectives de baisse de revenus que le gouvernement pense subir, en raison de l\u2019impact \u00e9cono\u00admique qu\u2019aura la Covid-19 sur l\u2019\u00e9conomie nationale.<\/p>\n<p>Lire aussi : <strong><a href=\"https:\/\/ecomatin.net\/les-gagnants-et-les-perdants-du-collectif-budgetaire\/\">Les gagnants et les perdants du collectif budg\u00e9taire\u00a0<\/a><\/strong><\/p>\n<p>Le sacrifice de certaines b\u00e9n\u00e9ficiaires de la d\u00e9pense publique est important. On note par exemple, que 242 milliards de FCFA d\u2019inves\u00adtissement seront supprim\u00e9s. Dans ce contexte, 23 mil\u00adliards d\u2019am\u00e9nagement des immeubles seront suppri\u00adm\u00e9s. Aussi, 67 milliards de FCFA de d\u00e9penses servant \u00e0 am\u00e9nager les voiries et autres voix publiques seront supprim\u00e9. Sur le plan du budget de fonctionnement, seulement 202,4 milliards de FCFA ont \u00e9t\u00e9 suppri\u00adm\u00e9s. Mais les acteurs \u00e9co\u00adnomiques qui fournissent des biens et services \u00e0 l\u2019Etat perdront pour 97 milliards de march\u00e9 publics. Les fonctionnaires devront aussi faire le sacrifice bien que petit, avec une r\u00e9duction des traitements de l\u2019ordre de 30 milliards de FCFA.<\/p>\n<p>Cette r\u00e9duction tout comme l\u2019estimation des pertes de recette qui en est \u00e0 l\u2019ori\u00adgine n\u2019est pas conforme aux besoins exprim\u00e9s par le gou\u00advernement \u00e0 son partenaire le Fonds Mon\u00e9taire Interna\u00adtional. \u00ab Le gouvernement a intensifi\u00e9 le resserrement des contr\u00f4les sur les d\u00e9penses et a entam\u00e9 une r\u00e9\u00e9valuation de son programme d\u2019inves\u00adtissement pour red\u00e9finir les priorit\u00e9s des projets et lib\u00e9\u00adrer de la place pour le finan\u00adcement des d\u00e9penses li\u00e9es \u00e0 COVID-19 et soutenir les entreprises du secteur priv\u00e9 et les groupes vuln\u00e9rables durement touch\u00e9s.<\/p>\n<p>Lire aussi : <strong><a href=\"https:\/\/ecomatin.net\/collectif-budgetaire-180-milliards-de-fcfa-de-plus-contre-la-covid-19\/\">Collectif budg\u00e9taire : 180 milliards de FCFA de plus contre la Covid-19<\/a>\u00a0<\/strong><\/p>\n<p>Malgr\u00e9 ces mesures et la baisse automatique des sub\u00adventions des prix des hydro\u00adcarbures \u00e0 la pompe, le choc pand\u00e9mique a g\u00e9n\u00e9r\u00e9 des besoins budg\u00e9taires imm\u00e9\u00addiats proches de 400 mil\u00adliards de FCFA pour 2020 (environ 700 millions de dollars) \u00bb, peut-on lire dans la lettre du gouvernement au FMI, lorsqu\u2019il sollicitait sa Facilit\u00e9 de Cr\u00e9dit Rapide. Le parlement devrait exami\u00adner l\u2019ordonnance en tenant compte de cet \u00e9cart. Aussi, le gouvernement a intro\u00adduit son projet de collectif budg\u00e9taire, sans que ne soit rendu public, l\u2019impact r\u00e9el de la pand\u00e9mie sur le Came\u00adroun. Le contenu du fonds sp\u00e9cial Covid-19 diverge aussi l\u00e9g\u00e8rement, selon les interlocuteurs. Rappelons que la demande de soutien du Cameroun au FMI a \u00e9t\u00e9 repouss\u00e9e une premi\u00e8re fois. Le gouvernement n\u2019avait pas finalis\u00e9 ses objectifs, selon des sources proches du processus. Si le travail de contr\u00f4le parlementaire s\u2019ex\u00e9cutait normalement, il n\u2019est pas exclu que les dis\u00adcussions soient serr\u00e9es.<\/p>\n<p>Lire aussi : <strong><a href=\"https:\/\/ecomatin.net\/collectif-budgetaire-les-explications-de-la-direction-generale-du-budget\/\">Collectif budg\u00e9taire : Les explications de la Direction g\u00e9n\u00e9rale du Budget<\/a>\u00a0<\/strong><\/p>\n<div class=\"awac-wrapper awac widget posts-list-widget-11\">\n<h4 class=\"widget-title\">Le plus r\u00e9cent<\/h4>\n<\/div>\n<p>Auteur: EcoMatin<br \/>\n<a href=\"https:\/\/ecomatin.net\/gestion-du-covid-19-les-coupes-budgetaires-depassent-les-besoins-de-la-reponse-gouvernementale\/\">Cliquez ici pour lire l&rsquo;article depuis sa source.<\/a><\/p>\n","protected":false},"excerpt":{"rendered":"<p>Alors que les deux chambres de repr\u00e9\u00adsentant du Came\u00adroun que sont le S\u00e9nat et le Parlement \u00e9tudient d\u00e9j\u00e0 l\u2019ordonnance de loi des finances rectificative pour le compte de l\u2019exercice 2020, leur attention devra \u00eatre attir\u00e9e par un certain nombre d\u2019\u00e9carts. En Effet, l\u2019ordonnance sign\u00e9e par le pr\u00e9sident de la r\u00e9publique pr\u00e9voit des ajustements de d\u00e9penses [&hellip;]<\/p>\n","protected":false},"author":1969,"featured_media":0,"comment_status":"closed","ping_status":"closed","sticky":false,"template":"","format":"standard","meta":{"fifu_image_url":"","fifu_image_alt":"","footnotes":""},"categories":[82,78],"tags":[],"class_list":["post-89549","post","type-post","status-publish","format-standard","hentry","category-cameroun","category-economie"],"_links":{"self":[{"href":"https:\/\/linitiative.ca\/International\/wp-json\/wp\/v2\/posts\/89549","targetHints":{"allow":["GET"]}}],"collection":[{"href":"https:\/\/linitiative.ca\/International\/wp-json\/wp\/v2\/posts"}],"about":[{"href":"https:\/\/linitiative.ca\/International\/wp-json\/wp\/v2\/types\/post"}],"author":[{"embeddable":true,"href":"https:\/\/linitiative.ca\/International\/wp-json\/wp\/v2\/users\/1969"}],"replies":[{"embeddable":true,"href":"https:\/\/linitiative.ca\/International\/wp-json\/wp\/v2\/comments?post=89549"}],"version-history":[{"count":0,"href":"https:\/\/linitiative.ca\/International\/wp-json\/wp\/v2\/posts\/89549\/revisions"}],"wp:attachment":[{"href":"https:\/\/linitiative.ca\/International\/wp-json\/wp\/v2\/media?parent=89549"}],"wp:term":[{"taxonomy":"category","embeddable":true,"href":"https:\/\/linitiative.ca\/International\/wp-json\/wp\/v2\/categories?post=89549"},{"taxonomy":"post_tag","embeddable":true,"href":"https:\/\/linitiative.ca\/International\/wp-json\/wp\/v2\/tags?post=89549"}],"curies":[{"name":"wp","href":"https:\/\/api.w.org\/{rel}","templated":true}]}}