{"id":89551,"date":"2020-06-19T09:23:28","date_gmt":"2020-06-19T13:23:28","guid":{"rendered":"https:\/\/linitiative.ca\/International\/aeroport-international-de-douala-prepare-la-reprise-des-vols\/"},"modified":"2020-06-19T09:23:28","modified_gmt":"2020-06-19T13:23:28","slug":"aeroport-international-de-douala-prepare-la-reprise-des-vols","status":"publish","type":"post","link":"https:\/\/linitiative.ca\/International\/aeroport-international-de-douala-prepare-la-reprise-des-vols\/","title":{"rendered":"A\u00e9roport international de Douala pr\u00e9pare la reprise des vols"},"content":{"rendered":"<p>Les choses semblent se pr\u00e9ciser \u00e0 l\u2019a\u00e9roport international de Douala. Apr\u00e8s l\u2019autorisation sp\u00e9ciale accord\u00e9e \u00e0 la compagnie Air France pour reprise des vols commerciaux, c\u2019est le branle-bas sur la plateforme a\u00e9roportuaire \u00a0de Douala, hub de l\u2019Afrique centrale. Ce 15 juin 2020, Benjamin Mboutou, le pr\u00e9fet du Wouri y a effectu\u00e9 un \u00e9tat des lieux, en pr\u00e9lude \u00e0 une reprise des vols commerciaux, et une r\u00e9ouverture imminente des fronti\u00e8res ferm\u00e9es depuis le 17 mars 2020. Autour de lui, l\u2019ensemble des acteurs de la plateforme a\u00e9roportuaire dont les A\u00e9roports du Cameroun (Adc). La salle d\u2019embarquement\/d\u00e9barquement, les postes douaniers, le poste de sant\u00e9 etc. ont \u00e9t\u00e9 pass\u00e9s au peigne fin.<\/p>\n<p>Lire aussi : <strong><a href=\"https:\/\/ecomatin.net\/aeroports-du-cameroun-70-des-activites-perturbees\/\">A\u00e9roports du Cameroun : 70% des activit\u00e9s perturb\u00e9es<\/a>\u00a0<\/strong><\/p>\n<p>Une importante op\u00e9ration de d\u00e9sinfection de tous les compartiments de l\u2019a\u00e9roport international de Douala a \u00e9galement \u00e9t\u00e9 engag\u00e9e. Le dispositif de protection et de pr\u00e9vention contre le covid-19 a par ailleurs \u00e9t\u00e9 soigneusement dispos\u00e9 au profit du personnel et des passagers. Sur le tarmac, un avion commercial de la compagnie Air France se pose \u00e0 peine, laissant d\u00e9barquer une centaine de passagers qui seront soumis imm\u00e9diatement au test de d\u00e9pistage covid-19 pour les d\u00e9tenteurs de diagnostic d\u00e9passant 72h. Le pr\u00e9fet du Wouri veille. Rappelons qu\u2019une vingtaine de compagnies a\u00e9riennes desservent l\u2019a\u00e9roport international de Douala.\u00a0<\/p>\n<p>Aux A\u00e9roports du Cameroun (Adc), on envisage proc\u00e9der dans les prochains jours \u00ab\u00e0 l\u2019installation des portiques automatiques de d\u00e9sinfection et de prise de temp\u00e9rature dans les a\u00e9rogares de Yaound\u00e9-Nsimalen et de Douala, ainsi qu\u2019\u00e0 la direction g\u00e9n\u00e9rale des Adc S.A. Thomas Assoumou Mve, le directeur g\u00e9n\u00e9ral des Adc dit \u00abavoir pr\u00e9serv\u00e9 les emplois et la r\u00e9mun\u00e9ration du personnel, en r\u00e9duisant les d\u00e9penses de fonctionnement et en diff\u00e9rant certains investissements\u00bb. Les Adc avaient pourtant d\u00e9j\u00e0 apport\u00e9 quelques innovations sur ses plateformes. Ce, dans le but de prot\u00e9ger le personnel contre toute contamination. Il s\u2019agit du port obligatoire du masque, lavage syst\u00e9matique des mains \u00e0 l\u2019eau, installation des plexiglass etc\u2026<\/p>\n<p>Lire aussi : <strong><a href=\"https:\/\/ecomatin.net\/du-rififi-autour-de-la-relance-des-vols-a-air-france\/\" target=\"_blank\" rel=\"noreferrer noopener\">Du rififi autour de la relance des vols \u00e0 Air France\u00a0<\/a><\/strong><\/p>\n<p>Rappelons que l\u2019a\u00e9roport international de Douala comporte 12 postes de stationnement pour les a\u00e9ronefs. Le terminal passagers d\u2019une capacit\u00e9 de 1,5 millions de voyageurs par an, dispose de 20 comptoirs d\u2019enregistrement, de 6 portes embarquement\/d\u2019embarquement chacune, \u00e9quip\u00e9e d\u2019une passerelle. Le terminal cargo \u00e9quip\u00e9 pour traiter jusqu\u2019\u00e0 50.000 tonnes de fret.\u00a0<\/p>\n<div class=\"awac-wrapper awac widget posts-list-widget-11\">\n<h4 class=\"widget-title\">Le plus r\u00e9cent<\/h4>\n<\/div>\n<p>Auteur: EcoMatin<br \/>\n<a href=\"https:\/\/ecomatin.net\/aeroport-international-de-douala-prepare-la-reprise-des-vols\/\">Cliquez ici pour lire l&rsquo;article depuis sa source.<\/a><\/p>\n","protected":false},"excerpt":{"rendered":"<p>Les choses semblent se pr\u00e9ciser \u00e0 l\u2019a\u00e9roport international de Douala. Apr\u00e8s l\u2019autorisation sp\u00e9ciale accord\u00e9e \u00e0 la compagnie Air France pour reprise des vols commerciaux, c\u2019est le branle-bas sur la plateforme a\u00e9roportuaire \u00a0de Douala, hub de l\u2019Afrique centrale. Ce 15 juin 2020, Benjamin Mboutou, le pr\u00e9fet du Wouri y a effectu\u00e9 un \u00e9tat des lieux, en [&hellip;]<\/p>\n","protected":false},"author":1969,"featured_media":0,"comment_status":"closed","ping_status":"closed","sticky":false,"template":"","format":"standard","meta":{"fifu_image_url":"","fifu_image_alt":"","footnotes":""},"categories":[82,78],"tags":[],"class_list":["post-89551","post","type-post","status-publish","format-standard","hentry","category-cameroun","category-economie"],"_links":{"self":[{"href":"https:\/\/linitiative.ca\/International\/wp-json\/wp\/v2\/posts\/89551","targetHints":{"allow":["GET"]}}],"collection":[{"href":"https:\/\/linitiative.ca\/International\/wp-json\/wp\/v2\/posts"}],"about":[{"href":"https:\/\/linitiative.ca\/International\/wp-json\/wp\/v2\/types\/post"}],"author":[{"embeddable":true,"href":"https:\/\/linitiative.ca\/International\/wp-json\/wp\/v2\/users\/1969"}],"replies":[{"embeddable":true,"href":"https:\/\/linitiative.ca\/International\/wp-json\/wp\/v2\/comments?post=89551"}],"version-history":[{"count":0,"href":"https:\/\/linitiative.ca\/International\/wp-json\/wp\/v2\/posts\/89551\/revisions"}],"wp:attachment":[{"href":"https:\/\/linitiative.ca\/International\/wp-json\/wp\/v2\/media?parent=89551"}],"wp:term":[{"taxonomy":"category","embeddable":true,"href":"https:\/\/linitiative.ca\/International\/wp-json\/wp\/v2\/categories?post=89551"},{"taxonomy":"post_tag","embeddable":true,"href":"https:\/\/linitiative.ca\/International\/wp-json\/wp\/v2\/tags?post=89551"}],"curies":[{"name":"wp","href":"https:\/\/api.w.org\/{rel}","templated":true}]}}