{"id":89552,"date":"2020-06-19T09:36:37","date_gmt":"2020-06-19T13:36:37","guid":{"rendered":"https:\/\/linitiative.ca\/International\/88-milliards-pour-eclairer-400-localites-rurales\/"},"modified":"2020-06-19T09:36:37","modified_gmt":"2020-06-19T13:36:37","slug":"88-milliards-pour-eclairer-400-localites-rurales","status":"publish","type":"post","link":"https:\/\/linitiative.ca\/International\/88-milliards-pour-eclairer-400-localites-rurales\/","title":{"rendered":"88 milliards pour \u00e9clairer 400 localit\u00e9s rurales"},"content":{"rendered":"<p>Plus de 7389 km d\u2019infrastructures de transport d\u2019\u00e9nergie \u00e9lectrique seront construits au cours des cinq prochaines ann\u00e9es dans les r\u00e9gions de l\u2019Adamaoua, l\u2019Est, l\u2019Extr\u00eame-Nord, le Nord, le Nord-Ouest et le Sud-Ouest. C\u2019est dans le cadre du projet d\u2019Electrification Rurale et d\u2019Acc\u00e8s \u00e0 l\u2019Electricit\u00e9 dans les r\u00e9gions sous-desservies (Perace). Un accord de cr\u00e9dit, d\u2019un montant de 150 millions de dollars soit environ 87,8 milliards de FCFA, a \u00e9t\u00e9 sign\u00e9 le 12 juin 2020 \u00e0 Yaound\u00e9 par le ministre de l\u2019Economie, de la Planification et de l\u2019Am\u00e9nagement du Territoire (Minepat), Alamine Ousmane Mey et le Directeur des Op\u00e9rations de la Banque mondiale au Cameroun, Ibrah Sanoussi, pour le financement partiel du projet.<\/p>\n<p>Lire aussi : <strong><a href=\"https:\/\/ecomatin.net\/le-cameroun-emprunte-210-milliards-fcfa-pour-des-reseaux-electriques-cameroun-tchad\/\">Le Cameroun emprunte 210 milliards FCFA pour des r\u00e9seaux \u00e9lectriques Cameroun-Tchad<\/a>\u00a0<\/strong><\/p>\n<p>Ces fonds vont permettre l\u2019\u00e9lectrification d\u2019environ 417 nouvelles localit\u00e9s dans certaines zones rurales soit 315 dans l\u2019Extr\u00eame-Nord, 42 dans le Nord-Ouest, 30 \u00e0 l\u2019Est et 30 dans le Sud-Ouest. Pr\u00e8s de 1\u00a0040 952 personnes en seront b\u00e9n\u00e9ficiaires dont plus de 521\u00a0000 personnes issues des familles pauvres. Les fonds vont aussi permettre de connecter plus de 200\u00a0000 m\u00e9nages \u00e0 ce r\u00e9seau \u00e9lectrique. Dans les zones o\u00f9 l\u2019extension du r\u00e9seau \u00e9lectrique traditionnel n\u2019est pas possible, il est envisag\u00e9 la construction des unit\u00e9s de production sur la base de l\u2019\u00e9nergie solaire d\u2019une capacit\u00e9 de 3 MW chacune. Soit 12 des 26 localit\u00e9s qui sont actuellement \u00e9lectrifi\u00e9es en tant que syst\u00e8mes isol\u00e9s.<\/p>\n<p>Structur\u00e9 en trois composantes dont l\u2019\u00e9lectrification rurale par extension du r\u00e9seau, l\u2019\u00e9lectrification rurale d\u00e9centralis\u00e9e et le soutien aux m\u00e9nages pour les co\u00fbts de production, le Perace vise entre autres \u00e0 r\u00e9duire les disparit\u00e9s r\u00e9gionales en termes de taux d\u2019acc\u00e8s \u00e0 l\u2019\u00e9lectricit\u00e9, \u00e0 jeter les bases de l\u2019am\u00e9lioration de l\u2019acc\u00e8s \u00e0 l\u2019\u00e9lectricit\u00e9 des m\u00e9nages et \u00e0 soutenir l\u2019industrie productive et le d\u00e9veloppement des activit\u00e9s g\u00e9n\u00e9ratrices de revenus. Ce projet concourt ainsi \u00e0 la mise en \u0153uvre du Plan de d\u00e9veloppement du secteur de l\u2019\u00e9lectricit\u00e9 (PDSE) \u00e0 travers le d\u00e9ploiement du plan directeur d\u2019\u00e9lectrification rurale (Pder) adopt\u00e9 en 2017.<\/p>\n<p>Lire aussi : <strong><a href=\"https:\/\/ecomatin.net\/banque-mondiale-et-japon-aident-le-cameroun-pour-65%e2%80%89000-branchements-electriques-en-zones-rurales\/\">Banque mondiale et Japon aident le Cameroun pour 65\u2009000 branchements \u00e9lectriques en zones rurales<\/a>\u00a0<\/strong><\/p>\n<p><strong>R\u00e9duire les disparit\u00e9s<\/strong><\/p>\n<p>En effet, \u00ab\u00a0alors que le Cameroun affiche un taux de couverture en l\u2019\u00e9lectricit\u00e9 de 74% et un taux d\u2019acc\u00e8s de plus de 50%, on observe de grandes disparit\u00e9s existent entre les r\u00e9gions. Les r\u00e9gions sous-desservies affichent un taux de couverture d\u2019\u00e0 peine 50%. On pourrait ainsi citer la r\u00e9gion de l\u2019Extr\u00eame-nord (46%), le Nord (46%), l\u2019Adamaoua (52%)\u00a0\u00bb, pr\u00e9cise Alamine Ousmane Mey. La mise en \u0153uvre du projet permettra un accroissement du taux d\u2019acc\u00e8s \u00e0 l\u2019\u00e9lectricit\u00e9 de 7,46%.<\/p>\n<p>A travers une approche \u00e0 moindre co\u00fbt, le projet pr\u00e9voit la cr\u00e9ation d\u2019un fonds renouvelable pour aider les m\u00e9nages \u00e0 payer les frais de raccordement initiaux. Ainsi, explique Ibrah Sanoussi \u00ab\u00a0le raccordement des m\u00e9nages dirig\u00e9s par des femmes dans les zones du projet sera consid\u00e9r\u00e9 comme prioritaire. Une redevance fixe index\u00e9e sur le kilowattheure sera per\u00e7ue pour rembourser les frais de raccordement pr\u00e9financ\u00e9s. Le plan est con\u00e7u de mani\u00e8re \u00e0 ce que les gens paient 2\u00a0000 FCFA et remboursent les frais de raccordement sur une p\u00e9riode de 5 \u00e0 8 ans, selon le type de raccordement.\u00a0\u00bb<\/p>\n<p>Lire aussi : \u00a0<strong><a href=\"https:\/\/ecomatin.net\/electrification-rurale-79-de-camerounais-dans-cette-zone-rurale-nont-pas-acces-a-lelectricite\/\">Electrification rurale : 79% de Camerounais dans cette zone rurale n\u2019ont pas acc\u00e8s \u00e0 l\u2019\u00e9lectricit\u00e9<\/a><\/strong><\/p>\n<p>Le Perace sera ex\u00e9cut\u00e9 par l\u2019agence d\u2019\u00e9lectrification rurale (AER) tandis que le minist\u00e8re de l\u2019Eau et de l\u2019Energie (Minee) assurera la maitrise d\u2019ouvrage. Le cr\u00e9dit de la Banque mondiale est un pr\u00eat concessionnel dont le remboursement est \u00e9tal\u00e9 sur une dur\u00e9e\u00a0de 30 ans dont 05 de diff\u00e9r\u00e9. Les charges d\u2019int\u00e9r\u00eat\u00a0sont de 0,6% sur les fonds d\u00e9caiss\u00e9s. La commission annuelle d\u2019engagement\u00a0est de 0,5% sur les fonds non d\u00e9caiss\u00e9s. La commission annuelle de service\u00a0est de 0,75% sur les fonds d\u00e9caiss\u00e9s. Le remboursement se fera le 15 f\u00e9vrier et le 15 ao\u00fbt de chaque ann\u00e9e, en euro.\u00a0<\/p>\n<p>A terme, le Perace dont le co\u00fbt global est estim\u00e9 \u00e0 249 millions de dollars (163 milliards de FCFA) va couvrir 687 localit\u00e9s dans les six r\u00e9gions identifi\u00e9es, pour 1,5 millions de b\u00e9n\u00e9ficiaires.<\/p>\n<div class=\"awac-wrapper awac widget posts-list-widget-11\">\n<h4 class=\"widget-title\">Le plus r\u00e9cent<\/h4>\n<\/div>\n<p>Auteur: EcoMatin<br \/>\n<a href=\"https:\/\/ecomatin.net\/88-milliards-pour-eclairer-400-localites-rurales\/\">Cliquez ici pour lire l&rsquo;article depuis sa source.<\/a><\/p>\n","protected":false},"excerpt":{"rendered":"<p>Plus de 7389 km d\u2019infrastructures de transport d\u2019\u00e9nergie \u00e9lectrique seront construits au cours des cinq prochaines ann\u00e9es dans les r\u00e9gions de l\u2019Adamaoua, l\u2019Est, l\u2019Extr\u00eame-Nord, le Nord, le Nord-Ouest et le Sud-Ouest. C\u2019est dans le cadre du projet d\u2019Electrification Rurale et d\u2019Acc\u00e8s \u00e0 l\u2019Electricit\u00e9 dans les r\u00e9gions sous-desservies (Perace). Un accord de cr\u00e9dit, d\u2019un montant de [&hellip;]<\/p>\n","protected":false},"author":1969,"featured_media":0,"comment_status":"closed","ping_status":"closed","sticky":false,"template":"","format":"standard","meta":{"fifu_image_url":"","fifu_image_alt":"","footnotes":""},"categories":[82,78],"tags":[],"class_list":["post-89552","post","type-post","status-publish","format-standard","hentry","category-cameroun","category-economie"],"_links":{"self":[{"href":"https:\/\/linitiative.ca\/International\/wp-json\/wp\/v2\/posts\/89552","targetHints":{"allow":["GET"]}}],"collection":[{"href":"https:\/\/linitiative.ca\/International\/wp-json\/wp\/v2\/posts"}],"about":[{"href":"https:\/\/linitiative.ca\/International\/wp-json\/wp\/v2\/types\/post"}],"author":[{"embeddable":true,"href":"https:\/\/linitiative.ca\/International\/wp-json\/wp\/v2\/users\/1969"}],"replies":[{"embeddable":true,"href":"https:\/\/linitiative.ca\/International\/wp-json\/wp\/v2\/comments?post=89552"}],"version-history":[{"count":0,"href":"https:\/\/linitiative.ca\/International\/wp-json\/wp\/v2\/posts\/89552\/revisions"}],"wp:attachment":[{"href":"https:\/\/linitiative.ca\/International\/wp-json\/wp\/v2\/media?parent=89552"}],"wp:term":[{"taxonomy":"category","embeddable":true,"href":"https:\/\/linitiative.ca\/International\/wp-json\/wp\/v2\/categories?post=89552"},{"taxonomy":"post_tag","embeddable":true,"href":"https:\/\/linitiative.ca\/International\/wp-json\/wp\/v2\/tags?post=89552"}],"curies":[{"name":"wp","href":"https:\/\/api.w.org\/{rel}","templated":true}]}}