{"id":89561,"date":"2020-06-20T05:34:21","date_gmt":"2020-06-20T09:34:21","guid":{"rendered":"https:\/\/linitiative.ca\/International\/badr-ikken-liresen-finalise-une-borne-de-recharge-de-voitures-electriques-100-marocaines\/"},"modified":"2020-06-20T05:34:21","modified_gmt":"2020-06-20T09:34:21","slug":"badr-ikken-liresen-finalise-une-borne-de-recharge-de-voitures-electriques-100-marocaines","status":"publish","type":"post","link":"https:\/\/linitiative.ca\/International\/badr-ikken-liresen-finalise-une-borne-de-recharge-de-voitures-electriques-100-marocaines\/","title":{"rendered":"Badr Ikken : \u00abL\u2019Iresen finalise une borne de recharge de voitures \u00e9lectriques 100% marocaines\u00bb"},"content":{"rendered":"<p><img decoding=\"async\" class=\"post_layout_5_img\" src=\"http:\/\/aujourdhui.ma\/wp-content\/uploads\/2020\/06\/Badr-Iken.jpg\" alt=\"Badr Ikken : &#xAB;L&#x2019;Iresen finalise une borne de recharge de voitures &#xE9;lectriques 100% marocaines&#xBB;\"\/><\/p>\n<p><span class=\"c5\"><strong>Entretien avec Badr Ikken, directeur g\u00e9n\u00e9ral de l\u2019Institut de recherche en \u00e9nergie solaire et \u00e9nergies nouvelles<\/strong><\/span><br \/><span class=\"c5\"><strong><span id=\"more-348184\"\/><\/strong><\/span><\/p>\n<p><strong><span class=\"c6\">Depuis sa cr\u00e9ation l\u2019Iresen est devenu une r\u00e9f\u00e9rence en mati\u00e8re de recherche et d\u00e9veloppement dans le domaine des \u00e9nergies nouvelles. Dans cet entretien accord\u00e9 \u00e0 ALM, Badr Ikken, DG de l\u2019Institut, revient sur les th\u00e9matiques de recherches, les projets en cours et l\u2019impact de la derni\u00e8re crise sanitaire sur le d\u00e9veloppement durable.<\/span><\/strong><\/p>\n<p><strong><span class=\"c7\">ALM :<\/span> <span class=\"c7\">Comment faire de la pand\u00e9mie du coronavirus une opportunit\u00e9 afin de promouvoir le d\u00e9veloppement durable et surtout les \u00e9nergies propres ? Comment voyez-vous le d\u00e9veloppement de l\u2019\u00e9nergie solaire et les \u00e9nergies renouvelables d\u2019une mani\u00e8re g\u00e9n\u00e9rale apr\u00e8s la pand\u00e9mie ?<\/span><\/strong><\/p>\n<p><strong><span class=\"c7\">Badr Ikken<\/span><\/strong> : Je pense que nous aurons tout \u00e0 gagner \u00e0 travers une relance de l\u2019\u00e9conomie verte en encourageant la production locale et la pr\u00e9f\u00e9rence nationale. La crise a d\u00e9montr\u00e9 la n\u00e9cessit\u00e9 de baisser notre d\u00e9pendance industrielle afin de minimiser l\u2019impact de crises internationales sur notre \u00e9conomie, mais a surtout mis en \u00e9vidence la clairvoyance de nos d\u00e9cideurs ainsi que la force de nos organes de gouvernance publics et priv\u00e9s. Le mod\u00e8le de partenariat public-priv\u00e9 ayant d\u00e9montr\u00e9 son efficience et efficacit\u00e9 au Maroc, m\u00eame en p\u00e9riode de crise sanitaire, devrait \u00eatre encore plus consolid\u00e9 \u00e0 travers le d\u00e9veloppement et la mise en \u0153uvre de strat\u00e9gies sectorielles visant le d\u00e9veloppement durable et pilot\u00e9es par les deux parties prenantes.<\/p>\n<p>L\u2019abondance de gisements renouvelables ainsi que notre ma\u00eetrise du sujet et la baisse des co\u00fbts de ces technologies, nous permettent d\u2019offrir aujourd\u2019hui une comp\u00e9titivit\u00e9 \u00e9nerg\u00e9tique \u00e0 nos entreprises et industries. Il est pr\u00e9vu de capitaliser sur ces opportunit\u00e9s et de se positionner sur une production locale des composantes et des offres de services marocaines. Cela contribuera \u00e0 d\u00e9carboner plusieurs secteurs dans notre pays, notamment l\u2019industrie, les transports et le secteur du b\u00e2timent. Notre engagement et cr\u00e9dibilit\u00e9 dans ce secteur au niveau international nous permettront aussi de jouer un r\u00f4le pr\u00e9pond\u00e9rant en Afrique subsaharienne. Les solutions photovolta\u00efques d\u00e9centralis\u00e9e et non connect\u00e9e au r\u00e9seau pourraient fortement r\u00e9pondre aux besoins des millions d\u2019Africains qui n\u2019ont pas acc\u00e8s \u00e0 l\u2019\u00e9lectricit\u00e9 et \u00e0 l\u2019eau potable. Il s\u2019agit d\u2019un march\u00e9 \u00e9norme pour les bureaux d\u2019\u00e9tude et les entreprises pouvant \u00eatre desservis d\u2019une mani\u00e8re progressive avec une approche de compl\u00e9mentarit\u00e9, puisqu\u2019il s\u2019agira de renforcer les capacit\u00e9s et de d\u00e9velopper les ressources locales.<br \/>Je me r\u00e9jouis aussi fortement de la signature d\u2019un accord entre notre pays et le gouvernement allemand en tant que premier pays partenaire de la strat\u00e9gie hydrog\u00e8ne de l\u2019Allemagne. Cela d\u00e9montre \u00e0 nouveau un encensement de la vision royale, la pertinence de notre strat\u00e9gie \u00e9nerg\u00e9tique ainsi que la pers\u00e9v\u00e9rance des acteurs cl\u00e9s du secteur de l\u2019\u00e9nergie au Maroc dont l\u2019Iresen fait partie.<\/p>\n<p>Le secteur des mol\u00e9cules vertes \u00abPower to X\u00bb visant \u00e0 produire de l\u2019hydrog\u00e8ne et ses d\u00e9riv\u00e9s gr\u00e2ce aux \u00e9nergies renouvelables offrira de grandes opportunit\u00e9s \u00e0 notre pays. Il permettra au Maroc de d\u00e9carboner son \u00e9conomie, de d\u00e9velopper son industrie, renforcer son capital humain et son leadership.<br \/>Le Maroc pourra \u00e9galement, \u00e0 travers l\u2019export de mol\u00e9cules vertes, contribuer \u00e0 la d\u00e9carbonation des \u00e9conomies de partenaires europ\u00e9ens et internationaux, tels que l\u2019Allemagne, les Pays-Bas, le Japon et pourra profiter de strat\u00e9gie de relance de nos partenaires, notamment le Pacte Vert Europ\u00e9en. Des perspectives substantielles en mati\u00e8re d\u2019industrialisation du pays sont en vue et ce, sur toute la cha\u00eene de valeur, le dessalement, les \u00e9nergies renouvelables (photovolta\u00efque et \u00e9olien), l\u2019\u00e9lectrolyse, la chimie verte,\u2026<\/p>\n<p><span class=\"c7\"><strong>Nous avons c\u00e9l\u00e9br\u00e9 le 5 juin dernier la f\u00eate nationale de l\u2019environnement. Quelle est la contribution de l\u2019Iresen \u00e0 la protection de l\u2019environnement ?<\/strong><\/span><\/p>\n<p>L\u2019Iresen s\u2019engage fortement \u00e0 d\u00e9velopper la recherche et l\u2019innovation au service du d\u00e9veloppement durable. Les \u00e9nergies renouvelables, le traitement des eaux, le stockage de l\u2019\u00e9nergie, la mobilit\u00e9 et la construction durables sont des exemples de sujets prioritaires qui contribuent directement \u00e0 r\u00e9duire les \u00e9missions de gaz \u00e0 effet de serre, responsables des changements climatiques, et que nous traitons.<br \/>A travers nos appels \u00e0 projets et nos plateformes technologiques, d\u00e9velopp\u00e9es conjointement avec l\u2019Universit\u00e9 Mohammed VI Polytechnique, les \u00abGreen Technology Parks\u00bb nous contribuons \u00e0 renforcer les capacit\u00e9s, \u00e0 d\u00e9velopper et \u00e0 optimiser les technologies propres. Notre futur d\u00e9fi est d\u2019accompagner effectivement nos excellents chercheurs marocains \u00e0 valoriser leurs r\u00e9sultats de projets de recherche pour arriver \u00e0 des niveaux de maturit\u00e9 technologique \u00e9lev\u00e9s permettant l\u2019industrialisation ou la valorisation commerciale. Nous avons constat\u00e9 pendant la crise sanitaire l\u2019importance de la collaboration entre les institutions acad\u00e9miques et le monde socio-\u00e9conomique (d\u00e9veloppement de visi\u00e8res, de masques, de ventilateurs,\u2026). Ces liens doivent \u00eatre renforc\u00e9s et l\u2019environnement doit \u00eatre plus favorable. L\u2019innovation doit se faire en collaboration avec l\u2019industrie et j\u2019esp\u00e8re fortement que des m\u00e9canismes incitatifs tels que les cr\u00e9dits imp\u00f4t recherche seront mis en place.<br \/><strong><span class=\"c7\">Vous faites de la coop\u00e9ration continentale notamment un axe important de travail. Comment contribue l\u2019Iresen \u00e0 diffuser l\u2019excellence de l\u2019Institut et l\u2019expertise marocaine \u00e0 l\u2019\u00e9chelle internationale ?<\/span><\/strong><\/p>\n<p>Les avanc\u00e9es scientifiques et technologiques ne sont possibles qu\u2019\u00e0 travers la capitalisation et le partage des connaissances. Il \u00e9tait important, en premier lieu, de consolider les relations avec plusieurs centres de recherche de pays du Nord pour b\u00e9n\u00e9ficier du transfert technologique et de leurs exp\u00e9riences dans l\u2019\u00e9laboration de feuilles de route technologiques afin de s\u2019en inspirer et de d\u00e9velopper des mod\u00e8les adapt\u00e9s. Aujourd\u2019hui, l\u2019Iresen, avec son r\u00e9seau national de partenaires acad\u00e9miques, s\u2019oriente plus vers les partenariats Nord-Sud-Sud et Sud-Sud.<br \/>Nous avons cr\u00e9\u00e9 le R\u00e9seau africain de l\u2019innovation verte (Green Africa Innovation Network) avec 14 pays membres.<\/p>\n<p>Cette initiative vise \u00e0 accompagner le d\u00e9veloppement d\u2019un \u00e9cosyst\u00e8me d\u2019innovation reposant sur des solutions technologiques vertes d\u00e9velopp\u00e9es par des Africains pour des Africains. Nous organisons annuellement des conf\u00e9rences sur la R&amp;D et l\u2019innovation, accompagnons les institutions partenaires \u00e0 travers des stages et des formations au niveau de nos plateformes de recherche \u00e0 Benguerir et nous contribuons \u00e0 l\u2019\u00e9mergence d\u2019infrastructures de recherche de pointe dans diff\u00e9rentes r\u00e9gions du continent. Le premier jalon est la construction de la plateforme de test, de recherche et de formation Green Energy Park MCI (Maroc-C\u00f4te d\u2019Ivoire), en partenariat avec l\u2019Institut national polytechnique Houphou\u00ebt Boigny \u00e0 Yamoussoukro en C\u00f4te d\u2019Ivoire et l\u2019Universit\u00e9 Mohammed VI Polytechnique. Les travaux de construction sont bien avanc\u00e9s et nous finaliserons la plateforme avant la fin de l\u2019ann\u00e9e.<\/p>\n<p><strong><span class=\"c7\">Quels sont les nouveaux projets sur lesquels vous \u00eates en train de travailler ?<\/span><\/strong><\/p>\n<p><a href=\"https:\/\/aujourdhui.ma\/wp-content\/uploads\/2020\/06\/gep.jpg\"><img loading=\"lazy\" decoding=\"async\" class=\"size-medium wp-image-348109 alignleft\" src=\"http:\/\/aujourdhui.ma\/wp-content\/uploads\/2020\/06\/gep-300x153.jpg\" alt=\"\" width=\"300\" height=\"153\" srcset=\"http:\/\/aujourdhui.ma\/wp-content\/uploads\/2020\/06\/gep-300x153.jpg 300w, \/\/aujourdhui.ma\/wp-content\/uploads\/2020\/06\/gep-274x140.jpg 274w, \/\/aujourdhui.ma\/wp-content\/uploads\/2020\/06\/gep.jpg 746w, \/\/aujourdhui.ma\/wp-content\/uploads\/2020\/06\/gep-165x84.jpg 165w, \/\/aujourdhui.ma\/wp-content\/uploads\/2020\/06\/gep-702x358.jpg 702w\" sizes=\"auto, (max-width: 300px) 100vw, 300px\"\/><\/a>Nous allons incessamment lancer des appels \u00e0 projets r\u00e9gionaux. \u00abGreen Innovation r\u00e9gionale\u00bb est un programme qui vise l\u2019encouragement de l\u2019entrepreneuriat social au niveau des diff\u00e9rentes r\u00e9gions de notre Royaume, en s\u2019appuyant sur la responsabilit\u00e9 sociale \u00e0 travers l\u2019accompagnement de l\u2019innovation port\u00e9e par des acteurs locaux visant la cr\u00e9ation de la valeur ajout\u00e9e r\u00e9gionale. Green IR offrira un accompagnement technique et financier pour les porteurs de projets et s\u2019appuiera sur les acteurs de l\u2019\u00e9cosyst\u00e8me r\u00e9gional (chercheurs, entrepreneurs, PME, entreprises et startups).<br \/>Nous lancerons \u00e9galement des appels \u00e0 projets bilat\u00e9raux avec l\u2019Espagne et multilat\u00e9raux dans le cadre de l\u2019alliance Mission Innovation que le Maroc a rejointe l\u2019ann\u00e9e derni\u00e8re. Toutes ces initiatives contribueront \u00e0 redynamiser l\u2019\u00e9conomie dans le secteur des technologies propres.<br \/>Nous pr\u00e9parons \u00e9galement le lancement des travaux de construction de la plateforme Green H2A (hydrog\u00e8ne vert et applications) que nous d\u00e9veloppons conjointement avec notre minist\u00e8re de tutelle, le minist\u00e8re de l\u2019\u00e9nergie, des mines, de l\u2019eau et de l\u2019environnement, le Groupe OCP et l\u2019Universit\u00e9 Mohammed VI Polytechnique en collaboration avec le Centre de recherche allemand Fraunhofer et avec le soutien de la coop\u00e9ration allemande.<br \/>La plateforme visera \u00e0 accompagner l\u2019\u00e9cosyst\u00e8me du Power to X au Maroc et se positionnera comme le noyau d\u2019un cluster R&amp;D, Innovation et Int\u00e9gration Industrielle pour l\u2019\u00e9cosyst\u00e8me de l\u2019hydrog\u00e8ne au Maroc. L\u2019objectif sera de pr\u00e9parer le terrain et de maximiser le contenu local et l\u2019int\u00e9gration industrielle.<\/p>\n<p><a href=\"https:\/\/aujourdhui.ma\/wp-content\/uploads\/2020\/06\/GSBP_s.jpg\"><img loading=\"lazy\" decoding=\"async\" class=\"size-medium wp-image-348110 alignright\" src=\"http:\/\/aujourdhui.ma\/wp-content\/uploads\/2020\/06\/GSBP_s-300x153.jpg\" alt=\"\" width=\"300\" height=\"153\" srcset=\"http:\/\/aujourdhui.ma\/wp-content\/uploads\/2020\/06\/GSBP_s-300x153.jpg 300w, \/\/aujourdhui.ma\/wp-content\/uploads\/2020\/06\/GSBP_s-274x140.jpg 274w, \/\/aujourdhui.ma\/wp-content\/uploads\/2020\/06\/GSBP_s.jpg 746w, \/\/aujourdhui.ma\/wp-content\/uploads\/2020\/06\/GSBP_s-165x84.jpg 165w, \/\/aujourdhui.ma\/wp-content\/uploads\/2020\/06\/GSBP_s-702x358.jpg 702w\" sizes=\"auto, (max-width: 300px) 100vw, 300px\"\/><\/a><strong><span class=\"c7\">Vous travaillez sur des th\u00e9matiques strat\u00e9giques comme la mobilit\u00e9 \u00e9lectrique, la biomasse\u2026 quels sont les principaux projets sur lesquels vous travaillez ?<\/span><\/strong><\/p>\n<p>Effectivement, compte tenu du caract\u00e8re strat\u00e9gique de la R&amp;D dans le secteur du d\u00e9veloppement durable, nous avons lanc\u00e9 des appels \u00e0 projets sp\u00e9cifiques et nous mettons en place de nouvelles infrastructures de recherche et d\u2019innovation mutualis\u00e9es.<br \/>Notre nouvelle plateforme de recherche dans le domaine des b\u00e2timents verts, des r\u00e9seaux intelligents et de la mobilit\u00e9 durable, le Green &amp; Smart Building Park nous permettra de traiter des sujets prioritaires tels que la mobilit\u00e9 \u00e9lectrique et plus pr\u00e9cis\u00e9ment l\u2019int\u00e9gration de la mobilit\u00e9 \u00e9lectrique au r\u00e9seau, le couplage des \u00e9nergies renouvelables \u00e0 la mobilit\u00e9 \u00e9lectrique et le stockage \u00e9lectrochimique afin d\u2019accompagner la transition vers la mobilit\u00e9 \u00e9lectrique. Le d\u00e9partement de prototypage \u00e9lectronique du Green Energy Park ainsi que le d\u00e9partement de mobilit\u00e9 \u00e9lectrique de l\u2019Iresen travaillent sur les infrastructures de recharge dans le cadre de plusieurs projets et sont notamment en train de finaliser une borne de recharge de voitures \u00e9lectriques 100% marocaines pr\u00eate \u00e0 la production industrielle avant la fin de l\u2019ann\u00e9e.<\/p>\n<p>Le village solaire de Benguerir, install\u00e9 \u00e9galement au niveau du Green &amp; Smart Building Park, constituera \u00e9galement un instrument effectif d\u2019accompagnement de la strat\u00e9gie \u00e9nerg\u00e9tique nationale \u00e0 travers la validation, l\u2019adaptation et l\u2019optimisation de mat\u00e9riaux de construction et de solutions technologiques pour la r\u00e9duction de la consommation \u00e9nerg\u00e9tique dans le secteur du b\u00e2timent.<br \/>Afin d\u2019accompagner la strat\u00e9gie nationale de la biomasse, en cours de finalisation, et dont les contours ont \u00e9t\u00e9 pr\u00e9sent\u00e9s en avril 2020 par M. Aziz Rabbah, ministre de l\u2019\u00e9nergie, des mines et de l\u2019environnement, nous pr\u00e9parons \u00e9galement le projet d\u2019une plateforme d\u00e9di\u00e9e \u00e0 ce secteur au niveau de la R\u00e9gion de F\u00e8s et qui sera h\u00e9berg\u00e9e par l\u2019Universit\u00e9 Eum\u00e9diterran\u00e9enne de F\u00e8s.<\/p>\n<p>Auteur: Mohamed Badrane<br \/>\n<a href=\"https:\/\/aujourdhui.ma\/economie\/badr-ikken-liresen-finalise-une-borne-de-recharge-de-voitures-electriques-100-marocaines\">Cliquez ici pour lire l&rsquo;article depuis sa source.<\/a><\/p>\n","protected":false},"excerpt":{"rendered":"<p>Entretien avec Badr Ikken, directeur g\u00e9n\u00e9ral de l\u2019Institut de recherche en \u00e9nergie solaire et \u00e9nergies nouvelles Depuis sa cr\u00e9ation l\u2019Iresen est devenu une r\u00e9f\u00e9rence en mati\u00e8re de recherche et d\u00e9veloppement dans le domaine des \u00e9nergies nouvelles. Dans cet entretien accord\u00e9 \u00e0 ALM, Badr Ikken, DG de l\u2019Institut, revient sur les th\u00e9matiques de recherches, les projets [&hellip;]<\/p>\n","protected":false},"author":1759,"featured_media":89562,"comment_status":"closed","ping_status":"closed","sticky":false,"template":"","format":"standard","meta":{"fifu_image_url":"","fifu_image_alt":"","footnotes":""},"categories":[73,54],"tags":[],"class_list":["post-89561","post","type-post","status-publish","format-standard","has-post-thumbnail","hentry","category-actualite","category-maroc"],"_links":{"self":[{"href":"https:\/\/linitiative.ca\/International\/wp-json\/wp\/v2\/posts\/89561","targetHints":{"allow":["GET"]}}],"collection":[{"href":"https:\/\/linitiative.ca\/International\/wp-json\/wp\/v2\/posts"}],"about":[{"href":"https:\/\/linitiative.ca\/International\/wp-json\/wp\/v2\/types\/post"}],"author":[{"embeddable":true,"href":"https:\/\/linitiative.ca\/International\/wp-json\/wp\/v2\/users\/1759"}],"replies":[{"embeddable":true,"href":"https:\/\/linitiative.ca\/International\/wp-json\/wp\/v2\/comments?post=89561"}],"version-history":[{"count":0,"href":"https:\/\/linitiative.ca\/International\/wp-json\/wp\/v2\/posts\/89561\/revisions"}],"wp:featuredmedia":[{"embeddable":true,"href":"https:\/\/linitiative.ca\/International\/wp-json\/"}],"wp:attachment":[{"href":"https:\/\/linitiative.ca\/International\/wp-json\/wp\/v2\/media?parent=89561"}],"wp:term":[{"taxonomy":"category","embeddable":true,"href":"https:\/\/linitiative.ca\/International\/wp-json\/wp\/v2\/categories?post=89561"},{"taxonomy":"post_tag","embeddable":true,"href":"https:\/\/linitiative.ca\/International\/wp-json\/wp\/v2\/tags?post=89561"}],"curies":[{"name":"wp","href":"https:\/\/api.w.org\/{rel}","templated":true}]}}