{"id":89563,"date":"2020-06-20T11:41:34","date_gmt":"2020-06-20T15:41:34","guid":{"rendered":"https:\/\/linitiative.ca\/International\/le-groupe-hotelier-celebre-la-fete-de-la-musique-followez-onomo-hotels-ce-dimanche-en-live-pour-plus-de-vibes\/"},"modified":"2020-06-20T11:41:34","modified_gmt":"2020-06-20T15:41:34","slug":"le-groupe-hotelier-celebre-la-fete-de-la-musique-followez-onomo-hotels-ce-dimanche-en-live-pour-plus-de-vibes","status":"publish","type":"post","link":"https:\/\/linitiative.ca\/International\/le-groupe-hotelier-celebre-la-fete-de-la-musique-followez-onomo-hotels-ce-dimanche-en-live-pour-plus-de-vibes\/","title":{"rendered":"Le groupe h\u00f4telier c\u00e9l\u00e8bre la f\u00eate de la musique : Followez Onomo Hotels ce dimanche en live pour plus de vibes"},"content":{"rendered":"<p><img decoding=\"async\" class=\"post_layout_5_img\" src=\"http:\/\/aujourdhui.ma\/wp-content\/uploads\/2020\/06\/ONOMO-AFRICAS-FINEST-CELEBRE-LA-MUSIQUE-AFRICAINE-1.jpg\" alt=\"Le groupe h&#xF4;telier c&#xE9;l&#xE8;bre la f&#xEA;te de la musique : Followez Onomo Hotels ce dimanche en live pour plus de vibes\"\/><\/p>\n<p><span class=\"c5\"><strong>En d\u00e9pit de la situation sanitaire, la f\u00eate mondiale de la musique ne passe pas inaper\u00e7ue pour Onomo Hotels.<\/strong><\/span><span id=\"more-348187\"\/><\/p>\n<p>En promoteur de la culture et de l\u2019art africains, le groupe honore cet art et c\u00e9l\u00e8bre cette journ\u00e9e plan\u00e9taire. Ainsi, plusieurs adresses Onomo accueilleront, le 21 juin, des artistes africains. Comme le pr\u00e9cise le groupe, ils animeront \u00ab des concerts en ligne \u00bb. En d\u00e9tail, ces artistes se produiront le temps d\u2019une programmation riche en rythmes et en \u00e9motions qui mettra en avant des talents artistiques du continent. \u00ab A contexte in\u00e9dit, \u00e9v\u00e8nement in\u00e9dit. Chez Onomo Hotels, les restrictions sanitaires et le respect de la distanciation physique n\u2019emp\u00eachent pas la c\u00e9l\u00e9bration. Le groupe affiche sa volont\u00e9 de c\u00e9l\u00e9brer, dans les r\u00e8gles de l\u2019art, la journ\u00e9e mondiale de la musique et partager avec sa communaut\u00e9 dans le monde entier des moments de joie en offrant aux m\u00e9lomanes une exp\u00e9rience particuli\u00e8re \u00bb, pr\u00e9cise le groupe.<\/p>\n<p>Au programme, l\u2019enfant prodige du Rwanda, The Ben, enflammera ce dimanche le rooftop de l\u2019h\u00f4tel \u00e0 Kigali pour le plus grand bonheur des m\u00e9lomanes de la ville et du Monde apr\u00e8s ses performances remarquables lors de la East African Party et One Africa Music Festival.<\/p>\n<p>Quant \u00e0 Onomo Hotel Douala, il accueillera Cysoul, dont le grand talent l\u2019a men\u00e9 jusqu\u2019\u00e0 la finale du dernier Prix D\u00e9couverte RFI. \u00ab Attendez-vous \u00e0 un spectacle \u00e0 l\u2019image de l\u2019artiste, audacieux et surprenant \u00bb, exalte le groupe.<\/p>\n<p>A Onomo Hotel Casablanca City Center, Hamid El Hadri, Auteur, compositeur, musicien et passionn\u00e9 de th\u00e9\u00e2tre et de com\u00e9die, fera, pour sa part, vibrer les m\u00e9lomanes aux rythmes de ses cr\u00e9ations musicales qui combinent la musique traditionnelle marocaine au flamenco espagnol, ou encore le ra\u00ef et le cha\u00e2bi alg\u00e9rien. De son c\u00f4t\u00e9, Lord Carlos, un habitu\u00e9 de l\u2019h\u00f4tel Onomo Lom\u00e9, y fera son retour \u00e0 l\u2019occasion. Artiste \u00e9clectique et toujours \u00e0 la recherche de sonorit\u00e9s innovantes, il saura emporter les m\u00e9lomanes dans son univers musical m\u00ealant la pop, le blues, la worldmusic, la soul et l\u2019afrobeat.<\/p>\n<p>\u00ab L\u2019Afrique dans toute sa splendeur et son rythme sera au rendez-vous, \u00e0 travers ses artistes, ce dimanche d\u00e8s 17h, pour un live in\u00e9dit sur le compte Instagram du groupe Onomo, transmettant des good vibes et des notes de positivit\u00e9, aux m\u00e9lomanes en Afrique et dans le monde \u00bb, ajoute le groupe. Selon la m\u00eame source, cette c\u00e9l\u00e9bration de la musique africaine est une interpr\u00e9tation fid\u00e8le de l\u2019esprit d\u2019Onomo Africa\u2019s Finest.<\/p>\n<p>Un label qui concr\u00e9tise la volont\u00e9 du groupe de mettre en valeur la culture et l\u2019Art Africains. Et ce n\u2019est pas tout. \u00ab Chez Onomo Hotels, la f\u00eate continue et la sc\u00e8ne prend place chez vous, l\u00e0 o\u00f9 vous \u00eates \u00bb, annonce la cha\u00eene h\u00f4teli\u00e8re. Dans ce sens, le groupe appelle ses followers \u00e0 partager, du 22 au 28 juin, sur Instagram les vid\u00e9os de leurs performances artistiques et invite sa communaut\u00e9 \u00e0 voter. \u00ab Ravivez l\u2019artiste qui sommeille en vous, partagez votre talent, et qui sait vous serez peut \u00eatre l\u2019heureux.e gagant.e \u00bb, conclut la m\u00eame source.<\/p>\n<p><a href=\"https:http:\/\/aujourdhui.ma\/wp-content\/uploads\/2020\/06\/ONOMO-AFRICAS-FINEST-CELEBRE-LA-MUSIQUE-AFRICAINE.jpg\"><img loading=\"lazy\" decoding=\"async\" class=\"size-full wp-image-348188 aligncenter\" src=\"http:\/\/aujourdhui.ma\/wp-content\/uploads\/2020\/06\/ONOMO-AFRICAS-FINEST-CELEBRE-LA-MUSIQUE-AFRICAINE.jpg\" alt=\"\" width=\"700\" height=\"993\" srcset=\"http:\/\/aujourdhui.ma\/wp-content\/uploads\/2020\/06\/ONOMO-AFRICAS-FINEST-CELEBRE-LA-MUSIQUE-AFRICAINE.jpg 700w, \/\/aujourdhui.ma\/wp-content\/uploads\/2020\/06\/ONOMO-AFRICAS-FINEST-CELEBRE-LA-MUSIQUE-AFRICAINE-211x300.jpg 211w\" sizes=\"auto, (max-width: 700px) 100vw, 700px\"\/><\/a><\/p>\n<p>Auteur: ALM<br \/>\n<a href=\"https:\/\/aujourdhui.ma\/culture\/musique\/le-groupe-hotelier-celebre-la-fete-de-la-musique-followez-onomo-hotels-ce-dimanche-en-live-pour-plus-de-vibes\">Cliquez ici pour lire l&rsquo;article depuis sa source.<\/a><\/p>\n","protected":false},"excerpt":{"rendered":"<p>En d\u00e9pit de la situation sanitaire, la f\u00eate mondiale de la musique ne passe pas inaper\u00e7ue pour Onomo Hotels. En promoteur de la culture et de l\u2019art africains, le groupe honore cet art et c\u00e9l\u00e8bre cette journ\u00e9e plan\u00e9taire. Ainsi, plusieurs adresses Onomo accueilleront, le 21 juin, des artistes africains. Comme le pr\u00e9cise le groupe, ils [&hellip;]<\/p>\n","protected":false},"author":1759,"featured_media":89564,"comment_status":"closed","ping_status":"closed","sticky":false,"template":"","format":"standard","meta":{"fifu_image_url":"","fifu_image_alt":"","footnotes":""},"categories":[73,54],"tags":[],"class_list":["post-89563","post","type-post","status-publish","format-standard","has-post-thumbnail","hentry","category-actualite","category-maroc"],"_links":{"self":[{"href":"https:\/\/linitiative.ca\/International\/wp-json\/wp\/v2\/posts\/89563","targetHints":{"allow":["GET"]}}],"collection":[{"href":"https:\/\/linitiative.ca\/International\/wp-json\/wp\/v2\/posts"}],"about":[{"href":"https:\/\/linitiative.ca\/International\/wp-json\/wp\/v2\/types\/post"}],"author":[{"embeddable":true,"href":"https:\/\/linitiative.ca\/International\/wp-json\/wp\/v2\/users\/1759"}],"replies":[{"embeddable":true,"href":"https:\/\/linitiative.ca\/International\/wp-json\/wp\/v2\/comments?post=89563"}],"version-history":[{"count":0,"href":"https:\/\/linitiative.ca\/International\/wp-json\/wp\/v2\/posts\/89563\/revisions"}],"wp:featuredmedia":[{"embeddable":true,"href":"https:\/\/linitiative.ca\/International\/wp-json\/"}],"wp:attachment":[{"href":"https:\/\/linitiative.ca\/International\/wp-json\/wp\/v2\/media?parent=89563"}],"wp:term":[{"taxonomy":"category","embeddable":true,"href":"https:\/\/linitiative.ca\/International\/wp-json\/wp\/v2\/categories?post=89563"},{"taxonomy":"post_tag","embeddable":true,"href":"https:\/\/linitiative.ca\/International\/wp-json\/wp\/v2\/tags?post=89563"}],"curies":[{"name":"wp","href":"https:\/\/api.w.org\/{rel}","templated":true}]}}