{"id":89568,"date":"2020-06-19T15:02:15","date_gmt":"2020-06-19T19:02:15","guid":{"rendered":"https:\/\/linitiative.ca\/International\/%ef%bb%bfsit-in-des-robes-noires-devant-le-tribunal-de-premiere-instance-de-casablanca\/"},"modified":"2020-06-19T15:02:15","modified_gmt":"2020-06-19T19:02:15","slug":"%ef%bb%bfsit-in-des-robes-noires-devant-le-tribunal-de-premiere-instance-de-casablanca","status":"publish","type":"post","link":"https:\/\/linitiative.ca\/International\/%ef%bb%bfsit-in-des-robes-noires-devant-le-tribunal-de-premiere-instance-de-casablanca\/","title":{"rendered":"\ufeffSit-in des robes noires devant le Tribunal de premi\u00e8re instance de Casablanca"},"content":{"rendered":"<p class=\"has-text-color has-vivid-red-color c2\"><strong>Affaire d\u2019\u00e9vacuation<\/strong> <strong>d\u2019un cabinet d\u2019avocat<\/strong><\/p>\n<p class=\"c3\"><strong>Karim Ben Amar<\/strong><\/p>\n<p class=\"has-text-color c4\"><strong>Des<\/strong> <strong>centaines d\u2019avocats se sont rassembl\u00e9s\u00a0 vendredi 19 juin, devant le Tribunal de premi\u00e8re instance de Casablanca.\u00a0 Motif de ce sit-in en plein \u00e9tat d\u2019urgence sanitaire: une affaire d\u2019\u00e9vacuation<\/strong> <strong>d\u2019un cabinet d\u2019avocat casablancais<\/strong><strong>, et l\u2019ouverture d\u2019une enqu\u00eate par le minist\u00e8re de l\u2019Int\u00e9rieur.<\/strong><\/p>\n<div class=\"wp-block-image\"><img loading=\"lazy\" decoding=\"async\" src=\"http:\/\/albayane.press.ma\/wp-content\/uploads\/avocats.jpg\" alt=\"\" class=\"wp-image-91401\" width=\"565\" height=\"334\"\/><\/div>\n<p>La solidarit\u00e9 entre avocats est de rigueur, m\u00eame en temps de pand\u00e9mie. En pleine p\u00e9riode de confinement obligatoire, alors que les rassemblements sont toujours interdits, plusieurs avocats ont d\u00e9cid\u00e9 de manifester devant le Tribunal de premi\u00e8re instance de Casablanca, malgr\u00e9 l\u2019interdiction de tout rassemblement. Ces derniers r\u00e9clament \u00e0 cet effet, \u00able respect de l\u2019article 59\u00bb de la loi r\u00e9gissant leur profession,\u00a0 et cela, \u00e0 travers des pancartes explicitent.<\/p>\n<p>En effet, Le procureur g\u00e9n\u00e9ral du Roi pr\u00e8s la Cour d\u2019appel de Casablanca a annonc\u00e9, jeudi 18 juin, que les services de la police judiciaire ont ouvert une enqu\u00eate sur les conditions et les circonstances entourant l\u2019acc\u00e8s dans le cabinet d\u2019un avocat \u00e0 Casablanca, \u00e0 la suite du d\u00e9p\u00f4t de plainte du ma\u00eetre concern\u00e9.<\/p>\n<p>\u00abSuite \u00e0 la circulation de donn\u00e9es concernant l\u2019\u00e9vacuation d\u2019un cabinet d\u2019avocat \u00e0 Casablanca sans tenir compte des dispositions l\u00e9gales et proc\u00e9durales en vigueur, le minist\u00e8re de l\u2019Int\u00e9rieur a d\u00e9cid\u00e9 d\u2019ouvrir une enqu\u00eate administrative \u00e0 ce propos \u00e0 travers l\u2019Inspection g\u00e9n\u00e9rale de l\u2019administration territoriale\u00bb, indique le minist\u00e8re dans un communiqu\u00e9.<\/p>\n<p>Dans le m\u00eame sillage, le procureur g\u00e9n\u00e9ral du Roi indique dans un communiqu\u00e9 que l\u2019enqu\u00eate concernera aussi \u00abune autre plainte re\u00e7ue jeudi ce soir, en plus des faits relatifs \u00e0 une vid\u00e9o montrant des personnes en train de charger des boites remplies de documents dans un camion \u00e0 l\u2019endroit o\u00f9 le cabinet d\u2019avocat semble se situer\u00bb, pr\u00e9cisant que l\u2019objectif est d\u2019\u00e9lucider la v\u00e9rit\u00e9 sur ce fait, ainsi que sur le contenu des boites, les raisons et les circonstances de leur transfert et identifier la personne qui en est responsable, pour pouvoir \u00e9tablir l\u2019effet juridique.<\/p>\n<p>Auteur: M&rsquo;hammed rahal<br \/>\n<a href=\"http:\/\/albayane.press.ma\/%EF%BB%BFsit-in-des-robes-noires-devant-le-tribunal-de-premiere-instance-de-casablanca.html\">Cliquez ici pour lire l&rsquo;article depuis sa source.<\/a><\/p>\n","protected":false},"excerpt":{"rendered":"<p>Affaire d\u2019\u00e9vacuation d\u2019un cabinet d\u2019avocat Karim Ben Amar Des centaines d\u2019avocats se sont rassembl\u00e9s\u00a0 vendredi 19 juin, devant le Tribunal de premi\u00e8re instance de Casablanca.\u00a0 Motif de ce sit-in en plein \u00e9tat d\u2019urgence sanitaire: une affaire d\u2019\u00e9vacuation d\u2019un cabinet d\u2019avocat casablancais, et l\u2019ouverture d\u2019une enqu\u00eate par le minist\u00e8re de l\u2019Int\u00e9rieur. La solidarit\u00e9 entre avocats est [&hellip;]<\/p>\n","protected":false},"author":1760,"featured_media":89569,"comment_status":"closed","ping_status":"closed","sticky":false,"template":"","format":"standard","meta":{"fifu_image_url":"","fifu_image_alt":"","footnotes":""},"categories":[73,54],"tags":[],"class_list":["post-89568","post","type-post","status-publish","format-standard","has-post-thumbnail","hentry","category-actualite","category-maroc"],"_links":{"self":[{"href":"https:\/\/linitiative.ca\/International\/wp-json\/wp\/v2\/posts\/89568","targetHints":{"allow":["GET"]}}],"collection":[{"href":"https:\/\/linitiative.ca\/International\/wp-json\/wp\/v2\/posts"}],"about":[{"href":"https:\/\/linitiative.ca\/International\/wp-json\/wp\/v2\/types\/post"}],"author":[{"embeddable":true,"href":"https:\/\/linitiative.ca\/International\/wp-json\/wp\/v2\/users\/1760"}],"replies":[{"embeddable":true,"href":"https:\/\/linitiative.ca\/International\/wp-json\/wp\/v2\/comments?post=89568"}],"version-history":[{"count":0,"href":"https:\/\/linitiative.ca\/International\/wp-json\/wp\/v2\/posts\/89568\/revisions"}],"wp:featuredmedia":[{"embeddable":true,"href":"https:\/\/linitiative.ca\/International\/wp-json\/"}],"wp:attachment":[{"href":"https:\/\/linitiative.ca\/International\/wp-json\/wp\/v2\/media?parent=89568"}],"wp:term":[{"taxonomy":"category","embeddable":true,"href":"https:\/\/linitiative.ca\/International\/wp-json\/wp\/v2\/categories?post=89568"},{"taxonomy":"post_tag","embeddable":true,"href":"https:\/\/linitiative.ca\/International\/wp-json\/wp\/v2\/tags?post=89568"}],"curies":[{"name":"wp","href":"https:\/\/api.w.org\/{rel}","templated":true}]}}