{"id":89571,"date":"2020-06-19T15:21:58","date_gmt":"2020-06-19T19:21:58","guid":{"rendered":"https:\/\/linitiative.ca\/International\/le-maroc-dans-lattente-dun-nouvel-allegement-du-confinement\/"},"modified":"2020-06-19T15:21:58","modified_gmt":"2020-06-19T19:21:58","slug":"le-maroc-dans-lattente-dun-nouvel-allegement-du-confinement","status":"publish","type":"post","link":"https:\/\/linitiative.ca\/International\/le-maroc-dans-lattente-dun-nouvel-allegement-du-confinement\/","title":{"rendered":"Le Maroc dans l\u2019attente d\u2019un nouvel all\u00e8gement du confinement"},"content":{"rendered":"<p class=\"has-text-color has-vivid-red-color c2\">Deuxi\u00e8me <strong>vague<\/strong> ou pas<\/p>\n<p class=\"c3\"><strong>Mohamed Khalil<\/strong><\/p>\n<p class=\"has-text-color c4\"><strong>Le chef du gouvernement est fortement attendu, ce week-end, pour annoncer un nouvel all\u00e8gement du confinement qui a trop dur\u00e9, sans grande raison apparente. El Otmani est appel\u00e9 \u00e0 faire preuve d\u2019audace et \u00e0 dissiper les peurs que ses discours officiels s\u00e8ment au sein des populations. L\u2019opinion publique s\u2019attend \u00e0 une avanc\u00e9e tangible, sans risques fictifs, dans la reprise des activit\u00e9s \u00e9conomiques, de la vie sociale et, parall\u00e8lement, \u00e0 l\u2019expos\u00e9 d\u2019une vision g\u00e9n\u00e9rale du Maroc de l\u2019apr\u00e8s pand\u00e9mie.<\/strong><\/p>\n<p>Apr\u00e8s pr\u00e8s de 100 jours de confinement, les Marocaines et les Marocains ont h\u00e2te de reprendre une vie normale, apr\u00e8s cet \u00e9pisode plein de privations et de tentions. L\u2019heure est \u00e0 la clarification et \u00e0 une orientation sereine des populations, loin de la volont\u00e9 d\u00e9lib\u00e9r\u00e9e de faire peur, les meilleurs r\u00e9sultats \u00e9tant obtenus par la s\u00e9r\u00e9nit\u00e9, la conviction et le consentement g\u00e9n\u00e9ral.<\/p>\n<p>Valeur d\u2019aujourd\u2019hui, la situation \u00e9pid\u00e9miologique est bien ma\u00eetris\u00e9e. Il n\u2019y a plus, ou presque, d\u2019hospitalisation en r\u00e9animation ou en soins intensifs que dans les deux seules structures hospitali\u00e8res de Ben Slimane (pour la moiti\u00e9 nord du pays) et celui de Bengrir, pour tout le sud o\u00f9, il n\u2019y a pas, heureusement, un nombre inqui\u00e9tant d\u2019infect\u00e9s au covid-19.<\/p>\n<p>Seulement, l\u2019essentiel est ailleurs. C\u2019est au niveau de l\u2019application des r\u00e8gles de distanciation et de protection, mais aussi d\u2019hygi\u00e8ne, que le combat se gagne. A commencer par les unit\u00e9s industrielles et commerciales. C\u2019est l\u00e0 le sommet de la bataille. Car il est impardonnable que les conditions d\u2019acc\u00e8s, de travail ou d\u2019acquisition de produits, se fasse, publiquement, sans aucun souci ni respect des r\u00e8gles. Je ne crois pas que toutes les vid\u00e9os qui circulent sur le Net sont, toutes, des fake news. Il y a de la responsabilit\u00e9 individuelle et collective. Pas seulement celle des travailleurs qui acceptent la violation des r\u00e8gles \u00e9tablies, face \u00e0 l\u2019imp\u00e9ratif de gagner leur pain.<\/p>\n<p>La responsabilit\u00e9 est surtout administrative et les autorit\u00e9s qui permettent la reprise des activit\u00e9s, sans conditions, ne doivent pas oublier qu\u2019elles ont, surtout, une obligation de contr\u00f4le. Et si des structures commerciales se disent non concern\u00e9es par les queues \u00e0 l\u2019ext\u00e9rieur de leurs magasins, les autorit\u00e9s comp\u00e9tentes ne peuvent continuer \u00e0 ignorer ces d\u00e9passements et ces manquements aux r\u00e8gles, sachant que les r\u00e9calcitrants pouvant \u00eatre sanctionn\u00e9s p\u00e9cuniairement.<\/p>\n<p><strong>Attention aux clusters<\/strong><\/p>\n<p>Certes, il ne faut pas paniquer au regard de l\u2019augmentation des cas d\u2019infection (comme c\u2019est le cas de la province de K\u00e9nitra), sachant que, avec le d\u00e9pistage, normalement obligatoire pour toute reprise d\u2019activit\u00e9, nous aurons encore et encore de nouveaux enregistrements de cas positifs\u00a0 et, tant qu\u2019il ne s\u2019agit que de porteurs sains, les r\u00e8gles de distanciation et de protection font \u00e9viter d\u2019\u00e9ventuelles contaminations.<\/p>\n<p>Car, il s\u2019agit de cluster et non pas de deuxi\u00e8me vague, qui normalement devrait, si elle avait lieu, se produire au niveau de toutes les r\u00e9gions du Maroc. Or, les clusters sont apparus de mani\u00e8re ponctuelle, qu\u2019ils furent p\u00e9nitentiaires, commerciaux, industriels ou encore familiaux.<\/p>\n<p>Alors\u00a0? Deuxi\u00e8me vague ou non, la meilleure fa\u00e7on d\u2019y faire face est d\u2019avoir une vision globale de la situation, notamment sur le volet \u00e9conomique et social, le savoir-faire th\u00e9rapeutique et gestionnaire de la pand\u00e9mie \u00e9tant, sans conteste, acquis et l\u2019exp\u00e9rience de nos soignants n\u2019est plus \u00e0 d\u00e9montrer.<\/p>\n<p>Aujourd\u2019hui les h\u00e9sitations font reculer les \u00e9ch\u00e9ances de sortie de crise. Comme au d\u00e9but de l\u2019\u00e9pid\u00e9mie, il faudra faire preuve d\u2019anticipation positive, en l\u00e2chant encore la population pour qu\u2019elle retrouve une vie normale.<\/p>\n<p>Il reste seulement \u00e0 redoubler de vigilance et \u00e0 respecter les r\u00e8gles fort connues, \u00e0 force de r\u00e9p\u00e9t\u00e9es, de la part des individus et des collectivit\u00e9s, mais aussi par les autorit\u00e9s et les pouvoirs publics. C\u2019est l\u00e0 le seul secret du deus ex machina, qu\u2019il faudra pr\u00e9parer sans tergiverser.<\/p>\n<p class=\"c3\"><strong>Mohamed Khalil<\/strong><\/p>\n<p>Auteur: M&rsquo;hammed rahal<br \/>\n<a href=\"http:\/\/albayane.press.ma\/le-maroc-dans-lattente-dun-nouvel-allegement-du-confinement.html\">Cliquez ici pour lire l&rsquo;article depuis sa source.<\/a><\/p>\n","protected":false},"excerpt":{"rendered":"<p>Deuxi\u00e8me vague ou pas Mohamed Khalil Le chef du gouvernement est fortement attendu, ce week-end, pour annoncer un nouvel all\u00e8gement du confinement qui a trop dur\u00e9, sans grande raison apparente. El Otmani est appel\u00e9 \u00e0 faire preuve d\u2019audace et \u00e0 dissiper les peurs que ses discours officiels s\u00e8ment au sein des populations. L\u2019opinion publique s\u2019attend [&hellip;]<\/p>\n","protected":false},"author":1760,"featured_media":0,"comment_status":"closed","ping_status":"closed","sticky":false,"template":"","format":"standard","meta":{"fifu_image_url":"","fifu_image_alt":"","footnotes":""},"categories":[73,54],"tags":[],"class_list":["post-89571","post","type-post","status-publish","format-standard","hentry","category-actualite","category-maroc"],"_links":{"self":[{"href":"https:\/\/linitiative.ca\/International\/wp-json\/wp\/v2\/posts\/89571","targetHints":{"allow":["GET"]}}],"collection":[{"href":"https:\/\/linitiative.ca\/International\/wp-json\/wp\/v2\/posts"}],"about":[{"href":"https:\/\/linitiative.ca\/International\/wp-json\/wp\/v2\/types\/post"}],"author":[{"embeddable":true,"href":"https:\/\/linitiative.ca\/International\/wp-json\/wp\/v2\/users\/1760"}],"replies":[{"embeddable":true,"href":"https:\/\/linitiative.ca\/International\/wp-json\/wp\/v2\/comments?post=89571"}],"version-history":[{"count":0,"href":"https:\/\/linitiative.ca\/International\/wp-json\/wp\/v2\/posts\/89571\/revisions"}],"wp:attachment":[{"href":"https:\/\/linitiative.ca\/International\/wp-json\/wp\/v2\/media?parent=89571"}],"wp:term":[{"taxonomy":"category","embeddable":true,"href":"https:\/\/linitiative.ca\/International\/wp-json\/wp\/v2\/categories?post=89571"},{"taxonomy":"post_tag","embeddable":true,"href":"https:\/\/linitiative.ca\/International\/wp-json\/wp\/v2\/tags?post=89571"}],"curies":[{"name":"wp","href":"https:\/\/api.w.org\/{rel}","templated":true}]}}