{"id":89572,"date":"2020-06-20T13:03:20","date_gmt":"2020-06-20T17:03:20","guid":{"rendered":"https:\/\/linitiative.ca\/International\/le-secretaire-detat-charge-de-la-production-culturelle-participe-au-seminaire-virtuelle-la-musique-en-resilience\/"},"modified":"2020-06-20T13:03:20","modified_gmt":"2020-06-20T17:03:20","slug":"le-secretaire-detat-charge-de-la-production-culturelle-participe-au-seminaire-virtuelle-la-musique-en-resilience","status":"publish","type":"post","link":"https:\/\/linitiative.ca\/International\/le-secretaire-detat-charge-de-la-production-culturelle-participe-au-seminaire-virtuelle-la-musique-en-resilience\/","title":{"rendered":"Le secr\u00e9taire d&rsquo;Etat charg\u00e9 de la production culturelle participe au s\u00e9minaire virtuelle \u00a0\u00bb La musique en r\u00e9silience\u00a0\u00bb  \u00a0"},"content":{"rendered":"<div readability=\"35\">\n<p><strong>ALGER- Le secr\u00e9taire d&rsquo;Etat charg\u00e9 de la production culturelle Salim Dada a pris part vendredi au s\u00e9minaire virtuelle \u00a0\u00bb La musique en r\u00e9silience\u00a0\u00bb organis\u00e9 par le bureau du Maghreb de l&rsquo;Unesco dans\u00a0le cadre du programme \u00ab\u00a0ResiliArt\u00a0\u00bb sur la situation de l&rsquo;artiste en temps de crises et de confinement sanitaire et s\u00e9curitaire.<\/strong><\/p>\n<\/div>\n<div readability=\"79\">\n<p>Salim Dada a intervenu lors d&rsquo;un panel d\u00e9di\u00e9 \u00e0 \u00ab\u00a0L&rsquo;impulsion de la cr\u00e9ation musicale apr\u00e8s la crise du coronavirus\u00a0\u00bb r\u00e9unissant les artistes Imed Alibi (Tunisie), Fay\u00e7al Azizi (Maroc), la chanteuse mauritanienne Malouma Mint El Meidah, le directeur du Festival de jazz de Tanger Moulay Ahmed Alami, le responsable au bureau du Maghreb de l&rsquo;Unesco Karim Hendili et Zainab Guedira directrice de la fondation culturelle Hiba coorganisateur de l&rsquo;\u00e9v\u00e9nement.<\/p>\n<p>Lors de son intervention Salim Dada a fait un expos\u00e9 sur les initiatives du minist\u00e8re alg\u00e9rien de la Culture pour pr\u00e9server une activit\u00e9 culturelle en temps de pand\u00e9mie de coronavirus et sur les dispositions prises pour accompagner les artistes, particuli\u00e8rement ceux dont les activit\u00e9s sont \u00e0 l\u2019arr\u00eat du fait de la pand\u00e9mie.<\/p>\n<blockquote readability=\"9\">\n<p><em><strong>\u00a0 Le secr\u00e9taire d&rsquo;Etat charg\u00e9 de la production culturelle est \u00e9galement revenu sur le travail d&rsquo;institutions comme l&rsquo;Office national des droits d&rsquo;auteurs et droits voisins (Onda) et le Conseil national des arts et des lettres (Cnal) ainsi que sur les dispositions du le d\u00e9cret ex\u00e9cutif 14-69 du 9 f\u00e9vrier 2014 fixant l&rsquo;assiette, le taux de cotisation et les prestations de s\u00e9curit\u00e9 sociale auxquelles ouvrent droit les artistes et les auteurs.<\/strong><\/em><\/p>\n<\/blockquote>\n<p>Pour plusieurs participants la crise du coronavirus n&rsquo;a fait que mettre \u00e0 nu \u00ab\u00a0une situation tr\u00e8s fragile v\u00e9cue par les artistes maghr\u00e9bins et africains depuis de nombreuses ann\u00e9es\u00a0\u00bb, notant que cette pand\u00e9mie a r\u00e9v\u00e9l\u00e9 \u00ab\u00a0que le produit culturel est une n\u00e9cessit\u00e9 dans la vie quotidienne\u00a0\u00bb.<\/p>\n<p>Les artistes de ce panel voient en cette crise une occasion de restructurer ce secteur et d&rsquo;\u00e9tablir un \u00ab\u00a0dialogue s\u00e9rieux sur le statut de l&rsquo;artiste\u00a0\u00bb, dialogue \u00ab\u00a0d\u00e9j\u00e0 entam\u00e9 r\u00e9cemment en Alg\u00e9rie, au Maroc et en Tunisie\u00a0\u00bb, sur la r\u00e9mun\u00e9ration des artistes et une d\u00e9centralisation des manifestations.<\/p>\n<p>Les participants \u00e0 ce panel ont d\u00e9battu des possibilit\u00e9s de cr\u00e9er un march\u00e9 local de l&rsquo;art ou de promouvoir la production locale dans le march\u00e9 international \u00e0 travers des efforts \u00ab\u00a0d&rsquo;exportation du produit culturel, un accompagnement des artistes par une diplomatie culturelle, des festivals de\u00a0renomm\u00e9e internationale ou encore\u00a0 un accompagnement des initiatives et projets ind\u00e9pendants dans les industries culturelles\u00a0\u00bb.<\/p>\n<blockquote readability=\"9\">\n<p><em><strong>Salim Dada a \u00e9galement abord\u00e9 la n\u00e9cessit\u00e9 de pr\u00e9server et valoriser le patrimoine culturel de chaque pays, v\u00e9hiculant l&rsquo;image de marque de la culture locale, et d&rsquo;\u00e9viter la folklorisation du patrimoine.<\/strong><\/em><\/p>\n<\/blockquote>\n<p>Dans le cadre de\u00a0 l&rsquo;initiative \u00ab\u00a0R\u00e9siliArt\u00a0\u00bb, lanc\u00e9e le 15 avril dernier par l&rsquo;Unesco, le secr\u00e9tariat d&rsquo;Etat charg\u00e9 de la production culturelle avait lanc\u00e9 des consultation avec des artistes alg\u00e9riens sur le statut de l&rsquo;artiste en temps de crise (Covid-19), dans le cadre des pr\u00e9paratifs de l&rsquo;Atelier consacr\u00e9 au projet de loi sur le statut de l&rsquo;artiste.<\/p>\n<\/div>\n<p>Auteur:<br \/>\n<a href=\"http:\/\/www.aps.dz\/culture\/106406-le-secretaire-d-etat-charge-de-la-production-culturelle-participe-au-seminaire-virtuelle-la-musique-en-resilience\">Cliquez ici pour lire l&rsquo;article depuis sa source.<\/a><\/p>\n","protected":false},"excerpt":{"rendered":"<p>ALGER- Le secr\u00e9taire d&rsquo;Etat charg\u00e9 de la production culturelle Salim Dada a pris part vendredi au s\u00e9minaire virtuelle \u00a0\u00bb La musique en r\u00e9silience\u00a0\u00bb organis\u00e9 par le bureau du Maghreb de l&rsquo;Unesco dans\u00a0le cadre du programme \u00ab\u00a0ResiliArt\u00a0\u00bb sur la situation de l&rsquo;artiste en temps de crises et de confinement sanitaire et s\u00e9curitaire. Salim Dada a intervenu [&hellip;]<\/p>\n","protected":false},"author":1790,"featured_media":0,"comment_status":"closed","ping_status":"closed","sticky":false,"template":"","format":"standard","meta":{"fifu_image_url":"","fifu_image_alt":"","footnotes":""},"categories":[53,79],"tags":[],"class_list":["post-89572","post","type-post","status-publish","format-standard","hentry","category-algerie","category-culture"],"_links":{"self":[{"href":"https:\/\/linitiative.ca\/International\/wp-json\/wp\/v2\/posts\/89572","targetHints":{"allow":["GET"]}}],"collection":[{"href":"https:\/\/linitiative.ca\/International\/wp-json\/wp\/v2\/posts"}],"about":[{"href":"https:\/\/linitiative.ca\/International\/wp-json\/wp\/v2\/types\/post"}],"author":[{"embeddable":true,"href":"https:\/\/linitiative.ca\/International\/wp-json\/wp\/v2\/users\/1790"}],"replies":[{"embeddable":true,"href":"https:\/\/linitiative.ca\/International\/wp-json\/wp\/v2\/comments?post=89572"}],"version-history":[{"count":0,"href":"https:\/\/linitiative.ca\/International\/wp-json\/wp\/v2\/posts\/89572\/revisions"}],"wp:attachment":[{"href":"https:\/\/linitiative.ca\/International\/wp-json\/wp\/v2\/media?parent=89572"}],"wp:term":[{"taxonomy":"category","embeddable":true,"href":"https:\/\/linitiative.ca\/International\/wp-json\/wp\/v2\/categories?post=89572"},{"taxonomy":"post_tag","embeddable":true,"href":"https:\/\/linitiative.ca\/International\/wp-json\/wp\/v2\/tags?post=89572"}],"curies":[{"name":"wp","href":"https:\/\/api.w.org\/{rel}","templated":true}]}}