{"id":89573,"date":"2020-06-20T07:12:00","date_gmt":"2020-06-20T11:12:00","guid":{"rendered":"https:\/\/linitiative.ca\/International\/arrivee-de-fayez-al-sarraj-a-alger\/"},"modified":"2020-06-20T07:12:00","modified_gmt":"2020-06-20T11:12:00","slug":"arrivee-de-fayez-al-sarraj-a-alger","status":"publish","type":"post","link":"https:\/\/linitiative.ca\/International\/arrivee-de-fayez-al-sarraj-a-alger\/","title":{"rendered":"Arriv\u00e9e de Fayez Al-Sarraj \u00e0 Alger"},"content":{"rendered":"<div id=\"originalText\" readability=\"49\">\n<p>Le pr\u00e9sident du Conseil pr\u00e9sidentiel du\u00a0Gouvernement d&rsquo;union nationale (GNA) libyen, Fayez Al-Sarraj, est arriv\u00e9 samedi \u00e0 Alger pour une visite d&rsquo;une journ\u00e9e en Alg\u00e9rie,\u00a0a annonc\u00e9 l\u2019APS.<\/p>\n<p>Il a \u00e9t\u00e9 accueilli, \u00e0 l&rsquo;a\u00e9roport international Houari Boumediene, par le\u00a0Premier ministre, Abdelaziz Djerad, ainsi que par le ministre des Affaires\u00a0\u00e9trang\u00e8res Sabri Boukadoum, et celui de l&rsquo;Int\u00e9rieur, des Collectivit\u00e9s\u00a0 locales et de l&rsquo;Am\u00e9nagement du territoire, Kamel Beldjoud, pr\u00e9cise la m\u00eame source.<\/p>\n<p class=\"c6\"><strong>R\u00e9daction Web<\/strong><\/p>\n<\/div>\n<div id=\"text_core\" readability=\"49\">\n<p>Le pr\u00e9sident du Conseil pr\u00e9sidentiel du\u00a0Gouvernement d&rsquo;union nationale (GNA) libyen, Fayez Al-Sarraj, est arriv\u00e9 samedi \u00e0 Alger pour une visite d&rsquo;une journ\u00e9e en Alg\u00e9rie,\u00a0a annonc\u00e9 l\u2019APS.<\/p>\n<p>Il a \u00e9t\u00e9 accueilli, \u00e0 l&rsquo;a\u00e9roport international Houari Boumediene, par le\u00a0Premier ministre, Abdelaziz Djerad, ainsi que par le ministre des Affaires\u00a0\u00e9trang\u00e8res Sabri Boukadoum, et celui de l&rsquo;Int\u00e9rieur, des Collectivit\u00e9s\u00a0 locales et de l&rsquo;Am\u00e9nagement du territoire, Kamel Beldjoud, pr\u00e9cise la m\u00eame source.<\/p>\n<p class=\"c6\"><strong>R\u00e9daction Web<\/strong><\/p>\n<\/div>\n<p>Auteur:<br \/>\n<a href=\"https:\/\/www.liberte-algerie.com\/actualite\/arrivee-de-fayez-al-sarraj-a-alger-340593\">Cliquez ici pour lire l&rsquo;article depuis sa source.<\/a><\/p>\n","protected":false},"excerpt":{"rendered":"<p>Le pr\u00e9sident du Conseil pr\u00e9sidentiel du\u00a0Gouvernement d&rsquo;union nationale (GNA) libyen, Fayez Al-Sarraj, est arriv\u00e9 samedi \u00e0 Alger pour une visite d&rsquo;une journ\u00e9e en Alg\u00e9rie,\u00a0a annonc\u00e9 l\u2019APS. Il a \u00e9t\u00e9 accueilli, \u00e0 l&rsquo;a\u00e9roport international Houari Boumediene, par le\u00a0Premier ministre, Abdelaziz Djerad, ainsi que par le ministre des Affaires\u00a0\u00e9trang\u00e8res Sabri Boukadoum, et celui de l&rsquo;Int\u00e9rieur, des Collectivit\u00e9s\u00a0 [&hellip;]<\/p>\n","protected":false},"author":1742,"featured_media":0,"comment_status":"closed","ping_status":"closed","sticky":false,"template":"","format":"standard","meta":{"fifu_image_url":"","fifu_image_alt":"","footnotes":""},"categories":[73,53],"tags":[],"class_list":["post-89573","post","type-post","status-publish","format-standard","hentry","category-actualite","category-algerie"],"_links":{"self":[{"href":"https:\/\/linitiative.ca\/International\/wp-json\/wp\/v2\/posts\/89573","targetHints":{"allow":["GET"]}}],"collection":[{"href":"https:\/\/linitiative.ca\/International\/wp-json\/wp\/v2\/posts"}],"about":[{"href":"https:\/\/linitiative.ca\/International\/wp-json\/wp\/v2\/types\/post"}],"author":[{"embeddable":true,"href":"https:\/\/linitiative.ca\/International\/wp-json\/wp\/v2\/users\/1742"}],"replies":[{"embeddable":true,"href":"https:\/\/linitiative.ca\/International\/wp-json\/wp\/v2\/comments?post=89573"}],"version-history":[{"count":0,"href":"https:\/\/linitiative.ca\/International\/wp-json\/wp\/v2\/posts\/89573\/revisions"}],"wp:attachment":[{"href":"https:\/\/linitiative.ca\/International\/wp-json\/wp\/v2\/media?parent=89573"}],"wp:term":[{"taxonomy":"category","embeddable":true,"href":"https:\/\/linitiative.ca\/International\/wp-json\/wp\/v2\/categories?post=89573"},{"taxonomy":"post_tag","embeddable":true,"href":"https:\/\/linitiative.ca\/International\/wp-json\/wp\/v2\/tags?post=89573"}],"curies":[{"name":"wp","href":"https:\/\/api.w.org\/{rel}","templated":true}]}}