{"id":89575,"date":"2020-06-20T10:50:00","date_gmt":"2020-06-20T14:50:00","guid":{"rendered":"https:\/\/linitiative.ca\/International\/je-tiens-le-pouvoir-pour-responsable-sil-marrive-malheur\/"},"modified":"2020-06-20T10:50:00","modified_gmt":"2020-06-20T14:50:00","slug":"je-tiens-le-pouvoir-pour-responsable-sil-marrive-malheur","status":"publish","type":"post","link":"https:\/\/linitiative.ca\/International\/je-tiens-le-pouvoir-pour-responsable-sil-marrive-malheur\/","title":{"rendered":"\u00abJe tiens le pouvoir pour responsable s\u2019il m\u2019arrive malheur\u00bb"},"content":{"rendered":"<div id=\"originalText\" readability=\"62\">\n<p>La secr\u00e9taire g\u00e9n\u00e9rale du parti des travailleurs, Louisa Hanoune, a d\u00e9nonc\u00e9, ce samedi, une \u00abcabale\u00a0\u00bb men\u00e9e contre sa personne et son parti, \u00e0 travers une campagne de lynchage\u00a0\u00aborganis\u00e9e\u00bb et \u00absynchronis\u00e9e\u00bb d\u2019une part sur les r\u00e9seaux sociaux, et de l\u2019autre part sur les plateaux de la chaine priv\u00e9 El-Hayat\u00a0 TV, qu\u2019elle a cit\u00e9 nomm\u00e9ment, \u00e0 l\u2019occasion de la tenue de la r\u00e9union hebdomadaire du bureau politique du PT. \u00a0<\/p>\n<p>Louisa Hanoune trouve d\u2019abord \u00e0 ces \u00ab attaques abominables\u00a0\u00bb quelque chose de similaire \u00e0 l\u2019\u00abeffroyable\u00bb campagne de d\u00e9nigrement dont elle a fait l\u2019objet en 2015 et 2016, lorsqu\u2019elle s\u2019\u00e9tait jointe \u00e0 l\u2019initiative des 19 qui voulaient s\u2019assurer si Abdelaziz Bouteflika gouvernait r\u00e9ellement, mais aussi \u00e0 \u00abl\u2019entreprise calomnieuse\u00bb men\u00e9e contre elle par \u00able pouvoir 2019\u00bb pendant son emprisonnement.<\/p>\n<p>Et comme la SG du PT ne trouve rien de \u00abpolitique\u00bb \u00e0 ces attaques, plut\u00f4t une\u00a0 avalanche \u00abd\u2019insultes\u00bb et d\u2019\u00abinfamies\u00bb, elle consid\u00e8re que ses d\u00e9tracteurs \u00abjouissent d\u2019une impunit\u00e9\u00a0\u00bb et donc d\u2019une \u00abprotection quelque part\u00a0\u00bb.<\/p>\n<p>C\u2019est \u00e0 ce propos que, Louisa Hanoune, qui prend \u00e0 t\u00e9moin\u00a0l\u2019opinion publique, tiens \u00able pouvoir pour responsable\u00bb si malheur advient de sa personne.<\/p>\n<p class=\"c6\"><strong>R\u00e9daction Web<\/strong><\/p>\n<\/div>\n<div id=\"text_core\" readability=\"62\">\n<p>La secr\u00e9taire g\u00e9n\u00e9rale du parti des travailleurs, Louisa Hanoune, a d\u00e9nonc\u00e9, ce samedi, une \u00abcabale\u00a0\u00bb men\u00e9e contre sa personne et son parti, \u00e0 travers une campagne de lynchage\u00a0\u00aborganis\u00e9e\u00bb et \u00absynchronis\u00e9e\u00bb d\u2019une part sur les r\u00e9seaux sociaux, et de l\u2019autre part sur les plateaux de la chaine priv\u00e9 El-Hayat\u00a0 TV, qu\u2019elle a cit\u00e9 nomm\u00e9ment, \u00e0 l\u2019occasion de la tenue de la r\u00e9union hebdomadaire du bureau politique du PT. \u00a0<\/p>\n<p>Louisa Hanoune trouve d\u2019abord \u00e0 ces \u00ab attaques abominables\u00a0\u00bb quelque chose de similaire \u00e0 l\u2019\u00abeffroyable\u00bb campagne de d\u00e9nigrement dont elle a fait l\u2019objet en 2015 et 2016, lorsqu\u2019elle s\u2019\u00e9tait jointe \u00e0 l\u2019initiative des 19 qui voulaient s\u2019assurer si Abdelaziz Bouteflika gouvernait r\u00e9ellement, mais aussi \u00e0 \u00abl\u2019entreprise calomnieuse\u00bb men\u00e9e contre elle par \u00able pouvoir 2019\u00bb pendant son emprisonnement.<\/p>\n<p>Et comme la SG du PT ne trouve rien de \u00abpolitique\u00bb \u00e0 ces attaques, plut\u00f4t une\u00a0 avalanche \u00abd\u2019insultes\u00bb et d\u2019\u00abinfamies\u00bb, elle consid\u00e8re que ses d\u00e9tracteurs \u00abjouissent d\u2019une impunit\u00e9\u00a0\u00bb et donc d\u2019une \u00abprotection quelque part\u00a0\u00bb.<\/p>\n<p>C\u2019est \u00e0 ce propos que, Louisa Hanoune, qui prend \u00e0 t\u00e9moin\u00a0l\u2019opinion publique, tiens \u00able pouvoir pour responsable\u00bb si malheur advient de sa personne.<\/p>\n<p class=\"c6\"><strong>R\u00e9daction Web<\/strong><\/p>\n<\/div>\n<p>Auteur:<br \/>\n<a href=\"https:\/\/www.liberte-algerie.com\/actualite\/je-tiens-le-pouvoir-pour-responsable-sil-marrive-malheur-340595\">Cliquez ici pour lire l&rsquo;article depuis sa source.<\/a><\/p>\n","protected":false},"excerpt":{"rendered":"<p>La secr\u00e9taire g\u00e9n\u00e9rale du parti des travailleurs, Louisa Hanoune, a d\u00e9nonc\u00e9, ce samedi, une \u00abcabale\u00a0\u00bb men\u00e9e contre sa personne et son parti, \u00e0 travers une campagne de lynchage\u00a0\u00aborganis\u00e9e\u00bb et \u00absynchronis\u00e9e\u00bb d\u2019une part sur les r\u00e9seaux sociaux, et de l\u2019autre part sur les plateaux de la chaine priv\u00e9 El-Hayat\u00a0 TV, qu\u2019elle a cit\u00e9 nomm\u00e9ment, \u00e0 l\u2019occasion [&hellip;]<\/p>\n","protected":false},"author":1742,"featured_media":0,"comment_status":"closed","ping_status":"closed","sticky":false,"template":"","format":"standard","meta":{"fifu_image_url":"","fifu_image_alt":"","footnotes":""},"categories":[73,53],"tags":[],"class_list":["post-89575","post","type-post","status-publish","format-standard","hentry","category-actualite","category-algerie"],"_links":{"self":[{"href":"https:\/\/linitiative.ca\/International\/wp-json\/wp\/v2\/posts\/89575","targetHints":{"allow":["GET"]}}],"collection":[{"href":"https:\/\/linitiative.ca\/International\/wp-json\/wp\/v2\/posts"}],"about":[{"href":"https:\/\/linitiative.ca\/International\/wp-json\/wp\/v2\/types\/post"}],"author":[{"embeddable":true,"href":"https:\/\/linitiative.ca\/International\/wp-json\/wp\/v2\/users\/1742"}],"replies":[{"embeddable":true,"href":"https:\/\/linitiative.ca\/International\/wp-json\/wp\/v2\/comments?post=89575"}],"version-history":[{"count":0,"href":"https:\/\/linitiative.ca\/International\/wp-json\/wp\/v2\/posts\/89575\/revisions"}],"wp:attachment":[{"href":"https:\/\/linitiative.ca\/International\/wp-json\/wp\/v2\/media?parent=89575"}],"wp:term":[{"taxonomy":"category","embeddable":true,"href":"https:\/\/linitiative.ca\/International\/wp-json\/wp\/v2\/categories?post=89575"},{"taxonomy":"post_tag","embeddable":true,"href":"https:\/\/linitiative.ca\/International\/wp-json\/wp\/v2\/tags?post=89575"}],"curies":[{"name":"wp","href":"https:\/\/api.w.org\/{rel}","templated":true}]}}