{"id":89580,"date":"2020-06-20T07:46:06","date_gmt":"2020-06-20T11:46:06","guid":{"rendered":"https:\/\/linitiative.ca\/International\/les-nouveaux-adouls-pretent-serment-devant-la-cour-dappel\/"},"modified":"2020-06-20T07:46:06","modified_gmt":"2020-06-20T11:46:06","slug":"les-nouveaux-adouls-pretent-serment-devant-la-cour-dappel","status":"publish","type":"post","link":"https:\/\/linitiative.ca\/International\/les-nouveaux-adouls-pretent-serment-devant-la-cour-dappel\/","title":{"rendered":"Les nouveaux adouls pr\u00eatent serment devant la Cour d\u2019Appel"},"content":{"rendered":"<div readability=\"37\">\n<p>Marrakech \u2013 Les nouveaux adouls de la promotion 2018 ont pr\u00eat\u00e9 serment, r\u00e9cemment, devant la Cour d\u2019Appel de Marrakech, conform\u00e9ment aux dispositions de l\u2019article 10 de la loi relative \u00e0 la profession.<\/p>\n<\/div>\n<div readability=\"108\">\n<p>La c\u00e9r\u00e9monie de prestation de serment, pr\u00e9sid\u00e9e par le premier pr\u00e9sident de la Cour d\u2019Appel de la cit\u00e9 ocre, Ahmed Nahid, intervient apr\u00e8s que les nouveaux laur\u00e9ats ayant rejoint le Conseil R\u00e9gional des Adouls de la circonscription de la ladite juridiction ont rempli les conditions l\u00e9gales pour exercer la profession au terme d\u2019une ann\u00e9e de formation.<\/p>\n<p>Cette promotion, compos\u00e9e de 80 nouveaux adouls, comprend pour la premi\u00e8re fois des femmes, apr\u00e8s l\u2019ouverture de cette profession \u00e0 la gente f\u00e9minine, dans le cadre de la strat\u00e9gie mise en place pour son int\u00e9gration dans les m\u00e9tiers de la justice.<\/p>\n<p>La c\u00e9r\u00e9monie s\u2019est d\u00e9roul\u00e9e dans le strict respect des mesures pr\u00e9ventives pr\u00e9conis\u00e9es pour la lutte contre la pand\u00e9mie du Covid-19, les nouveaux adouls ayant \u00e9t\u00e9 divis\u00e9s en trois groupes pour pr\u00eater serment.<\/p>\n<p>S\u2019exprimant \u00e0 cette occasion, le pr\u00e9sident du Conseil R\u00e9gional des Adouls dans la circonscription de la Cour d\u2019appel de Marrakech, Mohamed Amaidi, a soulign\u00e9 que la profession fait face \u00e0 de grands d\u00e9fis et enjeux, notamment en cette conjoncture exceptionnelle que traverse le Royaume en raison des effets du nouveau coronavirus.<\/p>\n<p>Et d\u2019ajouter que cette pand\u00e9mie a acc\u00e9l\u00e9r\u00e9 le recours \u00e0 l\u2019espace num\u00e9rique et impos\u00e9 \u00e0 tous les secteurs d\u2019inscrire parmi leurs priorit\u00e9s l\u2019adoption rapide de cet outil digital.<\/p>\n<p>\u00ab\u00a0Notre profession a besoin aujourd\u2019hui d\u2019\u00eatre dot\u00e9e des moyens lui permettant d\u2019acc\u00e9der \u00e0 cet espace et d\u2019une refonte profonde et globale afin de continuer \u00e0 s\u2019acquitter pleinement de son r\u00f4le conform\u00e9ment aux objectifs de la r\u00e9forme du syst\u00e8me judiciaire\u00a0\u00bb, a-t-il expliqu\u00e9.<\/p>\n<p>Il a, dans la foul\u00e9e, soulign\u00e9 que \u00ab\u00a0la d\u00e9cision historique\u00a0\u00bb de SM le Roi Mohammed VI autorisant les femmes \u00e0 exercer la profession d\u2019adoul, r\u00e9serv\u00e9e jusque-l\u00e0 aux hommes, rev\u00eat une signification profonde et constitue un signal fort quant \u00e0 la n\u00e9cessit\u00e9 du d\u00e9veloppement et de la r\u00e9forme de la profession afin d\u2019accompagner le chantier de modernisation.<\/p>\n<p>A travers cette initiative, SM le Roi a ainsi donn\u00e9 corps aux dispositions de l\u2019article 19 de la Constitution, surtout dans son volet relatif \u00e0 l\u2019\u00e9galit\u00e9 homme-femme, a soutenu M. Amaidi.<\/p>\n<p>Le deuxi\u00e8me volet de la r\u00e9forme rel\u00e8ve des comp\u00e9tences du gouvernement et de l\u2019institution l\u00e9gislative, \u00e0 travers la mise en oeuvre des dispositions de la Loi fondamentale, notamment en termes d\u2019\u00e9galit\u00e9 des chances, de lutte contre la discrimination et de respect des recommandations du chantier de la r\u00e9forme du syst\u00e8me judiciaire, a-t-il encha\u00een\u00e9, mettant en avant la Haute Sollicitude dont le Souverain, \u00e0 l\u2019instar de Ses glorieux anc\u00eatres, ne cesse d\u2019entourer cette profession, tout en veillant \u00e0 sa r\u00e9forme.<\/p>\n<p>M. Amaidi a, en outre, appel\u00e9 les nouveaux laur\u00e9ats \u00e0 accompagner les d\u00e9veloppements survenus sur les sc\u00e8nes nationale et internationale, \u00e0 oeuver en vue d\u2019apporter de la valeur ajout\u00e9e, \u00e0 faire preuve de discipline et \u00e0 rester attach\u00e9s \u00e0 l\u2019\u00e9thique et aux traditions de la profession, afin de s\u2019acquitter pleinement de leur mission et d\u2019offrir de nobles services au pays \u00e0 m\u00eame de garantir la stabilit\u00e9 des transactions, pr\u00e9server la s\u00e9curit\u00e9 familiale et contractuelle et am\u00e9liorer le climat d\u2019investissement dans le Royaume.<\/p>\n<\/div>\n<p>Auteur: Meriem IGASS<br \/>\n<a href=\"http:\/\/www.mapmarrakech.ma\/fr\/les-nouveaux-adouls-pretent-serment-devant-la-cour-dappel\/\">Cliquez ici pour lire l&rsquo;article depuis sa source.<\/a><\/p>\n","protected":false},"excerpt":{"rendered":"<p>Marrakech \u2013 Les nouveaux adouls de la promotion 2018 ont pr\u00eat\u00e9 serment, r\u00e9cemment, devant la Cour d\u2019Appel de Marrakech, conform\u00e9ment aux dispositions de l\u2019article 10 de la loi relative \u00e0 la profession. La c\u00e9r\u00e9monie de prestation de serment, pr\u00e9sid\u00e9e par le premier pr\u00e9sident de la Cour d\u2019Appel de la cit\u00e9 ocre, Ahmed Nahid, intervient apr\u00e8s [&hellip;]<\/p>\n","protected":false},"author":1788,"featured_media":0,"comment_status":"closed","ping_status":"closed","sticky":false,"template":"","format":"standard","meta":{"fifu_image_url":"","fifu_image_alt":"","footnotes":""},"categories":[54,76],"tags":[],"class_list":["post-89580","post","type-post","status-publish","format-standard","hentry","category-maroc","category-regions"],"_links":{"self":[{"href":"https:\/\/linitiative.ca\/International\/wp-json\/wp\/v2\/posts\/89580","targetHints":{"allow":["GET"]}}],"collection":[{"href":"https:\/\/linitiative.ca\/International\/wp-json\/wp\/v2\/posts"}],"about":[{"href":"https:\/\/linitiative.ca\/International\/wp-json\/wp\/v2\/types\/post"}],"author":[{"embeddable":true,"href":"https:\/\/linitiative.ca\/International\/wp-json\/wp\/v2\/users\/1788"}],"replies":[{"embeddable":true,"href":"https:\/\/linitiative.ca\/International\/wp-json\/wp\/v2\/comments?post=89580"}],"version-history":[{"count":0,"href":"https:\/\/linitiative.ca\/International\/wp-json\/wp\/v2\/posts\/89580\/revisions"}],"wp:attachment":[{"href":"https:\/\/linitiative.ca\/International\/wp-json\/wp\/v2\/media?parent=89580"}],"wp:term":[{"taxonomy":"category","embeddable":true,"href":"https:\/\/linitiative.ca\/International\/wp-json\/wp\/v2\/categories?post=89580"},{"taxonomy":"post_tag","embeddable":true,"href":"https:\/\/linitiative.ca\/International\/wp-json\/wp\/v2\/tags?post=89580"}],"curies":[{"name":"wp","href":"https:\/\/api.w.org\/{rel}","templated":true}]}}