{"id":89581,"date":"2020-06-20T08:22:25","date_gmt":"2020-06-20T12:22:25","guid":{"rendered":"https:\/\/linitiative.ca\/International\/youssoufia-une-mobilisation-exemplaire-anti-covid-19\/"},"modified":"2020-06-20T08:22:25","modified_gmt":"2020-06-20T12:22:25","slug":"youssoufia-une-mobilisation-exemplaire-anti-covid-19","status":"publish","type":"post","link":"https:\/\/linitiative.ca\/International\/youssoufia-une-mobilisation-exemplaire-anti-covid-19\/","title":{"rendered":"Youssoufia: Une mobilisation exemplaire anti-Covid 19"},"content":{"rendered":"<p><iframe loading=\"lazy\" width=\"1170\" height=\"658\" src=\"https:\/\/www.youtube.com\/embed\/qMkb6CPBBec?feature=oembed\" frameborder=\"0\" allow=\"accelerometer; autoplay; encrypted-media; gyroscope; picture-in-picture\" allowfullscreen=\"\">[embedded content]<\/iframe><\/p>\n<div class=\"single-post-excerpt post-excerpt-bc\" readability=\"37\">\n<p>La province de Youssoufia, rest\u00e9e indemne de tout cas de contamination au nouveau coronavirus depuis le d\u00e9clenchement de cette pand\u00e9mie sanitaire, a su donner l\u2019exemple en mati\u00e8re d\u2019engagement exemplaire et de respect scrupuleux des mesures pr\u00e9ventives et proactives destin\u00e9es \u00e0 enrayer la Covid-19.<\/p>\n<\/div>\n<p>Auteur: Meriem IGASS<br \/>\n<a href=\"http:\/\/www.mapmarrakech.ma\/fr\/youssoufia-une-mobilisation-exemplaire-anti-covid-19-2\/\">Cliquez ici pour lire l&rsquo;article depuis sa source.<\/a><\/p>\n","protected":false},"excerpt":{"rendered":"<p>[embedded content] La province de Youssoufia, rest\u00e9e indemne de tout cas de contamination au nouveau coronavirus depuis le d\u00e9clenchement de cette pand\u00e9mie sanitaire, a su donner l\u2019exemple en mati\u00e8re d\u2019engagement exemplaire et de respect scrupuleux des mesures pr\u00e9ventives et proactives destin\u00e9es \u00e0 enrayer la Covid-19. Auteur: Meriem IGASS Cliquez ici pour lire l&rsquo;article depuis sa [&hellip;]<\/p>\n","protected":false},"author":1788,"featured_media":0,"comment_status":"closed","ping_status":"closed","sticky":false,"template":"","format":"standard","meta":{"fifu_image_url":"","fifu_image_alt":"","footnotes":""},"categories":[54,76],"tags":[],"class_list":["post-89581","post","type-post","status-publish","format-standard","hentry","category-maroc","category-regions"],"_links":{"self":[{"href":"https:\/\/linitiative.ca\/International\/wp-json\/wp\/v2\/posts\/89581","targetHints":{"allow":["GET"]}}],"collection":[{"href":"https:\/\/linitiative.ca\/International\/wp-json\/wp\/v2\/posts"}],"about":[{"href":"https:\/\/linitiative.ca\/International\/wp-json\/wp\/v2\/types\/post"}],"author":[{"embeddable":true,"href":"https:\/\/linitiative.ca\/International\/wp-json\/wp\/v2\/users\/1788"}],"replies":[{"embeddable":true,"href":"https:\/\/linitiative.ca\/International\/wp-json\/wp\/v2\/comments?post=89581"}],"version-history":[{"count":0,"href":"https:\/\/linitiative.ca\/International\/wp-json\/wp\/v2\/posts\/89581\/revisions"}],"wp:attachment":[{"href":"https:\/\/linitiative.ca\/International\/wp-json\/wp\/v2\/media?parent=89581"}],"wp:term":[{"taxonomy":"category","embeddable":true,"href":"https:\/\/linitiative.ca\/International\/wp-json\/wp\/v2\/categories?post=89581"},{"taxonomy":"post_tag","embeddable":true,"href":"https:\/\/linitiative.ca\/International\/wp-json\/wp\/v2\/tags?post=89581"}],"curies":[{"name":"wp","href":"https:\/\/api.w.org\/{rel}","templated":true}]}}