{"id":89582,"date":"2020-06-20T08:43:53","date_gmt":"2020-06-20T12:43:53","guid":{"rendered":"https:\/\/linitiative.ca\/International\/handicap-vers-le-financement-de-57-projets-generateurs-de-revenus\/"},"modified":"2020-06-20T08:43:53","modified_gmt":"2020-06-20T12:43:53","slug":"handicap-vers-le-financement-de-57-projets-generateurs-de-revenus","status":"publish","type":"post","link":"https:\/\/linitiative.ca\/International\/handicap-vers-le-financement-de-57-projets-generateurs-de-revenus\/","title":{"rendered":"Handicap: Vers le financement de 57 projets g\u00e9n\u00e9rateurs de revenus"},"content":{"rendered":"<div readability=\"39\">\n<p>Safi \u2013 Quelque 57 projets g\u00e9n\u00e9rateurs de revenus au profit des personnes en situation de handicap issues de la province de Safi b\u00e9n\u00e9ficieront, dans les prochains jours, du financement et de l\u2019accompagnement, a indiqu\u00e9 le d\u00e9l\u00e9gu\u00e9 provincial de l\u2019Entraide Nationale, Abdelhakim La\u00e2marti.<\/p>\n<\/div>\n<div readability=\"75\">\n<p>Ces Activit\u00e9s G\u00e9n\u00e9ratrices de Revenu (AGR) visent \u00e0 faciliter l\u2019autonomie et l\u2019insertion socio-\u00e9conomique des personnes en situation de handicap et leur garantir des revenus stables, a-t-il relev\u00e9 dans une d\u00e9claration \u00e0 la MAP, en marge de la c\u00e9r\u00e9monie de remise de ch\u00e8ques, d\u2019une valeur totale de pr\u00e8s de 500.000 DH, au profit d\u2019une premi\u00e8re tranche compos\u00e9e de 11 porteurs de projets g\u00e9n\u00e9rateurs de revenus.<\/p>\n<p>Dans ce contexte, M. La\u00e2marti a relev\u00e9 que ces projets g\u00e9n\u00e9rateurs de revenus s\u2019assignent pour objectifs de mettre les personnes en situation de handicap au c\u0153ur du d\u00e9veloppement socio-\u00e9conomique que connait le Maroc.<\/p>\n<p>Cette op\u00e9ration s\u2019inscrit dans le cadre de la mise en \u0153uvre des services du Fonds d\u2019appui \u00e0 la coh\u00e9sion sociale notamment le volet relatif au handicap, \u00e0 travers la r\u00e9alisation d\u2019une nouvelle g\u00e9n\u00e9ration de structures sociales baptis\u00e9es \u00ab\u00a0Centres d\u2019orientation des personnes en situation de handicap\u00a0\u00bb, a-t-il expliqu\u00e9.<\/p>\n<p>La mission de ces Centres consiste \u00e0 pr\u00e9senter des aides financi\u00e8res aux personnes en situation de handicap et des aides techniques sous forme de chaises roulantes, de proth\u00e8ses entre autres, outre le soutien \u00e0 l\u2019enseignement au profit de cette frange de la soci\u00e9t\u00e9, a-t-il insist\u00e9.<\/p>\n<p>La c\u00e9r\u00e9monie de remise de ch\u00e8ques au profit des porteurs de projets g\u00e9n\u00e9rateurs de revenus s\u2019est d\u00e9roul\u00e9e en marge de la r\u00e9union du Comit\u00e9 provincial de d\u00e9veloppement humain (CPDH), pr\u00e9sid\u00e9e par le gouverneur de la province de Safi, Lahoucine Chaynane.<\/p>\n<p>A rappeler que cette premi\u00e8re tranche sera suivie dans les prochains jours par une deuxi\u00e8me op\u00e9ration qui concernera 46 autres projets au profit des personnes en situation de handicap.<\/p>\n<p>Supervis\u00e9e par l\u2019Entraide nationale, cette op\u00e9ration est men\u00e9e en collaboration avec plusieurs partenaires, dont l\u2019Agence Nationale de Promotion de l\u2019Emploi et des Comp\u00e9tences (ANAPEC), qui assure le conseil, l\u2019orientation et l\u2019accompagnement.<\/p>\n<\/div>\n<p>Auteur: Meriem IGASS<br \/>\n<a href=\"http:\/\/www.mapmarrakech.ma\/fr\/handicap-vers-le-financement-de-57-projets-generateurs-de-revenus\/\">Cliquez ici pour lire l&rsquo;article depuis sa source.<\/a><\/p>\n","protected":false},"excerpt":{"rendered":"<p>Safi \u2013 Quelque 57 projets g\u00e9n\u00e9rateurs de revenus au profit des personnes en situation de handicap issues de la province de Safi b\u00e9n\u00e9ficieront, dans les prochains jours, du financement et de l\u2019accompagnement, a indiqu\u00e9 le d\u00e9l\u00e9gu\u00e9 provincial de l\u2019Entraide Nationale, Abdelhakim La\u00e2marti. Ces Activit\u00e9s G\u00e9n\u00e9ratrices de Revenu (AGR) visent \u00e0 faciliter l\u2019autonomie et l\u2019insertion socio-\u00e9conomique [&hellip;]<\/p>\n","protected":false},"author":1788,"featured_media":0,"comment_status":"closed","ping_status":"closed","sticky":false,"template":"","format":"standard","meta":{"fifu_image_url":"","fifu_image_alt":"","footnotes":""},"categories":[54,76],"tags":[],"class_list":["post-89582","post","type-post","status-publish","format-standard","hentry","category-maroc","category-regions"],"_links":{"self":[{"href":"https:\/\/linitiative.ca\/International\/wp-json\/wp\/v2\/posts\/89582","targetHints":{"allow":["GET"]}}],"collection":[{"href":"https:\/\/linitiative.ca\/International\/wp-json\/wp\/v2\/posts"}],"about":[{"href":"https:\/\/linitiative.ca\/International\/wp-json\/wp\/v2\/types\/post"}],"author":[{"embeddable":true,"href":"https:\/\/linitiative.ca\/International\/wp-json\/wp\/v2\/users\/1788"}],"replies":[{"embeddable":true,"href":"https:\/\/linitiative.ca\/International\/wp-json\/wp\/v2\/comments?post=89582"}],"version-history":[{"count":0,"href":"https:\/\/linitiative.ca\/International\/wp-json\/wp\/v2\/posts\/89582\/revisions"}],"wp:attachment":[{"href":"https:\/\/linitiative.ca\/International\/wp-json\/wp\/v2\/media?parent=89582"}],"wp:term":[{"taxonomy":"category","embeddable":true,"href":"https:\/\/linitiative.ca\/International\/wp-json\/wp\/v2\/categories?post=89582"},{"taxonomy":"post_tag","embeddable":true,"href":"https:\/\/linitiative.ca\/International\/wp-json\/wp\/v2\/tags?post=89582"}],"curies":[{"name":"wp","href":"https:\/\/api.w.org\/{rel}","templated":true}]}}