{"id":89583,"date":"2020-06-20T07:44:38","date_gmt":"2020-06-20T11:44:38","guid":{"rendered":"https:\/\/linitiative.ca\/International\/covid-19-le-transport-special-personnel-medical-reprend-samedi-a-14h00\/"},"modified":"2020-06-20T07:44:38","modified_gmt":"2020-06-20T11:44:38","slug":"covid-19-le-transport-special-personnel-medical-reprend-samedi-a-14h00","status":"publish","type":"post","link":"https:\/\/linitiative.ca\/International\/covid-19-le-transport-special-personnel-medical-reprend-samedi-a-14h00\/","title":{"rendered":"Covid-19: le transport sp\u00e9cial personnel m\u00e9dical reprend samedi \u00e0 14h00  \u00a0"},"content":{"rendered":"<p><span class=\"sp-nh-title\">Football: trois projets de r\u00e9organisation des championnats dames \u00e0 l&rsquo;\u00e9tude<\/span> &#8211; <span class=\"sp-nh-date\">samedi 20 juin 2020 18:36<\/span><\/p>\n<p><span class=\"sp-nh-title\">Formation des jeunes porteurs de projets pour cr\u00e9er des entreprises v\u00e9ritables\u00a0<\/span> &#8211; <span class=\"sp-nh-date\">samedi 20 juin 2020 18:16<\/span><\/p>\n<p><span class=\"sp-nh-title\">R\u00e9vision de la Constitution : Le PVP plaide pour une Constitution qui r\u00e9ponde aux aspirations du peuple<\/span> &#8211; <span class=\"sp-nh-date\">samedi 20 juin 2020 18:14<\/span><\/p>\n<p><span class=\"sp-nh-title\">Tizi-Ouzou: le festival Raconte-arts report\u00e9 \u00e0 cause de la pand\u00e9mie du coronavirus<\/span> &#8211; <span class=\"sp-nh-date\">samedi 20 juin 2020 17:51<\/span><\/p>\n<p><span class=\"sp-nh-title\">Plusieurs taxes et amendes pour alimenter le Fonds de l&rsquo;environnement et du littoral\u00a0<\/span> &#8211; <span class=\"sp-nh-date\">samedi 20 juin 2020 17:31<\/span><\/p>\n<p><span class=\"sp-nh-title\">Covid-19: l\u2019UA ouvre une pharmacie en ligne pour des fournitures m\u00e9dicales<\/span> &#8211; <span class=\"sp-nh-date\">samedi 20 juin 2020 17:20<\/span><\/p>\n<p><span class=\"sp-nh-title\">Coronavirus: 127 nouveaux cas, 128 gu\u00e9risons et 12 d\u00e9c\u00e8s durant les derni\u00e8res 24h<\/span> &#8211; <span class=\"sp-nh-date\">samedi 20 juin 2020 17:14<\/span><\/p>\n<p><span class=\"sp-nh-title\">Le PLJ condamne les appels s\u00e9paratistes lanc\u00e9s par le d\u00e9nomm\u00e9 Ferhat Mehenni<\/span> &#8211; <span class=\"sp-nh-date\">samedi 20 juin 2020 17:10<\/span><\/p>\n<p><span class=\"sp-nh-title\">Plan national de jeunesse : le MJS re\u00e7oit un recueil de dix propositions<\/span> &#8211; <span class=\"sp-nh-date\">samedi 20 juin 2020 16:52<\/span><\/p>\n<p><span class=\"sp-nh-title\">Journ\u00e9e des r\u00e9fugi\u00e9s : l&rsquo;ONU appelle les pays \u00e0 faire preuve de solidarit\u00e9<\/span> &#8211; <span class=\"sp-nh-date\">samedi 20 juin 2020 16:42<\/span><\/p>\n<p><span class=\"sp-nh-title\">Education : lancement des rencontres avec les responsables d&rsquo;associations de parents d&rsquo;\u00e9l\u00e8ves<\/span> &#8211; <span class=\"sp-nh-date\">samedi 20 juin 2020 16:37<\/span><\/p>\n<p><span class=\"sp-nh-title\">Le Pr\u00e9sident Tebboune re\u00e7oit le pr\u00e9sident du Conseil pr\u00e9sidentiel du Gouvernement d&rsquo;entente nationale libyen<\/span> &#8211; <span class=\"sp-nh-date\">samedi 20 juin 2020 16:10<\/span><\/p>\n<p><span class=\"sp-nh-title\">Le pr\u00e9sident du Conseil pr\u00e9sidentiel du GNA libyen\u00a0en visite \u00e0 Alger<\/span> &#8211; <span class=\"sp-nh-date\">samedi 20 juin 2020 13:55<\/span><\/p>\n<p><span class=\"sp-nh-title\">Sahara occidental : le Groupe de soutien de Gen\u00e8ve d\u00e9nonce les entraves du Maroc au r\u00e9f\u00e9rendum d&rsquo;autod\u00e9termination<\/span> &#8211; <span class=\"sp-nh-date\">samedi 20 juin 2020 13:16<\/span><\/p>\n<p><span class=\"sp-nh-title\">Accidents de la circulation: 10 morts et 338 bless\u00e9s durant les derni\u00e8res 48 heures<\/span> &#8211; <span class=\"sp-nh-date\">samedi 20 juin 2020 13:13<\/span><\/p>\n<p><span class=\"sp-nh-title\">Ouargla : perspectives prometteuses pour le d\u00e9veloppement de l\u2019agroalimentaire \u00a0<\/span> &#8211; <span class=\"sp-nh-date\">samedi 20 juin 2020 13:03<\/span><\/p>\n<p><span class=\"sp-nh-title\">Secousse tellurique de magnitude 3,0 \u00e0 Batna<\/span> &#8211; <span class=\"sp-nh-date\">samedi 20 juin 2020 12:54<\/span><\/p>\n<p><span class=\"sp-nh-title\">Covid-19: le transport sp\u00e9cial personnel m\u00e9dical reprend samedi \u00e0 14h00 \u00a0<\/span> &#8211; <span class=\"sp-nh-date\">samedi 20 juin 2020 12:44<\/span><\/p>\n<p><span class=\"sp-nh-title\">EMS Champion Post Algeria remporte son deuxi\u00e8me troph\u00e9e international d\u00e9cern\u00e9 par l&rsquo;UPU<\/span> &#8211; <span class=\"sp-nh-date\">samedi 20 juin 2020 12:03<\/span><\/p>\n<p><span class=\"sp-nh-title\">Des appels pour une action de solidarit\u00e9 internationale en faveur des r\u00e9fugi\u00e9s sahraouis<\/span> &#8211; <span class=\"sp-nh-date\">samedi 20 juin 2020 10:08<\/span><\/p>\n<p>Auteur:<br \/>\n<a href=\"http:\/\/www.aps.dz\/regions\/106411-covid-19-le-transport-special-personnel-medical-reprend-samedi-a-14h00\">Cliquez ici pour lire l&rsquo;article depuis sa source.<\/a><\/p>\n","protected":false},"excerpt":{"rendered":"<p>Football: trois projets de r\u00e9organisation des championnats dames \u00e0 l&rsquo;\u00e9tude &#8211; samedi 20 juin 2020 18:36 Formation des jeunes porteurs de projets pour cr\u00e9er des entreprises v\u00e9ritables\u00a0 &#8211; samedi 20 juin 2020 18:16 R\u00e9vision de la Constitution : Le PVP plaide pour une Constitution qui r\u00e9ponde aux aspirations du peuple &#8211; samedi 20 juin 2020 [&hellip;]<\/p>\n","protected":false},"author":1790,"featured_media":0,"comment_status":"closed","ping_status":"closed","sticky":false,"template":"","format":"standard","meta":{"fifu_image_url":"","fifu_image_alt":"","footnotes":""},"categories":[53,76],"tags":[],"class_list":["post-89583","post","type-post","status-publish","format-standard","hentry","category-algerie","category-regions"],"_links":{"self":[{"href":"https:\/\/linitiative.ca\/International\/wp-json\/wp\/v2\/posts\/89583","targetHints":{"allow":["GET"]}}],"collection":[{"href":"https:\/\/linitiative.ca\/International\/wp-json\/wp\/v2\/posts"}],"about":[{"href":"https:\/\/linitiative.ca\/International\/wp-json\/wp\/v2\/types\/post"}],"author":[{"embeddable":true,"href":"https:\/\/linitiative.ca\/International\/wp-json\/wp\/v2\/users\/1790"}],"replies":[{"embeddable":true,"href":"https:\/\/linitiative.ca\/International\/wp-json\/wp\/v2\/comments?post=89583"}],"version-history":[{"count":0,"href":"https:\/\/linitiative.ca\/International\/wp-json\/wp\/v2\/posts\/89583\/revisions"}],"wp:attachment":[{"href":"https:\/\/linitiative.ca\/International\/wp-json\/wp\/v2\/media?parent=89583"}],"wp:term":[{"taxonomy":"category","embeddable":true,"href":"https:\/\/linitiative.ca\/International\/wp-json\/wp\/v2\/categories?post=89583"},{"taxonomy":"post_tag","embeddable":true,"href":"https:\/\/linitiative.ca\/International\/wp-json\/wp\/v2\/tags?post=89583"}],"curies":[{"name":"wp","href":"https:\/\/api.w.org\/{rel}","templated":true}]}}