{"id":89591,"date":"2020-06-20T10:32:00","date_gmt":"2020-06-20T14:32:00","guid":{"rendered":"https:\/\/linitiative.ca\/International\/une-mosaique\/"},"modified":"2020-06-20T10:32:00","modified_gmt":"2020-06-20T14:32:00","slug":"une-mosaique","status":"publish","type":"post","link":"https:\/\/linitiative.ca\/International\/une-mosaique\/","title":{"rendered":"Une mosa\u00efque\u2026"},"content":{"rendered":"<p><strong>Par Samia HARRAR<\/strong><\/p>\n<p><span class=\"c2\">Ce n\u2019est pas plus mal de relire l\u2019Histoire. C\u2019est encore mieux, de relire son histoire propre, afin de se la r\u00e9approprier. Pour comprendre, notamment, d\u2019o\u00f9 l\u2019on vient, pour d\u00e9cider o\u00f9, exactement, l\u2019on veut aller.<br \/>La campagne, pour le moins, insolite et incongrue, qui circulerait ces derniers jours sur \u00abTwitter\u00bb, visant \u00e0 exclure les pays du Maghreb, de ce que l\u2019on appelle commun\u00e9ment, le Monde arabe, devrait \u00eatre entendue comme ce qu\u2019elle est : une mani\u00e8re de diviser pour mieux r\u00e9gner. Mais aussi, comme une d\u00e9claration de \u00abguerre\u00bb, \u00e0 peine d\u00e9guis\u00e9e, \u00e0 l\u2019encontre de la Tunisie, de l\u2019Alg\u00e9rie, et du Maroc, plus sp\u00e9cifiquement, qui cacherait \u00e9galement, en la d\u00e9voilant en \u00abpalimpseste\u00bb, une haine de ce c\u00f4t\u00e9-ci, de la M\u00e9diterran\u00e9e, plut\u00f4t r\u00e9tif \u00e0 certains embrigadements, pour le moins \u00e9quivoques. La \u00abOumma\u00bb en question\u2026<br \/>Que faut-il en penser, s\u2019il faut s\u2019en offusquer ou s\u2019en r\u00e9jouir, et comment tout cela doit-il nous interpeller, ici en l\u2019occurrence, lors-m\u00eame que la Libye voisine est sur le point de se faire \u00ab \u00e9carteler \u00bb si ce n\u2019est d\u00e9j\u00e0 fait, voil\u00e0 sur quoi l\u2019on devrait se pencher, aujourd\u2019hui plus que jamais, pour saisir, en inversant les r\u00e8gles du jeu, cette mise \u00e0 \u00ab l\u2019\u00e9cart \u00bb, comme une seconde chance. Afin de consentir, au moment m\u00eame o\u00f9 la col\u00e8re, s\u2019il en est, ne jette son d\u00e9volu sur nous, en tant que Tunisiens, Maghr\u00e9bins, et Africains, de reprendre le chemin \u00e0 rebours, pour renouer, enfin, avec le sens des origines. Et comprendre pourquoi, cette diff\u00e9rence qui nourrit notre \u00absocle\u00bb commun et notre \u00abferment\u00bb, doit, au contraire, \u00eatre v\u00e9cue, comme une richesse. Un \u00abbutin de guerre\u00bb qui ne tarit jamais, et qui fonde notre identit\u00e9.<br \/>Nous n\u2019avons pas \u00e0 avoir honte. Nous n\u2019avons pas \u00e0 qu\u00e9mander, comme le ferait un \u00abmendiant\u00bb, notre part d\u2019arabit\u00e9 s\u2019il en est, comme nous ne devons pas avoir honte, de notre \u00abberb\u00e9rit\u00e9\u00bb.\u00a0 C\u2019est une part de nous-m\u00eames, que nous revendiquons d\u2019ailleurs, parce qu\u2019elle est profond\u00e9ment, enracin\u00e9e en nous, comme toutes les \u00ab strates \u00bb successives, qui ont fond\u00e9 notre identit\u00e9 de Tunisiens, ouverts sur le monde, dans sa multiplicit\u00e9, et refusant, en m\u00eame temps qu\u2019un enfermement, dans une composante de cette identit\u00e9, qui pourrait devenir \u00ab clivante \u00bb, et nous d\u00e9chirer, de \u00abparceller\u00bb la mosa\u00efque.<br \/>Il faut relire Ibn-Khouldoun et ses \u00abProl\u00e9gom\u00e8nes\u00bb, et il faut relire aussi, plus pr\u00e8s de chez nous: Albert Memmi. Les identit\u00e9s ne doivent jamais devenir meurtri\u00e8res\u2026<\/span><br \/>\u00a0<\/p>\n<p>Auteur: letemps1<br \/>\n<a href=\"http:\/\/www.letemps.com.tn\/article\/115010\/une-mosa%C3%AFque%E2%80%A6\">Cliquez ici pour lire l&rsquo;article depuis sa source.<\/a><\/p>\n","protected":false},"excerpt":{"rendered":"<p>Par Samia HARRAR Ce n\u2019est pas plus mal de relire l\u2019Histoire. C\u2019est encore mieux, de relire son histoire propre, afin de se la r\u00e9approprier. Pour comprendre, notamment, d\u2019o\u00f9 l\u2019on vient, pour d\u00e9cider o\u00f9, exactement, l\u2019on veut aller.La campagne, pour le moins, insolite et incongrue, qui circulerait ces derniers jours sur \u00abTwitter\u00bb, visant \u00e0 exclure les [&hellip;]<\/p>\n","protected":false},"author":1773,"featured_media":0,"comment_status":"closed","ping_status":"closed","sticky":false,"template":"","format":"standard","meta":{"fifu_image_url":"","fifu_image_alt":"","footnotes":""},"categories":[73,55],"tags":[],"class_list":["post-89591","post","type-post","status-publish","format-standard","hentry","category-actualite","category-tunisie"],"_links":{"self":[{"href":"https:\/\/linitiative.ca\/International\/wp-json\/wp\/v2\/posts\/89591","targetHints":{"allow":["GET"]}}],"collection":[{"href":"https:\/\/linitiative.ca\/International\/wp-json\/wp\/v2\/posts"}],"about":[{"href":"https:\/\/linitiative.ca\/International\/wp-json\/wp\/v2\/types\/post"}],"author":[{"embeddable":true,"href":"https:\/\/linitiative.ca\/International\/wp-json\/wp\/v2\/users\/1773"}],"replies":[{"embeddable":true,"href":"https:\/\/linitiative.ca\/International\/wp-json\/wp\/v2\/comments?post=89591"}],"version-history":[{"count":0,"href":"https:\/\/linitiative.ca\/International\/wp-json\/wp\/v2\/posts\/89591\/revisions"}],"wp:attachment":[{"href":"https:\/\/linitiative.ca\/International\/wp-json\/wp\/v2\/media?parent=89591"}],"wp:term":[{"taxonomy":"category","embeddable":true,"href":"https:\/\/linitiative.ca\/International\/wp-json\/wp\/v2\/categories?post=89591"},{"taxonomy":"post_tag","embeddable":true,"href":"https:\/\/linitiative.ca\/International\/wp-json\/wp\/v2\/tags?post=89591"}],"curies":[{"name":"wp","href":"https:\/\/api.w.org\/{rel}","templated":true}]}}