{"id":89617,"date":"2020-06-20T06:00:00","date_gmt":"2020-06-20T10:00:00","guid":{"rendered":"https:\/\/linitiative.ca\/International\/la-parade-des-ecoles-privees\/"},"modified":"2020-06-20T06:00:00","modified_gmt":"2020-06-20T10:00:00","slug":"la-parade-des-ecoles-privees","status":"publish","type":"post","link":"https:\/\/linitiative.ca\/International\/la-parade-des-ecoles-privees\/","title":{"rendered":"La parade des \u00e9coles priv\u00e9es"},"content":{"rendered":"<p>Encourag\u00e9s par l&rsquo;inertie des pouvoirs publics, et apr\u00e8s avoir tent\u00e9, par tous les moyens, de faire payer aux parents les frais de scolarit\u00e9 du troisi\u00e8me trimestre qui n&rsquo;a jamais commenc\u00e9, les g\u00e9rants des \u00e9coles et cr\u00e8ches priv\u00e9es ont trouv\u00e9 la parade pour faire tout de m\u00eame payer plus aux parents. Ils ont tout simplement proc\u00e9d\u00e9 \u00e0 des augmentations substantielles des frais d&rsquo;inscription et des mensualit\u00e9s pour la prochaine rentr\u00e9e scolaire. Mettant ainsi les parents devant le fait accompli.<\/p>\n<p>Auteur:<br \/>\n<a href=\"https:\/\/www.lesoirdalgerie.com\/periscoop\/la-parade-des-ecoles-privees-43780\">Cliquez ici pour lire l&rsquo;article depuis sa source.<\/a><\/p>\n","protected":false},"excerpt":{"rendered":"<p>Encourag\u00e9s par l&rsquo;inertie des pouvoirs publics, et apr\u00e8s avoir tent\u00e9, par tous les moyens, de faire payer aux parents les frais de scolarit\u00e9 du troisi\u00e8me trimestre qui n&rsquo;a jamais commenc\u00e9, les g\u00e9rants des \u00e9coles et cr\u00e8ches priv\u00e9es ont trouv\u00e9 la parade pour faire tout de m\u00eame payer plus aux parents. Ils ont tout simplement proc\u00e9d\u00e9 [&hellip;]<\/p>\n","protected":false},"author":1741,"featured_media":0,"comment_status":"closed","ping_status":"closed","sticky":false,"template":"","format":"standard","meta":{"fifu_image_url":"","fifu_image_alt":"","footnotes":""},"categories":[73,53],"tags":[],"class_list":["post-89617","post","type-post","status-publish","format-standard","hentry","category-actualite","category-algerie"],"_links":{"self":[{"href":"https:\/\/linitiative.ca\/International\/wp-json\/wp\/v2\/posts\/89617","targetHints":{"allow":["GET"]}}],"collection":[{"href":"https:\/\/linitiative.ca\/International\/wp-json\/wp\/v2\/posts"}],"about":[{"href":"https:\/\/linitiative.ca\/International\/wp-json\/wp\/v2\/types\/post"}],"author":[{"embeddable":true,"href":"https:\/\/linitiative.ca\/International\/wp-json\/wp\/v2\/users\/1741"}],"replies":[{"embeddable":true,"href":"https:\/\/linitiative.ca\/International\/wp-json\/wp\/v2\/comments?post=89617"}],"version-history":[{"count":0,"href":"https:\/\/linitiative.ca\/International\/wp-json\/wp\/v2\/posts\/89617\/revisions"}],"wp:attachment":[{"href":"https:\/\/linitiative.ca\/International\/wp-json\/wp\/v2\/media?parent=89617"}],"wp:term":[{"taxonomy":"category","embeddable":true,"href":"https:\/\/linitiative.ca\/International\/wp-json\/wp\/v2\/categories?post=89617"},{"taxonomy":"post_tag","embeddable":true,"href":"https:\/\/linitiative.ca\/International\/wp-json\/wp\/v2\/tags?post=89617"}],"curies":[{"name":"wp","href":"https:\/\/api.w.org\/{rel}","templated":true}]}}