{"id":89626,"date":"2020-06-20T09:44:00","date_gmt":"2020-06-20T13:44:00","guid":{"rendered":"https:\/\/linitiative.ca\/International\/nomination-rafik-lahlou-integre-la-commission-communication-de-la-fiva\/"},"modified":"2020-06-20T09:44:00","modified_gmt":"2020-06-20T13:44:00","slug":"nomination-rafik-lahlou-integre-la-commission-communication-de-la-fiva","status":"publish","type":"post","link":"https:\/\/linitiative.ca\/International\/nomination-rafik-lahlou-integre-la-commission-communication-de-la-fiva\/","title":{"rendered":"Nomination\u00a0: Rafik Lahlou int\u00e8gre la Commission communication de la FIVA"},"content":{"rendered":"<p class=\"c10\"><strong>Excellente nouvelle\u00a0! Rafik Lahlou vient d\u2019\u00eatre nomm\u00e9 membre de la Commission communication (social media) de <a href=\"https:\/\/fiva.org\/fr\/\">la\u00a0F\u00e9d\u00e9ration Internationale des V\u00e9hicules Anciens\u00a0(FIVA),<\/a> une association de grande envergure qui n\u2019a d\u2019autres objectifs que de pr\u00e9server et de valoriser les v\u00e9hicules anciens de par le monde. Une nouvelle responsabilit\u00e9 pour l\u2019actuel\u00a0<em>vice<\/em>\u2013<em>pr\u00e9sident des Relations ext\u00e9rieures<\/em>\u00a0de l\u2019<em>Union Marocaine des<\/em>\u00a0Automobiles\u00a0<em>Anciennes (UMAA) qu\u2019il aura vraiment \u00e0 c\u0153ur de mener \u00e0 bien. \u00a0<\/em><\/strong><\/p>\n<div class=\"c11\"\/>\n<p class=\"c10\">En \u00e9troite collaboration avec l\u2019ensemble des services de la FIVA,\u00a0Rafik Lahlou<strong>\u00a0<\/strong>contribuera au sein de cette Commission communication \u00e0 am\u00e9liorer la visibilit\u00e9 de la F\u00e9d\u00e9ration aupr\u00e8s des m\u00e9dias, du public et des parties prenantes. Il entend \u00e9galement promouvoir le Maroc \u00e0 l\u2019international comme \u00e9tant une terre de culture automobile de longue date qui compte \u00e0 ce jour de fervents d\u00e9fenseurs et autres passionn\u00e9s en mati\u00e8re de v\u00e9hicules d\u2019\u00e9poque. Par ailleurs, il contribuera, toujours au sein de la FIVA, d\u2019un point de vue r\u00e9dactionnel \u00e0 l\u2019\u00e9laboration de sujets li\u00e9s \u00e0 l\u2019automobile ancienne dans le monde, mais \u00e9galement au Maroc. Faut-il souligner que cette Commission communication compte plusieurs membres \u00e9manant de nombreux pays du globe dont la France, l\u2019Allemagne, le Canada, la Hollande, l\u2019Italie, l\u2019Inde, la Roumanie ou encore le Maroc\u2026\u00a0<em>\u00abC\u2019est avec fiert\u00e9 pour mon pays et avec passion pour la culture automobile qui me tient vraiment \u00e0 c\u0153ur que j\u2019ai accept\u00e9 cette nomination\u00bb,<\/em>\u00a0nous a d\u00e9clar\u00e9 Rafik Lahlou. Et d\u2019ajouter\u00a0:\u00a0<em>\u00abelle constitue le prolongement de notre engagement de longue date pour la pr\u00e9servation et pour la valorisation du patrimoine automobile national, une mission que nous menons \u00e0 bien et en bonne synergie au sein de l\u2019UMAA, cr\u00e9\u00e9e sous\u00a0l\u2019impulsion<strong>\u00a0<\/strong>de\u00a0<\/em><em>Abdellah Abdellaoui\u00bb.<\/em><\/p>\n<p><strong>Lire aussi |<a href=\"https:\/\/www.challenge.ma\/tourisme-les-entreprises-de-voyage-lancent-un-sos-145509\/\">Les Entreprises de Voyage lancent un SOS\u00a0<\/a><\/strong><\/p>\n<p class=\"c10\">N\u00e9e en 1966, la FIVA est une association internationale \u00e0 but non lucratif qui entend soutenir la pr\u00e9servation, la restauration, l\u2019utilisation et la culture des v\u00e9hicules anciens \u00e0 moteur, et ce, \u00e0 l\u2019\u00e9chelon de la plan\u00e8te. Elle d\u00e9fend \u00e9galement les int\u00e9r\u00eats des propri\u00e9taires de v\u00e9hicules historiques. Repr\u00e9sent\u00e9e dans plus de 60 pays, elle compte \u00e0 ce jour pr\u00e8s de 2 millions de membres et se voit \u00e9paul\u00e9e dans ses multiples activit\u00e9s par un grand nombre d\u2019op\u00e9rateurs professionnels et d\u2019agences internationales, dont l\u2019UNESCO, la fameuse Organisation des Nations unies pour l\u2019\u00e9ducation, la science et la culture. La FIVA qui promeut l\u2019automobile d\u2019\u00e9poque \u00e0 travers des \u00e9v\u00e9nements internationaux, des expositions et autres Salons automobiles, des forums et des s\u00e9minaires. Rappelons que la FIVA a toujours tiss\u00e9 avec le Royaume d\u2019excellentes relations, apportant son soutien en termes de promotion \u00e0 plusieurs \u00e9v\u00e9nements li\u00e9s \u00e0 l\u2019automobile d\u2019\u00e9poque, dont le Rallye Maroc Classic, initi\u00e9 par le regrett\u00e9 Jean-Fran\u00e7ois Rageys, un ind\u00e9fectible passionn\u00e9 de l\u2019automobile et du Maroc.<\/p>\n<p class=\"c10\"><strong>Rafik Lahlou, son parcours<\/strong><strong>\u00a0<\/strong><\/p>\n<p class=\"c10\">V\u00e9ritable touche-\u00e0-tout de par ses multiples activit\u00e9s au sein du Groupe m\u00e9dia familial, Rafik Lahlou est avant tout un inconditionnel de l\u2019automobile. Une passion qu\u2019il nourrit d\u00e8s son plus jeune \u00e2ge. Dipl\u00f4me de Bachelor en management obtenu aux \u00c9tats-Unis, il d\u00e9cida de faire un crochet en Suisse au sein de l\u2019\u00e9cole du c\u00e9l\u00e8bre designer automobile Franco Sbarro pour y entamer un cycle de formation. De retour au Maroc en 2001 apr\u00e8s avoir pass\u00e9 six ans chez Philip Morris International dans plusieurs continents, ses premiers pas dans le monde de l\u2019entrepreneuriat lui ont permis d\u2019\u00e9voluer dans le milieu qu\u2019il affectionne\u00a0; \u00e0 savoir celui de l\u2019automobile. Conscient du d\u00e9veloppement des nouvelles technologies de l\u2019information, via le r\u00e9seau Internet, il fut le premier en Afrique \u00e0 cr\u00e9er un site web consacr\u00e9 exclusivement \u00e0 l\u2019automobile et \u00e0 son environnement courant 2000, \u00e0 savoir\u00a0<a href=\"http:\/\/tomobile.net\/\" data-saferedirecturl=\"https:\/\/www.google.com\/url?q=http:\/\/tomobile.net&amp;source=gmail&amp;ust=1592146869157000&amp;usg=AFQjCNFvB9uqMRh9__DBjzU3BYLtIBGgew\">tomobile.net<\/a> Fondateur et Directeur de r\u00e9daction de plusieurs\u00a0publications au sein du Groupe Les \u00c9ditions de la Gazette, dont VH Magazine et Challenge, il n\u2019a eu de cesse d\u2019y faire partager son amour de l\u2019automobile \u00e0 travers de nombreuses rubriques d\u00e9di\u00e9es.<\/p>\n<p class=\"c10\">Ses rencontres avec d\u2019\u00e9minentes personnalit\u00e9s lors d\u2019\u00e9v\u00e9nements nationaux et internationaux en tout genre, sa participation \u00e0 plus d\u2019une centaine d\u2019essais automobiles \u00e0 travers les cinq continents durant les quinze derni\u00e8res ann\u00e9es ont fait de lui une personnalit\u00e9 tr\u00e8s exp\u00e9riment\u00e9e, reconnue et appr\u00e9ci\u00e9e du monde l\u2019automobile dans le Royaume. Autre fait d\u2019armes, et non des moindres, qui atteste de son ind\u00e9fectible amour de l\u2019automobile, l\u2019ouverture en 2008, avec son complice Abdelmajid Alaoui, du garage RM Automobiles Classiques, la premi\u00e8re structure marocaine sp\u00e9cialis\u00e9e dans l\u2019importation et la restauration de voitures de collection. Aussi, la passion que nourrit Rafik Lahlou \u00e0 l\u2019\u00e9gard de l\u2019automobile s\u2019est traduite au fil du temps par\u00a0ses nombreuses participations au volant de v\u00e9hicules historiques lors du prestigieux Rallye Maroc Classic. Il a \u00e9t\u00e9 \u00e9galement le co-fondateur en 2013 de la F\u00e9d\u00e9ration Royale Marocaine des V\u00e9hicules d\u2019\u00c9poque. Son irr\u00e9sistible envie de pr\u00e9server le patrimoine national automobile l\u2019a pouss\u00e9 \u00e0 co-organiser le Rallye de la Marche Verte en 2015 et le premier raid Auto Moto Classic en 2016.<\/p>\n<p><strong>Lire aussi | <a href=\"https:\/\/www.challenge.ma\/controle-technique-et-immatriculation-la-narsa-deploie-un-inedit-plan-daction-144381\/\"><span class=\"c12\">Contr\u00f4le technique et immatriculation : La Narsa d\u00e9ploie un in\u00e9dit plan d\u2019action<\/span><\/a><\/strong><\/p>\n<p class=\"c10\">Sa volont\u00e9 farouche de contribuer \u00e0 la pr\u00e9servation et \u00e0 la valorisation du patrimoine automobile national l\u2019a pouss\u00e9 \u00e0 prendre part courant 2018 \u00e0 la cr\u00e9ation de l\u2019Union Marocaine des Automobiles Anciennes (l\u2019UMAA) dont il est actuellement le co-Fondateur et vice-Pr\u00e9sident. L\u2019UMAA qui a \u00e9t\u00e9 \u00e0 l\u2019origine d\u2019une s\u00e9rie d\u2019\u00e9v\u00e9nements automobiles de belle facture au Maroc et en France avec pour objectif la valorisation du patrimoine automobile marocain. Le Classic Cars Expo en est l\u2019illustration parfaite. Malgr\u00e9 ses multiples occupations professionnelles, Rafik Lahlou n\u2019h\u00e9site pas l\u2019ombre d\u2019un instant \u00e0 donner de son temps pour faire partager sa passion. Aussi, il a pris part d\u00e9but 2019, en qualit\u00e9 de membre du jury, \u00e0 l\u2019\u00e9lection de la Voiture de l\u2019Ann\u00e9e au Maroc et demeure un \u00abcar blogger\u00bb tr\u00e8s actif sur les r\u00e9seaux sociaux, compte tenu des multiples comptes qu\u2019il alimente quotidiennement (Classic cars morocco, Cooldrives, Tomobile.net Officiel\u2026). Soucieux du devenir de l\u2019automobile et de l\u2019importance du d\u00e9veloppement technologique notamment dans le domaine de la mobilit\u00e9 durable, il n\u2019h\u00e9site pas \u00e0 dispenser ses pr\u00e9cieux conseils et autres recommandations en tant que consultant automobile.<\/p>\n<div class=\"vw-sticky-sidebar-wrapper vw-sticky-sidebar widget_text awac-wrapper widget_text awac widget custom_html-4 textwidget custom-html-widget\">\n<p class=\"has-background c14\"><span class=\"widget-title c13\">Tribune et D\u00e9bats<\/span><\/p>\n<p>La tribune qui vous parle d\u2019une actu, d\u2019un sujet qui fait d\u00e9bat, les traitent et les analysent. \u00c9conomistes et autres experts, patrons d\u2019entreprises, d\u00e9cideurs, acteurs de la soci\u00e9t\u00e9 civile, s\u2019y prononcent et contribuent \u00e0 sa grande richesse. Vous avez votre opinion, convergente ou diff\u00e9rente. Exprimez-la et mesurez-vous ainsi \u00e0 nos tribuns et d\u00e9batteurs.<\/p>\n<p>Envoyez vos analyses \u00e0 : <a href=\"\/cdn-cgi\/l\/email-protection#583b37362c393b2c183b303934343d363f3d763539\"><span class=\"__cf_email__\" data-cfemail=\"9ffcf0f1ebfefcebdffcf7fef3f3faf1f8fab1f2fe\">[email\u00a0protected]<\/span><\/a>, en pr\u00e9cisant votre nom, votre pr\u00e9nom et votre m\u00e9tier.<\/p>\n<\/div>\n<p>Auteur: David J\u00e9r\u00e9mie<br \/>\n<a href=\"https:\/\/www.challenge.ma\/nomination-rafik-lahlou-integre-la-commission-communication-de-la-fiva-145587\/\">Cliquez ici pour lire l&rsquo;article depuis sa source.<\/a><\/p>\n","protected":false},"excerpt":{"rendered":"<p>Excellente nouvelle\u00a0! Rafik Lahlou vient d\u2019\u00eatre nomm\u00e9 membre de la Commission communication (social media) de la\u00a0F\u00e9d\u00e9ration Internationale des V\u00e9hicules Anciens\u00a0(FIVA), une association de grande envergure qui n\u2019a d\u2019autres objectifs que de pr\u00e9server et de valoriser les v\u00e9hicules anciens de par le monde. Une nouvelle responsabilit\u00e9 pour l\u2019actuel\u00a0vice\u2013pr\u00e9sident des Relations ext\u00e9rieures\u00a0de l\u2019Union Marocaine des\u00a0Automobiles\u00a0Anciennes (UMAA) qu\u2019il [&hellip;]<\/p>\n","protected":false},"author":1787,"featured_media":0,"comment_status":"closed","ping_status":"closed","sticky":false,"template":"","format":"standard","meta":{"fifu_image_url":"","fifu_image_alt":"","footnotes":""},"categories":[78,54],"tags":[],"class_list":["post-89626","post","type-post","status-publish","format-standard","hentry","category-economie","category-maroc"],"_links":{"self":[{"href":"https:\/\/linitiative.ca\/International\/wp-json\/wp\/v2\/posts\/89626","targetHints":{"allow":["GET"]}}],"collection":[{"href":"https:\/\/linitiative.ca\/International\/wp-json\/wp\/v2\/posts"}],"about":[{"href":"https:\/\/linitiative.ca\/International\/wp-json\/wp\/v2\/types\/post"}],"author":[{"embeddable":true,"href":"https:\/\/linitiative.ca\/International\/wp-json\/wp\/v2\/users\/1787"}],"replies":[{"embeddable":true,"href":"https:\/\/linitiative.ca\/International\/wp-json\/wp\/v2\/comments?post=89626"}],"version-history":[{"count":0,"href":"https:\/\/linitiative.ca\/International\/wp-json\/wp\/v2\/posts\/89626\/revisions"}],"wp:attachment":[{"href":"https:\/\/linitiative.ca\/International\/wp-json\/wp\/v2\/media?parent=89626"}],"wp:term":[{"taxonomy":"category","embeddable":true,"href":"https:\/\/linitiative.ca\/International\/wp-json\/wp\/v2\/categories?post=89626"},{"taxonomy":"post_tag","embeddable":true,"href":"https:\/\/linitiative.ca\/International\/wp-json\/wp\/v2\/tags?post=89626"}],"curies":[{"name":"wp","href":"https:\/\/api.w.org\/{rel}","templated":true}]}}