{"id":89627,"date":"2020-06-20T08:18:04","date_gmt":"2020-06-20T12:18:04","guid":{"rendered":"https:\/\/linitiative.ca\/International\/sante-et-economie-au-menu-des-quotidiens-et-hebdomadaires-marocains\/"},"modified":"2020-06-20T08:18:04","modified_gmt":"2020-06-20T12:18:04","slug":"sante-et-economie-au-menu-des-quotidiens-et-hebdomadaires-marocains","status":"publish","type":"post","link":"https:\/\/linitiative.ca\/International\/sante-et-economie-au-menu-des-quotidiens-et-hebdomadaires-marocains\/","title":{"rendered":"Sant\u00e9 et \u00e9conomie au menu des quotidiens et hebdomadaires marocains"},"content":{"rendered":"<div readability=\"32\">\n<p>Publi\u00e9 le 20.06.2020 \u00e0 13h18 par APA News<\/p>\n<\/div>\n<div readability=\"137\">\n<p>La r\u00e9activit\u00e9 du Maroc face au coronavirus, le r\u00f4le du secteur bancaire en p\u00e9riode de crise et la relance \u00e9conomique sont les principaux sujets trait\u00e9s par les hebdomadaires et quotidiens marocains parus ce samedi.+L\u2019Observateur du Maroc et d\u2019Afrique+ \u00e9crit que \u00a0\u00ab le Maroc sort grandi de la crise du coronavirus. La r\u00e9action a \u00e9t\u00e9 imm\u00e9diate, efficace, mais surtout humaniste\u00bb.<\/p>\n<p>Le Maroc sort grandi parce qu\u2019\u00e0 l\u2019annonce du confinement, le peuple a \u00e9t\u00e9 tr\u00e8s disciplin\u00e9 non pas par panique, mais parce qu\u2019il a compris, que, SM le Roi Mohammed VI dans son r\u00f4le protecteur, le lui demandait, poursuit l\u2019hebdomadaire, notant que cette relation fusionnelle donne au Maroc une force exceptionnelle.<\/p>\n<p>Dans les \u00e9preuves \u00e0 venir, ainsi que dans la crise socio-\u00e9conomique que le monde conna\u00eetra, le Maroc pourra s\u2019appuyer sur cette relation entre le Souverain et tout un chacun, conclut-il.<\/p>\n<p>Revenant sur la d\u00e9cision de la Banque Centrale de baisser son taux directeur \u00e0 1,50 %, +Challenge+ souligne que cela signifie que les banques pourront disposer de plus de liquidit\u00e9s pour financer l\u2019\u00e9conomie et ce, \u00e0 des taux qui ne soient pas prohibitifs pour les entreprises et les particuliers, mais qui assurent une marge b\u00e9n\u00e9ficiaire aux banques.<\/p>\n<p>Le Maroc n\u2019a aucun int\u00e9r\u00eat \u00e0 affaiblir son secteur bancaire qui est aux normes internationales les plus \u00e9lev\u00e9es, lance la publication, faisant savoir que sans la r\u00e9silience du syst\u00e8me bancaire, le Maroc se serait effondr\u00e9 lors du programme d\u2019ajustement structurel.<\/p>\n<p>Pour sa part, +la Vie \u00e9co+ rel\u00e8ve que depuis quelques jours, c\u2019est la deuxi\u00e8me \u00e9preuve qui commence pour le Maroc, soulignant qu\u2019elle est d\u2019une tout autre nature et sera certainement tout aussi difficile. Cette \u00e9preuve sera \u00e0 caract\u00e8re social et \u00e9conomique et aura pour sujet principal la relance, explique-t-il, notant qu\u2019elle pourrait durer plusieurs mois, \u00eatre plus complexe et plus p\u00e9rilleuse.<\/p>\n<p>Avec le m\u00eame \u00e9tat d\u2019esprit d\u2019union, de solidarit\u00e9, de r\u00e9activit\u00e9, et la m\u00eame foi, la relance de l\u2019\u00e9conomie marocaine sera certainement plus rapide et plus vigoureuse que ce qui est avanc\u00e9 par les pronostics\u2026estime-t-il.<\/p>\n<p>+Lib\u00e9ration+ se demande si les efforts longtemps consentis par les citoyennes et citoyens des r\u00e9gions de Rabat-Sal\u00e9-K\u00e9nitra et Tanger-T\u00e9touan-Al Hoceima ont-ils \u00e9t\u00e9 vains ? A en croire le bilan \u00e9pid\u00e9mique publi\u00e9 vendredi par le minist\u00e8re de la Sant\u00e9, on est tent\u00e9 de r\u00e9pondre par l\u2019affirmative. Oui, ils comptent pour du beurre. En cause Des fraises. On vous rassure, ce n\u2019est pas la recette d\u2019un succulent dessert, mais plut\u00f4t celle d\u2019une situation qui, \u00e0 d\u00e9faut d\u2019\u00eatre alarmante, est frustrante.<\/p>\n<p>Apr\u00e8s s\u2019\u00eatre l\u00e9gitimement r\u00e9joui la semaine derni\u00e8re d\u2019un nombre de cas positifs de plus en plus bas dans les r\u00e9gions de la Zone 2, les nouveaux foyers professionnels apparus au c\u0153ur d\u2019une usine de conditionnement de fraises dans la r\u00e9gion de Lalla Mimouna, ainsi que dans les fermes de cueillette de fraises et leurs usines de conditionnement \u00e0 Larache et Ksar El Kebir ont fait basculer le sens de l\u2019histoire du mauvais c\u00f4t\u00e9, \u00e9crit-il.<\/p>\n<p>+Finance News Hebdo+ note que le secteur n\u00e9vralgique de l\u2019\u00e9conomie nationale, qu\u2019est le transport est une activit\u00e9 cl\u00e9 pour r\u00e9ussir la reprise. Les restrictions sur les d\u00e9placements, notamment entre les villes, ont impact\u00e9 plusieurs branches d\u2019activit\u00e9s, soit en emp\u00eachant la main-d\u2019\u0153uvre de regagner son lieu de travail, ou la distribution des marchandises ou encore la livraison des mati\u00e8res de production.<\/p>\n<p>La fili\u00e8re du transport de voyageurs est la plus impact\u00e9e et les professionnels commencent \u00e0 monter au cr\u00e9neau pour d\u00e9noncer le manque de visibilit\u00e9. Ils appellent le gouvernement \u00e0 prendre les dispositions n\u00e9cessaires pour tracer au plus vite une feuille de route pr\u00e9cise et soutenir les entreprises impact\u00e9es afin qu\u2019elles puissent red\u00e9marrer.<\/p>\n<p>+Al Massae+ se fait l\u2019\u00e9cho d\u2019une \u00e9tude r\u00e9alis\u00e9e r\u00e9cemment selon laquelle 70% des Marocains veulent voyager \u00e0 l\u2019int\u00e9rieur du pays apr\u00e8s de longues semaines de confinement.<\/p>\n<p>Par ailleurs, l\u2019\u00e9tude montre que 60% des personnes interview\u00e9es pr\u00e9f\u00e8rent attendre encore un mois avant de faire leurs valises, sans pour autant laisser tomber l\u2019id\u00e9e du voyage. La m\u00eame source indique que 36.5% des personnes sond\u00e9es comptent rendre des visites \u00e0 leurs familles, 29.1% veulent se rendre dans des stations baln\u00e9aires, alors que 26.6 pr\u00e9f\u00e8rent les sites naturels.<\/p>\n<\/div>\n<p>Auteur: APA News<br \/>\n<a href=\"https:\/\/www.journalducameroun.com\/sante-et-economie-au-menu-des-quotidiens-et-hebdomadaires-marocains\/\">Cliquez ici pour lire l&rsquo;article depuis sa source.<\/a><\/p>\n","protected":false},"excerpt":{"rendered":"<p>Publi\u00e9 le 20.06.2020 \u00e0 13h18 par APA News La r\u00e9activit\u00e9 du Maroc face au coronavirus, le r\u00f4le du secteur bancaire en p\u00e9riode de crise et la relance \u00e9conomique sont les principaux sujets trait\u00e9s par les hebdomadaires et quotidiens marocains parus ce samedi.+L\u2019Observateur du Maroc et d\u2019Afrique+ \u00e9crit que \u00a0\u00ab le Maroc sort grandi de la [&hellip;]<\/p>\n","protected":false},"author":1965,"featured_media":0,"comment_status":"closed","ping_status":"closed","sticky":false,"template":"","format":"standard","meta":{"fifu_image_url":"","fifu_image_alt":"","footnotes":""},"categories":[73,82],"tags":[],"class_list":["post-89627","post","type-post","status-publish","format-standard","hentry","category-actualite","category-cameroun"],"_links":{"self":[{"href":"https:\/\/linitiative.ca\/International\/wp-json\/wp\/v2\/posts\/89627","targetHints":{"allow":["GET"]}}],"collection":[{"href":"https:\/\/linitiative.ca\/International\/wp-json\/wp\/v2\/posts"}],"about":[{"href":"https:\/\/linitiative.ca\/International\/wp-json\/wp\/v2\/types\/post"}],"author":[{"embeddable":true,"href":"https:\/\/linitiative.ca\/International\/wp-json\/wp\/v2\/users\/1965"}],"replies":[{"embeddable":true,"href":"https:\/\/linitiative.ca\/International\/wp-json\/wp\/v2\/comments?post=89627"}],"version-history":[{"count":0,"href":"https:\/\/linitiative.ca\/International\/wp-json\/wp\/v2\/posts\/89627\/revisions"}],"wp:attachment":[{"href":"https:\/\/linitiative.ca\/International\/wp-json\/wp\/v2\/media?parent=89627"}],"wp:term":[{"taxonomy":"category","embeddable":true,"href":"https:\/\/linitiative.ca\/International\/wp-json\/wp\/v2\/categories?post=89627"},{"taxonomy":"post_tag","embeddable":true,"href":"https:\/\/linitiative.ca\/International\/wp-json\/wp\/v2\/tags?post=89627"}],"curies":[{"name":"wp","href":"https:\/\/api.w.org\/{rel}","templated":true}]}}