{"id":89631,"date":"2020-06-20T17:18:04","date_gmt":"2020-06-20T21:18:04","guid":{"rendered":"https:\/\/linitiative.ca\/International\/le-maroc-offre-des-equipements-medicaux-a-la-cote-divoire-contre-la-covid-19\/"},"modified":"2020-06-20T17:18:04","modified_gmt":"2020-06-20T21:18:04","slug":"le-maroc-offre-des-equipements-medicaux-a-la-cote-divoire-contre-la-covid-19","status":"publish","type":"post","link":"https:\/\/linitiative.ca\/International\/le-maroc-offre-des-equipements-medicaux-a-la-cote-divoire-contre-la-covid-19\/","title":{"rendered":"Le Maroc offre des \u00e9quipements m\u00e9dicaux \u00e0 la C\u00f4te d\u2019Ivoire contre la Covid-19"},"content":{"rendered":"<div readability=\"32\">\n<p>Publi\u00e9 le 20.06.2020 \u00e0 22h18 par APA News<\/p>\n<\/div>\n<div readability=\"66\">\n<p>Des \u00e9quipements contre la Covid-19 offerts par le Roi du Maroc, Mohamed VI \u00e0 la C\u00f4te d\u2019Ivoire, sont arriv\u00e9s samedi \u00e0 l\u2019a\u00e9roport international F\u00e9lix Houphou\u00ebt-Boigny d\u2019Abidjan o\u00f9 ils ont \u00e9t\u00e9 r\u00e9ceptionn\u00e9s par les autorit\u00e9s ivoiriennes, a appris APA sur place dans la capitale \u00e9conomique ivoirienne.Cette assistance m\u00e9dicale s\u2019inscrit dans le cadre d\u2019un ensemble d\u2019aides accord\u00e9es par le souverain ch\u00e9rifien \u00e0 plusieurs pays africains pour les aider \u00e0 lutter contre la Covid-19. L\u2019aide m\u00e9dicale marocaine \u00a0compos\u00e9e de pr\u00e8s de 8 millions de masques, 900.000 visi\u00e8res, 600.000 charlottes, 60.000 blouses, 30.000 litres de gel hydroalcoolique, ainsi que 75.000 bo\u00eetes de chloroquine et 15.000 boites d\u2019Azithromycine a \u00e9t\u00e9 r\u00e9ceptionn\u00e9e par Ally Coulibaly, le ministre ivoirien des Affaires \u00e9trang\u00e8res et son coll\u00e8gue de la sant\u00e9 et de l\u2019hygi\u00e8ne publique, Aka Aou\u00e9l\u00e9 Eug\u00e8ne.\u00a0<\/p>\n<p>A cette occasion, \u00a0Ally Coulibaly, le ministre des Affaires \u00e9trang\u00e8res a dit la gratitude de la C\u00f4te d\u2019Ivoire au Maroc pour ce geste de solidarit\u00e9.\u00a0<\/p>\n<p>Pour sa part, l\u2019Ambassadeur du Maroc en C\u00f4te d\u2019Ivoire, Abdelmalek Kettani a indiqu\u00e9 \u00a0que cette aide m\u00e9dicale \u00e0 la C\u00f4te d\u2019Ivoire illustre une fois de plus les actes \u201cforts et tangibles\u201d du Roi Mohammed VI envers l\u2019Afrique et la \u00ab vision clairvoyante du Souverain ch\u00e9rifien pour une Afrique solidaire\u00bb. \u00a0<\/p>\n<p>Cette action de solidarit\u00e9 s\u2019inscrit dans le cadre de la mise en \u0153uvre de l\u2019Initiative lanc\u00e9e par le Roi Mohamed VI le 13 avril 2020. Elle est destin\u00e9e aux pays africains et permet un partage d\u2019exp\u00e9riences et de bonnes pratiques visant \u00e0 \u00e9tablir un cadre op\u00e9rationnel afin d\u2019accompagner leurs efforts dans les diff\u00e9rentes phases de gestion de la pand\u00e9mie.\u00a0<\/p>\n<p>A la date du samedi 20 juin 2020, \u00a0la C\u00f4te d\u2019Ivoire \u00a0enregistre 7276 cas confirm\u00e9s de la Covid-19 avec 2992 gu\u00e9ris et 52 d\u00e9c\u00e8s.<\/p>\n<\/div>\n<p>Auteur: APA News<br \/>\n<a href=\"https:\/\/www.journalducameroun.com\/le-maroc-offre-des-equipements-medicaux-a-la-cote-divoire-contre-la-covid-19\/\">Cliquez ici pour lire l&rsquo;article depuis sa source.<\/a><\/p>\n","protected":false},"excerpt":{"rendered":"<p>Publi\u00e9 le 20.06.2020 \u00e0 22h18 par APA News Des \u00e9quipements contre la Covid-19 offerts par le Roi du Maroc, Mohamed VI \u00e0 la C\u00f4te d\u2019Ivoire, sont arriv\u00e9s samedi \u00e0 l\u2019a\u00e9roport international F\u00e9lix Houphou\u00ebt-Boigny d\u2019Abidjan o\u00f9 ils ont \u00e9t\u00e9 r\u00e9ceptionn\u00e9s par les autorit\u00e9s ivoiriennes, a appris APA sur place dans la capitale \u00e9conomique ivoirienne.Cette assistance m\u00e9dicale [&hellip;]<\/p>\n","protected":false},"author":1965,"featured_media":0,"comment_status":"closed","ping_status":"closed","sticky":false,"template":"","format":"standard","meta":{"fifu_image_url":"","fifu_image_alt":"","footnotes":""},"categories":[73,82],"tags":[],"class_list":["post-89631","post","type-post","status-publish","format-standard","hentry","category-actualite","category-cameroun"],"_links":{"self":[{"href":"https:\/\/linitiative.ca\/International\/wp-json\/wp\/v2\/posts\/89631","targetHints":{"allow":["GET"]}}],"collection":[{"href":"https:\/\/linitiative.ca\/International\/wp-json\/wp\/v2\/posts"}],"about":[{"href":"https:\/\/linitiative.ca\/International\/wp-json\/wp\/v2\/types\/post"}],"author":[{"embeddable":true,"href":"https:\/\/linitiative.ca\/International\/wp-json\/wp\/v2\/users\/1965"}],"replies":[{"embeddable":true,"href":"https:\/\/linitiative.ca\/International\/wp-json\/wp\/v2\/comments?post=89631"}],"version-history":[{"count":0,"href":"https:\/\/linitiative.ca\/International\/wp-json\/wp\/v2\/posts\/89631\/revisions"}],"wp:attachment":[{"href":"https:\/\/linitiative.ca\/International\/wp-json\/wp\/v2\/media?parent=89631"}],"wp:term":[{"taxonomy":"category","embeddable":true,"href":"https:\/\/linitiative.ca\/International\/wp-json\/wp\/v2\/categories?post=89631"},{"taxonomy":"post_tag","embeddable":true,"href":"https:\/\/linitiative.ca\/International\/wp-json\/wp\/v2\/tags?post=89631"}],"curies":[{"name":"wp","href":"https:\/\/api.w.org\/{rel}","templated":true}]}}